{"id":91209,"date":"2026-05-20T06:49:14","date_gmt":"2026-05-20T06:49:14","guid":{"rendered":"https:\/\/www.europesays.com\/cz\/91209\/"},"modified":"2026-05-20T06:49:14","modified_gmt":"2026-05-20T06:49:14","slug":"nato-cvici-jak-predejit-utoku-ruska-cesi-posilaji-na-slovensko-pandury","status":"publish","type":"post","link":"https:\/\/www.europesays.com\/cz\/91209\/","title":{"rendered":"NATO cvi\u010d\u00ed, jak p\u0159edej\u00edt \u00fatoku Ruska. \u010ce\u0161i pos\u00edlaj\u00ed na Slovensko Pandury"},"content":{"rendered":"<p class=\"e_bX\">Alian\u010dn\u00ed strat\u00e9gov\u00e9 jsou p\u0159esv\u011bd\u010den\u00ed, \u017ee pro odrazen\u00ed rusk\u00e9ho \u00fatoku je z\u00e1sadn\u00ed bleskov\u00e1 reakce je\u0161t\u011b p\u0159edt\u00edm, ne\u017e se konflikt rozho\u0159\u00ed.<\/p>\n<p class=\"e_bX\">\u201eNa\u0161e pl\u00e1ny jsou postaven\u00e9 na odstra\u0161en\u00ed,\u201c souhlas\u00ed s\u00a0nimi \u0161\u00e9f velitelstv\u00ed pro operace \u010desk\u00e9 arm\u00e1dy gener\u00e1l V\u00e1clav Vl\u010dek.<\/p>\n<p class=\"e_bX\">Tyto alian\u010dn\u00ed obrann\u00e9 pl\u00e1ny \u010d\u00edtaj\u00ed stovky str\u00e1nek, kde je detailn\u011b rozeps\u00e1no, kdo, co, kde a\u00a0jak rychle m\u00e1 d\u011blat, nap\u0159\u00edklad v\u00a0situaci, kdy by Rusko za\u010dalo p\u0159esouvat svoje voj\u00e1ky k\u00a0v\u00edce ne\u017e dva tis\u00edce kilometr\u016f dlouh\u00e9 hranici, kterou s\u00a0Alianc\u00ed sd\u00edl\u00ed.<\/p>\n<p class=\"e_bX\">Samotn\u00e9 odstra\u0161en\u00ed m\u00e1 n\u011bkolik stup\u0148\u016f. U\u017e nyn\u00ed je na v\u00fdchodn\u00edm okraji NATO osm mnohon\u00e1rodn\u00edch bojov\u00fdch brig\u00e1d, kter\u00e9 jsou v\u00a0p\u0159\u00edpad\u011b probl\u00e9m\u016f prvn\u00ed \u201ena r\u00e1n\u011b\u201c. \u010cesko m\u00e1 sv\u00e9 voj\u00e1ky ve t\u0159ech z\u00a0nich: v\u00a0Loty\u0161sku, Litv\u011b a\u00a0na Slovensku. <\/p>\n<p class=\"e_bX\">A\u00a0pr\u00e1v\u011b pos\u00edlen\u00ed \u201eslovensk\u00e9 brig\u00e1dy\u201c te\u010f \u010desk\u00e1 arm\u00e1da spole\u010dn\u011b s\u00a0dal\u0161\u00edmi zem\u011bmi, kter\u00e9 do n\u00ed p\u0159isp\u00edvaj\u00ed, testuje v\u00a0r\u00e1mci cvi\u010den\u00ed Strong Lineage. Uskute\u010dn\u00ed se na Slovensku a\u00a0v Ma\u010farsku a\u00a0zapoj\u00ed se do n\u011bj t\u00e9m\u011b\u0159 t\u0159i tis\u00edce alian\u010dn\u00edch voj\u00e1k\u016f.<\/p>\n<p><a data-dot=\"mol-article-card-media\" aria-hidden=\"true\" tabindex=\"-1\" href=\"https:\/\/www.seznamzpravy.cz\/clanek\/domaci-zivot-v-cesku-poprve-v-ostre-akci-cesi-vysilaji-sve-americke-vrtulniky-proti-ruskym-dronum-300566\" class=\"e_n f_l1\" rel=\"nofollow noopener\" target=\"_blank\"><img fetchpriority=\"high\" height=\"1012\"   width=\"1800\" src=\"https:\/\/www.europesays.com\/cz\/wp-content\/uploads\/2026\/03\/venom.jpeg\" loading=\"eager\" decoding=\"sync\" class=\"e_aa e_Z\"\/><\/a><\/p>\n<p class=\"e_bX\">V \u00fater\u00fd a\u00a0ve st\u0159edu tak ze z\u00e1kladny v\u00a0T\u00e1bo\u0159e vyjelo n\u011bkolik vojensk\u00fdch kolon sm\u011br v\u00fdchod. Celkem se maj\u00ed do vojensk\u00e9ho \u00fajezdu pobl\u00ed\u017e m\u011bsta Le\u0161\u0165 ve st\u0159edn\u00edm Slovensku, kde brig\u00e1da s\u00eddl\u00ed, p\u0159esunout asi t\u0159i stovky \u010desk\u00fdch voj\u00e1k\u016f ze 42.\u00a0mechanizovan\u00e9ho praporu. S\u00a0sebou berou i\u00a0obrn\u011bn\u00e9 kolov\u00e9 transport\u00e9ry Pandur.<\/p>\n<p class=\"e_bX\">\u201eJ\u00e1dro brig\u00e1dy je na m\u00edst\u011b, na Slovensku. Za \u010cesko je tam jedna rota, zbytek praporu je p\u0159ipraven\u00fd tady v\u00a0\u010cesku a\u00a0v p\u0159\u00edpad\u011b pot\u0159eby dojede na Slovensko v\u00a0\u0159\u00e1du n\u011bkolika dn\u016f,\u201c objas\u0148uje Vl\u010dek. Pr\u00e1v\u011b aktivace t\u011bchto jednotek \u201ena zavol\u00e1n\u00ed\u201c se te\u010f prov\u011b\u0159uje.<\/p>\n<p class=\"e_bX\">Krom\u011b \u010desk\u00fdch voj\u00e1k\u016f se na Slovensko a\u00a0do Ma\u010farska p\u0159esouvaj\u00ed i\u00a0jednotky\u00a0dal\u0161\u00edch zem\u00ed, t\u0159eba ze \u0160pan\u011blska nebo\u00a0Portugalska. Ty pak do st\u0159edn\u00ed Evropy cestuj\u00ed \u010d\u00e1ste\u010dn\u011b po mo\u0159i.<\/p>\n<p>P\u0159ipraveni k\u00a0boji<\/p>\n<p class=\"e_bX\">Samotn\u00fdm p\u0159esunem ale cvi\u010den\u00ed nekon\u010d\u00ed. Pot\u00e9, co v\u0161ichni doraz\u00ed na m\u00edsto, se mus\u00ed spojit s\u00a0ostatn\u00edmi a\u00a0p\u0159ipravit se na potenci\u00e1ln\u00ed boj. K\u00a0tomu by do\u0161lo, pokud by ani takov\u00fd masivn\u00ed man\u00e9vr na pos\u00edlen\u00ed brig\u00e1d na v\u00fdchodn\u00edm k\u0159\u00eddle Moskvu neodradil od agrese.<\/p>\n<p class=\"e_bX\">\u201eTo je podstatn\u00e9, mus\u00ed b\u00fdt p\u0159ipraveni na \u00fakol, kter\u00fd maj\u00ed plnit, to znamen\u00e1, \u017ee mus\u00ed b\u00fdt vycvi\u010den\u00ed, certifikovan\u00ed a\u00a0m\u00edt k\u00a0dispozici v\u0161echnu techniku, materi\u00e1l a\u00a0z\u00e1soby,\u201c vysv\u011btluje Vl\u010dek.<\/p>\n<p><a data-dot=\"mol-article-card-media\" aria-hidden=\"true\" tabindex=\"-1\" href=\"https:\/\/www.seznamzpravy.cz\/clanek\/domaci-zivot-v-cesku-armada-spocitala-co-ji-ceka-pri-usporach-utajeny-spis-vesti-hlubokou-krizi-301321\" class=\"e_n f_l1\" rel=\"nofollow noopener\" target=\"_blank\"><img height=\"538\"   width=\"956\" src=\"https:\/\/www.europesays.com\/cz\/wp-content\/uploads\/2026\/03\/1773498850_178_tank-leopard-2a8.jpeg\" loading=\"eager\" decoding=\"sync\" class=\"e_aa e_Z\"\/><\/a><\/p>\n<p class=\"e_bX\">\u201eJedn\u00e1 se o\u00a0prov\u011brku z\u00e1vazku \u010cesk\u00e9 republiky, kter\u00fd spo\u010d\u00edv\u00e1 v\u00a0tom, \u017ee vy\u010dlen\u00edme dv\u011b brig\u00e1dn\u00ed uskupen\u00ed (pro kolektivn\u00ed obranu) a\u00a0budeme procvi\u010dovat schopnost nasazen\u00ed praporu. Tak\u017ee prok\u00e1\u017eeme v\u016f\u010di NATO schopnost p\u0159esunout se na Slovensko v\u00a0re\u00e1ln\u00e9m \u010dase,\u201c dod\u00e1v\u00e1. <\/p>\n<p>Revolu\u010dn\u00ed pl\u00e1ny<\/p>\n<p class=\"e_bX\">Aktu\u00e1ln\u00ed obrann\u00e9 pl\u00e1ny NATO schv\u00e1lili prezidenti a\u00a0premi\u00e9\u0159i \u010dlensk\u00fdch zem\u00ed p\u0159ed t\u0159emi lety na summitu ve Vilniusu. N\u00e1\u010deln\u00edk gener\u00e1ln\u00edho \u0161t\u00e1bu Karel \u0158ehka je <a data-dot=\"atm-link\" target=\"_blank\" rel=\"noopener nofollow\" href=\"https:\/\/www.irozhlas.cz\/zpravy-svet\/nato-summit-obranne-plany-karel-rehka-jakub-landovsky-armada_2307130600_gut\" class=\"e_n\">ozna\u010dil <\/a>za \u201erevolu\u010dn\u00ed\u201c. <\/p>\n<p class=\"e_bX\">\u201eTakto rozpracovan\u00e9 obrann\u00e9 pl\u00e1ny Aliance od konce 90.\u00a0let nem\u011bla. Nov\u00e9 pl\u00e1ny jsou velk\u00fd revolu\u010dn\u00ed skok a\u00a0pro Alianci obrovsk\u00fd posun. (\u2026) jsou opravdu realisti\u010dt\u011bj\u0161\u00ed, jsou chystan\u00e9 na obranu cel\u00e9ho teritoria Aliance, a\u00a0to od prvn\u00ed vte\u0159iny,\u201c <a data-dot=\"atm-link\" target=\"_blank\" rel=\"noopener nofollow\" href=\"https:\/\/www.irozhlas.cz\/zpravy-svet\/nato-summit-obranne-plany-karel-rehka-jakub-landovsky-armada_2307130600_gut\" class=\"e_n\">\u0159ekl <\/a>tehdy v\u00a0rozhovoru pro iROZHLAS.cz.<\/p>\n<p class=\"e_bX\">Z\u00e1sadn\u00ed <a data-dot=\"atm-link\" target=\"_blank\" rel=\"noopener nofollow\" href=\"https:\/\/www.irozhlas.cz\/zpravy-domov\/nato-cviceni-steadfast-dart-armada-sily-rychle-reakce_2602201250_gut\" class=\"e_n\">novinkou<\/a> oproti star\u00e9 verzi je, \u017ee ka\u017ed\u00e1 \u010dlensk\u00e1 zem\u011b NATO nyn\u00ed v\u00ed, kter\u00e9 jednotky by v\u00a0krizi vyslala, kam by jely, co by tam d\u011blaly a\u00a0s k\u00fdm by spolupracovaly. <\/p>\n<p class=\"e_bX\">S pl\u00e1ny souvis\u00ed taky \u00fakoly, kter\u00e9 si mezi sebe zem\u011b rozd\u011blily. Alian\u010dn\u00ed pl\u00e1nova\u010di toti\u017e propo\u010d\u00edtali, co by bylo pot\u0159eba k\u00a0ochran\u011b \u00fazem\u00ed NATO, tedy kolik voj\u00e1k\u016f a\u00a0s jakou technikou. Co kdo pro spole\u010dnou obranu dod\u00e1, si mezi sebe nov\u011b p\u0159erozd\u011blily \u010dlensk\u00e9 zem\u011b loni na summitu v\u00a0Haagu.<\/p>\n<p class=\"e_bX\">\u010cesko &#8211; krom\u011b toho, \u017ee by jeho voj\u00e1ci odjeli bojovat tak, jak procvi\u010duj\u00ed nyn\u00ed ve cvi\u010den\u00ed Strong Lineage &#8211; by se d\u00edky sv\u00e9 poloze stalo hlavn\u011b tranzitn\u00ed zem\u00ed pro ostatn\u00ed spojence.<\/p>\n<p class=\"e_bX\">\u201eNa\u0161\u00edm hlavn\u00edm \u00fakolem by nebylo p\u0159\u00edm\u00e9 veden\u00ed boj\u016f na vlastn\u00edm \u00fazem\u00ed, ale zaji\u0161t\u011bn\u00ed bezprobl\u00e9mov\u00e9ho p\u0159esunu statis\u00edc\u016f spojeneck\u00fdch voj\u00e1k\u016f a\u00a0t\u011b\u017ek\u00e9 techniky ze z\u00e1padn\u00ed a\u00a0ji\u017en\u00ed Evropy sm\u011brem na polskou nebo slovenskou hranici,\u201c \u0159\u00edk\u00e1 k\u00a0tomu bezpe\u010dnostn\u00ed analytik z\u00a0Masarykovy univerzity v\u00a0Brn\u011b Josef Kraus.<\/p>\n<p class=\"e_bX\">\u201eP\u0159esuny by prob\u00edhaly prim\u00e1rn\u011b po \u017eeleznici, pro t\u011b\u017ekou techniku, jako jsou tanky a\u00a0d\u011blost\u0159electvo, a\u00a0v koordinovan\u00fdch silni\u010dn\u00edch konvoj\u00edch po d\u00e1lnic\u00edch D1, D2, D5\u00a0a\u00a0D11.\u00a0Tento pohyb by byl striktn\u011b \u0159\u00edzen Vojenskou polici\u00ed a\u00a0civiln\u00edmi slo\u017ekami, aby nedo\u0161lo k\u00a0tot\u00e1ln\u00edmu kolapsu dopravn\u00ed s\u00edt\u011b,\u201c dopl\u0148uje Kraus obraz, jak by to v\u00a0praxi vypadalo.<\/p>\n<p class=\"e_bX\">\u010cesko taky loni v\u00a0Haagu p\u0159ijalo z\u00e1vazek, \u017ee pos\u00edl\u00ed svou protivzdu\u0161nou obranu, dal\u0161\u00ed po\u017eadavky Aliance na \u010cesko jsou tajn\u00e9. <\/p>\n<p class=\"e_bX\">\u0160\u00e9f arm\u00e1dy \u0158ehka v\u00a0souvislosti s\u00a0t\u00edm ale u\u017e \u0159ekl, \u017ee bude pot\u0159eba nabrat v\u00edc voj\u00e1k\u016f. Aktu\u00e1ln\u011b platn\u00fd c\u00edl je 30\u00a0tis\u00edc mu\u017e\u016f a\u00a0\u017een v\u00a0uniform\u011b do roku 2030, nov\u011b by se m\u011bla la\u0165ka zvednout na 37,5\u00a0tis\u00edce. Jak\u00e9 zm\u011bny bude pot\u0159eba v\u00a0arm\u00e1d\u011b ud\u011blat, uk\u00e1\u017ee jej\u00ed nov\u00e1 koncepce. Tu m\u00e1 ministr obrany Jarom\u00edr Z\u016fna (SPD) p\u0159edstavit premi\u00e9rovi Andreji Babi\u0161ovi (ANO) ve st\u0159edu.<\/p>\n","protected":false},"excerpt":{"rendered":"Alian\u010dn\u00ed strat\u00e9gov\u00e9 jsou p\u0159esv\u011bd\u010den\u00ed, \u017ee pro odrazen\u00ed rusk\u00e9ho \u00fatoku je z\u00e1sadn\u00ed bleskov\u00e1 reakce je\u0161t\u011b p\u0159edt\u00edm, ne\u017e se konflikt&hellip;\n","protected":false},"author":2,"featured_media":91210,"comment_status":"","ping_status":"","sticky":false,"template":"","format":"standard","meta":{"footnotes":"","_share_on_mastodon":"0"},"categories":[11],"tags":[922,25256,168,54,53,52],"class_list":["post-91209","post","type-post","status-publish","format-standard","has-post-thumbnail","category-svet","tag-armada-cr","tag-pandur","tag-severoatlanticka-aliance-nato","tag-svet","tag-world","tag-world-news"],"share_on_mastodon":{"url":"https:\/\/pubeurope.com\/@cz\/116605574529752184","error":""},"_links":{"self":[{"href":"https:\/\/www.europesays.com\/cz\/wp-json\/wp\/v2\/posts\/91209","targetHints":{"allow":["GET"]}}],"collection":[{"href":"https:\/\/www.europesays.com\/cz\/wp-json\/wp\/v2\/posts"}],"about":[{"href":"https:\/\/www.europesays.com\/cz\/wp-json\/wp\/v2\/types\/post"}],"author":[{"embeddable":true,"href":"https:\/\/www.europesays.com\/cz\/wp-json\/wp\/v2\/users\/2"}],"replies":[{"embeddable":true,"href":"https:\/\/www.europesays.com\/cz\/wp-json\/wp\/v2\/comments?post=91209"}],"version-history":[{"count":0,"href":"https:\/\/www.europesays.com\/cz\/wp-json\/wp\/v2\/posts\/91209\/revisions"}],"wp:featuredmedia":[{"embeddable":true,"href":"https:\/\/www.europesays.com\/cz\/wp-json\/wp\/v2\/media\/91210"}],"wp:attachment":[{"href":"https:\/\/www.europesays.com\/cz\/wp-json\/wp\/v2\/media?parent=91209"}],"wp:term":[{"taxonomy":"category","embeddable":true,"href":"https:\/\/www.europesays.com\/cz\/wp-json\/wp\/v2\/categories?post=91209"},{"taxonomy":"post_tag","embeddable":true,"href":"https:\/\/www.europesays.com\/cz\/wp-json\/wp\/v2\/tags?post=91209"}],"curies":[{"name":"wp","href":"https:\/\/api.w.org\/{rel}","templated":true}]}}