{"id":91773,"date":"2026-05-20T15:24:17","date_gmt":"2026-05-20T15:24:17","guid":{"rendered":"https:\/\/www.europesays.com\/cz\/91773\/"},"modified":"2026-05-20T15:24:17","modified_gmt":"2026-05-20T15:24:17","slug":"identita-milence-kucharove-odtajnena-bozsky-rad-slape-do-pedalu","status":"publish","type":"post","link":"https:\/\/www.europesays.com\/cz\/91773\/","title":{"rendered":"Identita milence Kucha\u0159ov\u00e9 odtajn\u011bna? Bo\u017esk\u00fd r\u00e1d \u0161lape do ped\u00e1l\u016f"},"content":{"rendered":"<p>Po bou\u0159liv\u00e9m rozvodu s Ond\u0159ejem Gregorem Brzobohat\u00fdm (43) nyn\u00ed Ta\u0165\u00e1na Kucha\u0159ov\u00e1 (38) p\u0159iznala, \u017ee je u\u017e n\u011bjak\u00fd \u010das zamilovan\u00e1. Identitu sv\u00e9ho partnera dlouho tajila, te\u010f se ale objevuj\u00ed nov\u00e9 stopy, kter\u00e9 nazna\u010duj\u00ed, kdo by mohl b\u00fdt jej\u00edm \u201ePanem Bo\u017esk\u00fdm\u201c.<\/p>\n<p>Mluvilo se o bohat\u00e9m cizinci nebo \u00fasp\u011b\u0161n\u00e9m podnikateli. Jen\u017ee realita m\u00e1 b\u00fdt \u00fapln\u011b jinde. Stopy te\u010f vedou ke sportovci \u2013 konkr\u00e9tn\u011b k profesion\u00e1ln\u00edmu cyklistovi, se kter\u00fdm ji m\u011blo spojovat i minul\u00e9 obdob\u00ed.<\/p>\n<p style=\"text-align: center;\">Video <a class=\"celebrity celebwiki\" href=\"https:\/\/celebwiki.blesk.cz\/osobnost\/1112\/tatana-kucharova\/\" target=\"_blank\" rel=\"nofollow noopener\">Ta\u0165\u00e1ny Kucha\u0159ov\u00e9<\/a> z Ibizy.<\/p>\n<p style=\"text-align: center;\">\n<p>    <a href=\"https:\/\/www.ahaonline.cz\/clanek\/zhave-drby\/234145\/drsna-reakce-kucharove-zasadni-krok-po-rozvodu-brzobohateho.html\" rel=\"nofollow noopener\" target=\"_blank\"><\/p>\n<p>        <img decoding=\"async\" src=\"https:\/\/www.europesays.com\/cz\/wp-content\/uploads\/2026\/05\/1779290656_69_9844869-crop.jpg\" alt=\"Drsn\u00e1 reakce Kucha\u0159ov\u00e9: Z\u00e1sadn\u00ed krok po rozvodu Brzobohat\u00e9ho\" title=\"Drsn\u00e1 reakce Kucha\u0159ov\u00e9: Z\u00e1sadn\u00ed krok po rozvodu Brzobohat\u00e9ho\" height=\"140\" width=\"220\" class=\"lazyload \" loading=\"lazy\" \/><\/p>\n<p>    <\/a><\/p>\n<p>Pr\u00e1v\u011b on ji m\u011bl k cyklistice p\u0159iv\u00e9st u\u017e p\u0159ed lety. A nejde o \u017e\u00e1dn\u00e9 rekrea\u010dn\u00ed je\u017ed\u011bn\u00ed. Naopak, dvojice m\u00e1 spole\u010dn\u011b br\u00e1zdit silni\u010dn\u00ed trasy a z\u00e1vodn\u00ed trat\u011b, v\u010detn\u011b \u0161pan\u011blsk\u00e9 Ibizy.<\/p>\n<p style=\"text-align: center;\">Ta\u0165\u00e1na Kucha\u0159ov\u00e1: Konec man\u017eelstv\u00ed jsem zvl\u00e1dla dob\u0159e, te\u010f p\u0159ijde anulace<\/p>\n<p>Podez\u0159en\u00ed p\u0159i\u017eivuj\u00ed i jej\u00ed posledn\u00ed sn\u00edmky z kola, kde se usm\u00edv\u00e1 od ucha k uchu. Podle v\u0161eho ji m\u00e1 nat\u00e1\u010det pr\u00e1v\u011b tajemn\u00fd partner jedouc\u00ed v cyklistick\u00e9 skupin\u011b. A tak se nab\u00edz\u00ed ot\u00e1zka: \u201e\u017d\u00e1dn\u00fd podnikatel, ale vrcholov\u00fd sportovec?\u201c<\/p>\n<p>    <a href=\"https:\/\/www.ahaonline.cz\/clanek\/zhave-drby\/234003\/a-je-to-tady-definitivni-krach-manzelstvi-brzobohatych-pravnici-v-akci.html\" rel=\"nofollow noopener\" target=\"_blank\"><\/p>\n<p>        <img decoding=\"async\" src=\"https:\/\/www.europesays.com\/cz\/wp-content\/uploads\/2026\/05\/1779290657_9_8645130.jpg\" alt=\"A je to tady, definitivn\u00ed krach man\u017eelstv\u00ed Brzobohat\u00fdch: Pr\u00e1vn\u00edci v akci?\" title=\"A je to tady, definitivn\u00ed krach man\u017eelstv\u00ed Brzobohat\u00fdch: Pr\u00e1vn\u00edci v akci?\" height=\"140\" width=\"220\" class=\"lazyload \" loading=\"lazy\" \/><\/p>\n<p>    <\/a><\/p>\n<p>\u00a0<\/p>\n","protected":false},"excerpt":{"rendered":"Po bou\u0159liv\u00e9m rozvodu s Ond\u0159ejem Gregorem Brzobohat\u00fdm (43) nyn\u00ed Ta\u0165\u00e1na Kucha\u0159ov\u00e1 (38) p\u0159iznala, \u017ee je u\u017e n\u011bjak\u00fd \u010das&hellip;\n","protected":false},"author":2,"featured_media":91774,"comment_status":"","ping_status":"","sticky":false,"template":"","format":"standard","meta":{"footnotes":"","_share_on_mastodon":"0"},"categories":[15],"tags":[536,14486,653,18857,13993,6095,2961,28039,94,93,7136,652,163],"class_list":["post-91773","post","type-post","status-publish","format-standard","has-post-thumbnail","category-sport","tag-cestovani","tag-ibiza","tag-laska","tag-milenec","tag-miss-world","tag-modelka","tag-ondrej-brzobohaty-gregor","tag-pedal","tag-sport","tag-sports","tag-tatana-kucharova","tag-vztahy","tag-zhave-drby"],"share_on_mastodon":{"url":"https:\/\/pubeurope.com\/@cz\/116607599712918139","error":""},"_links":{"self":[{"href":"https:\/\/www.europesays.com\/cz\/wp-json\/wp\/v2\/posts\/91773","targetHints":{"allow":["GET"]}}],"collection":[{"href":"https:\/\/www.europesays.com\/cz\/wp-json\/wp\/v2\/posts"}],"about":[{"href":"https:\/\/www.europesays.com\/cz\/wp-json\/wp\/v2\/types\/post"}],"author":[{"embeddable":true,"href":"https:\/\/www.europesays.com\/cz\/wp-json\/wp\/v2\/users\/2"}],"replies":[{"embeddable":true,"href":"https:\/\/www.europesays.com\/cz\/wp-json\/wp\/v2\/comments?post=91773"}],"version-history":[{"count":0,"href":"https:\/\/www.europesays.com\/cz\/wp-json\/wp\/v2\/posts\/91773\/revisions"}],"wp:featuredmedia":[{"embeddable":true,"href":"https:\/\/www.europesays.com\/cz\/wp-json\/wp\/v2\/media\/91774"}],"wp:attachment":[{"href":"https:\/\/www.europesays.com\/cz\/wp-json\/wp\/v2\/media?parent=91773"}],"wp:term":[{"taxonomy":"category","embeddable":true,"href":"https:\/\/www.europesays.com\/cz\/wp-json\/wp\/v2\/categories?post=91773"},{"taxonomy":"post_tag","embeddable":true,"href":"https:\/\/www.europesays.com\/cz\/wp-json\/wp\/v2\/tags?post=91773"}],"curies":[{"name":"wp","href":"https:\/\/api.w.org\/{rel}","templated":true}]}}