{"id":92169,"date":"2026-05-20T23:30:08","date_gmt":"2026-05-20T23:30:08","guid":{"rendered":"https:\/\/www.europesays.com\/cz\/92169\/"},"modified":"2026-05-20T23:30:08","modified_gmt":"2026-05-20T23:30:08","slug":"exsef-britskych-spionu-chvali-cesko-po-vrbeticich-zaujalo-velmi-pevny-postoj","status":"publish","type":"post","link":"https:\/\/www.europesays.com\/cz\/92169\/","title":{"rendered":"Ex\u0161\u00e9f britsk\u00fdch \u0161pion\u016f chv\u00e1l\u00ed \u010cesko: Po Vrb\u011btic\u00edch zaujalo velmi pevn\u00fd postoj"},"content":{"rendered":"<p class=\"e_bX\">\u017divot rusk\u00fdm agent\u016fm v\u00a0uplynul\u00fdch letech v\u00fdrazn\u011b zkomplikovala Velk\u00e1 Brit\u00e1nie i\u00a0\u010cesko. Ob\u011b zem\u011b toti\u017e po \u00fatoc\u00edch rusk\u00fdch \u0161pion\u016f na sv\u00e9m \u00fazem\u00ed vyhostily des\u00edtky zpravodajsk\u00fdch d\u016fstojn\u00edk\u016f, kte\u0159\u00ed m\u011bli diplomatick\u00e9 kryt\u00ed Moskvy.<\/p>\n<p class=\"e_bX\">\u201e\u010cesko n\u00e1sledovalo Velkou Brit\u00e1nii a\u00a0zaujalo velmi pevn\u00fd postoj,\u201c chv\u00e1l\u00ed Prahu b\u00fdval\u00fd \u0161\u00e9f britsk\u00e9 tajn\u00e9 slu\u017eby MI6\u00a0Richard Moore.<\/p>\n<p class=\"e_bX\">\u201eRusov\u00e9 toti\u017e zbo\u017e\u0148uj\u00ed sv\u00e9 velk\u00e9 ambas\u00e1dy. A\u00a0pokud jim ve sv\u00e9m hlavn\u00edm m\u011bst\u011b takovou dovol\u00edte, tak je nic nezastav\u00ed,\u201c varuje b\u00fdval\u00fd zpravodajec a\u00a0diplomat v\u00a0rozhovoru, kter\u00fd se odvys\u00edlal ve st\u0159edu ve\u010der na konferenci \u010cesk\u00e9ho rozhlasu Plus.<\/p>\n<p class=\"e_bX\">Moore odkazoval na rok 2018, kdy se agenti rusk\u00e9 vojensk\u00e9 rozv\u011bdky z\u00a0jednotky 29155\u00a0pokusili v\u00a0britsk\u00e9m Salisbury otr\u00e1vit b\u00fdval\u00e9ho dvojit\u00e9ho agenta Sergeje Skripala. Stejn\u00e1 dvojice d\u016fstojn\u00edk\u016f, Alexandr Mi\u0161kin a\u00a0Anatolij \u010cepiga, o\u00a0\u010dty\u0159i roky d\u0159\u00edve vyhodila do pov\u011bt\u0159\u00ed dva muni\u010dn\u00ed sklady ve Vrb\u011btic\u00edch. <\/p>\n<p>Lehkov\u00e1\u017en\u00ed \u0161pioni<\/p>\n<p class=\"e_bX\">Dohromady p\u0159i obou akc\u00edch zem\u0159eli t\u0159i lid\u00e9. Jak \u0159\u00edk\u00e1 Moore, lehkov\u00e1\u017enost rusk\u00fdch agent\u016f ho \u0161okovala: \u201eNev\u00e1hali odp\u00e1lit v\u00fdbu\u0161niny v\u00a0\u010cesku a\u00a0pou\u017e\u00edt jed vyvinut\u00fd pro vojensk\u00e9 \u00fa\u010dely v\u00a0mal\u00e9m anglick\u00e9m m\u011bst\u011b. V\u00a0obou p\u0159\u00edpadech mohlo zem\u0159\u00edt mnohem v\u00edce lid\u00ed.\u201c <\/p>\n<p class=\"e_bX\">V solidarit\u011b se Spojen\u00fdm kr\u00e1lovstv\u00edm a\u00a0\u010ceskem poslaly potom dom\u016f \u010d\u00e1st rusk\u00fdch \u201ediplomat\u016f\u201c i\u00a0dal\u0161\u00ed evropsk\u00e9 zem\u011b, co\u017e podle Moora znesnadnilo Moskv\u011b jej\u00ed operace v \u201e\u0161ed\u00e9 z\u00f3n\u011b\u201c natolik, \u017ee musela p\u0159ij\u00edt s\u00a0novou taktikou. Na sabot\u00e1\u017ee a\u00a0\u017eh\u00e1\u0159sk\u00e9 \u00fatoky si Rusko naj\u00edm\u00e1 p\u0159es internet drobn\u00e9 krimin\u00e1ln\u00edky. <\/p>\n<p class=\"e_bX\">\u201eTo je projev rusk\u00e9 slabosti. Uchyluj\u00ed se k\u00a0tomu, proto\u017ee na to u\u017e nemohou vyu\u017e\u00edvat jednotku 29155.\u00a0Deleguj\u00ed to na jin\u00e9. A\u00a0tito lid\u00e9, kter\u00e9 Rusov\u00e9 naj\u00edmaj\u00ed, \u010dasto ani nev\u011bd\u00ed, co p\u0159esn\u011b d\u011blaj\u00ed. Nejsou na to vycvi\u010den\u00ed,\u201c upozornil mu\u017e, kter\u00fd britskou rozv\u011bdku vedl v\u00a0letech 2020\u00a0a\u017e 2025\u00a0a\u00a0m\u00e1 tak zku\u0161enost s\u00a0t\u00edm, jak to vypad\u00e1, kdy\u017e na druh\u00e9m b\u0159ehu Atlantiku sed\u00ed v\u00a0B\u00edl\u00e9m dom\u011b Donald Trump.<\/p>\n<p><a data-dot=\"mol-article-card-media\" aria-hidden=\"true\" tabindex=\"-1\" href=\"https:\/\/www.seznamzpravy.cz\/clanek\/domaci-zivot-v-cesku-byvaly-sef-spionu-ruskou-ekonomiku-drzi-valka-ale-co-se-bude-dit-az-skonci-303221\" class=\"e_n f_l1\" rel=\"nofollow noopener\" target=\"_blank\"><img fetchpriority=\"high\" height=\"1012\"   width=\"1800\" src=\"https:\/\/www.europesays.com\/cz\/wp-content\/uploads\/2026\/05\/putin-rusko.jpeg\" loading=\"eager\" decoding=\"sync\" class=\"e_aa e_Z\"\/><\/a><\/p>\n<p class=\"e_bX\">Britov\u00e9 u\u017e od 40.\u00a0let \u00fazce spolupracuj\u00ed s\u00a0Ameri\u010dany, Kana\u010fany, Novoz\u00e9lan\u010fany a\u00a0Australany ve zpravodajsk\u00e9 alianci P\u011bt o\u010d\u00ed a\u00a0podle Moora na tom nic nezm\u011bnil ani Trump, kter\u00fd opakovan\u011b spojence kritizuje, aby d\u011blali pro svou bezpe\u010dnost v\u00edc.<\/p>\n<p class=\"e_bX\">\u201eAle je tu jeden podstatn\u00fd detail: \u017d\u00e1dn\u00e1 zem\u011b, bez ohledu na to, jak k\u00a0n\u00ed m\u00e1te bl\u00edzko, v\u00e1m nikdy ne\u0159ekne v\u0161echno. V\u017edycky je tu n\u011bco, co si jako suver\u00e9nn\u00ed st\u00e1t nech\u00e1te pro sebe. V\u00a0Americe tomu \u0159\u00edkaj\u00ed: NOFORN &#8211; tedy &#8211; ne pro zahrani\u010dn\u00ed o\u010di. Aby z\u00a0v\u00e1s ne\u0161lo \u010d\u00edst jako z\u00a0otev\u0159en\u00e9 knihy,\u201c vysv\u011btluje mu\u017e, kter\u00fd v\u00a0minulosti p\u016fsobil tak\u00e9 jako britsk\u00fd velvyslanec v\u00a0Turecku.<\/p>\n","protected":false},"excerpt":{"rendered":"\u017divot rusk\u00fdm agent\u016fm v\u00a0uplynul\u00fdch letech v\u00fdrazn\u011b zkomplikovala Velk\u00e1 Brit\u00e1nie i\u00a0\u010cesko. Ob\u011b zem\u011b toti\u017e po \u00fatoc\u00edch rusk\u00fdch \u0161pion\u016f na&hellip;\n","protected":false},"author":2,"featured_media":92170,"comment_status":"","ping_status":"","sticky":false,"template":"","format":"standard","meta":{"footnotes":"","_share_on_mastodon":"0"},"categories":[7],"tags":[43,42,41,40,28083,8729,6226],"class_list":["post-92169","post","type-post","status-publish","format-standard","has-post-thumbnail","category-cesko","tag-ceska-republika","tag-cesko","tag-czech-republic","tag-czechia","tag-richard-moore","tag-secret-intelligence-service-mi6","tag-zpravodajske-sluzby"],"share_on_mastodon":{"url":"https:\/\/pubeurope.com\/@cz\/116609510711076367","error":""},"_links":{"self":[{"href":"https:\/\/www.europesays.com\/cz\/wp-json\/wp\/v2\/posts\/92169","targetHints":{"allow":["GET"]}}],"collection":[{"href":"https:\/\/www.europesays.com\/cz\/wp-json\/wp\/v2\/posts"}],"about":[{"href":"https:\/\/www.europesays.com\/cz\/wp-json\/wp\/v2\/types\/post"}],"author":[{"embeddable":true,"href":"https:\/\/www.europesays.com\/cz\/wp-json\/wp\/v2\/users\/2"}],"replies":[{"embeddable":true,"href":"https:\/\/www.europesays.com\/cz\/wp-json\/wp\/v2\/comments?post=92169"}],"version-history":[{"count":0,"href":"https:\/\/www.europesays.com\/cz\/wp-json\/wp\/v2\/posts\/92169\/revisions"}],"wp:featuredmedia":[{"embeddable":true,"href":"https:\/\/www.europesays.com\/cz\/wp-json\/wp\/v2\/media\/92170"}],"wp:attachment":[{"href":"https:\/\/www.europesays.com\/cz\/wp-json\/wp\/v2\/media?parent=92169"}],"wp:term":[{"taxonomy":"category","embeddable":true,"href":"https:\/\/www.europesays.com\/cz\/wp-json\/wp\/v2\/categories?post=92169"},{"taxonomy":"post_tag","embeddable":true,"href":"https:\/\/www.europesays.com\/cz\/wp-json\/wp\/v2\/tags?post=92169"}],"curies":[{"name":"wp","href":"https:\/\/api.w.org\/{rel}","templated":true}]}}