{"id":93065,"date":"2026-05-21T17:31:08","date_gmt":"2026-05-21T17:31:08","guid":{"rendered":"https:\/\/www.europesays.com\/cz\/93065\/"},"modified":"2026-05-21T17:31:08","modified_gmt":"2026-05-21T17:31:08","slug":"po-roce-finalne-rozhodnuto-prazsky-okruh-prevede-pres-vltavu-drazsi-ale-odvaznejsi-navrh-mostu","status":"publish","type":"post","link":"https:\/\/www.europesays.com\/cz\/93065\/","title":{"rendered":"Po roce fin\u00e1ln\u011b rozhodnuto. Pra\u017esk\u00fd okruh p\u0159evede p\u0159es Vltavu dra\u017e\u0161\u00ed, ale odv\u00e1\u017en\u011bj\u0161\u00ed n\u00e1vrh mostu"},"content":{"rendered":"<p>\n                                        Dle ministra rozhodlo posouzen\u00ed n\u00e1klad\u016f \u017eivotn\u00edho cyklu d\u00edla.                                    <\/p>\n<p>Centr\u00e1ln\u00ed komise ministerstva dopravy schv\u00e1lila pokra\u010dov\u00e1n\u00ed p\u0159\u00edpravy tzv. Suchdolsk\u00e9ho mostu dle n\u00e1vrhu z d\u00edlny konsorcia architektonick\u00fdch atelier\u016f Str\u00e1sk\u00fd, Hust\u00fd a partne\u0159i a Studia acht, kter\u00fd zv\u00edt\u011bzil v loni uzav\u0159en\u00e9 architektonick\u00e9 sout\u011b\u017ei. Most je sou\u010d\u00e1st\u00ed p\u0159ipravovan\u00e9 severn\u00ed \u010d\u00e1sti Pra\u017esk\u00e9ho okruhu (D0) mezi Suchdolem a B\u0159ezin\u011bvs\u00ed.<\/p>\n<p>Jde \u010d\u00e1ste\u010dn\u011b o p\u0159ekvapen\u00ed, v oboru se dlouho mluvilo o tom, \u017ee p\u0159ednost dostane druh\u00fd n\u00e1vrh v po\u0159ad\u00ed od spole\u010dnosti Valbek kv\u016fli ni\u017e\u0161\u00edm n\u00e1klad\u016fm na v\u00fdstavbu i provoz. Anal\u00fdza \u010cVUT v\u0161ak uk\u00e1zala, \u017ee a\u010dkoli v\u00edt\u011bzn\u00e1 varianta m\u00e1 vy\u0161\u0161\u00ed n\u00e1klady na samotnou v\u00fdstavbu, rozd\u00edly v celkov\u00fdch n\u00e1kladech b\u011bhem \u017eivotn\u00edho cyklu se v\u00fdrazn\u011b sni\u017euj\u00ed a v tomto jsou ob\u011b varianty ekonomicky tak\u0159ka srovnateln\u00e9.<\/p>\n<p>Podle \u0161\u00e9fa \u0158editelstv\u00ed silnic a d\u00e1lnic (\u0158SD) Radka M\u00e1tla rozhodlo i to, \u017ee samotnou stavbu v\u00edt\u011bzn\u00e9ho n\u00e1vrhu p\u016fjde zlevnit v\u00edce, ne\u017e se p\u016fvodn\u011b zd\u00e1lo.<\/p>\n<p>Dlouh\u00e9 rozhodov\u00e1n\u00ed<\/p>\n<p>Mezin\u00e1rodn\u00ed architektonickou sout\u011b\u017e na toto p\u0159emost\u011bn\u00ed Vltavy zadalo \u0158SD v roce 2023, v\u00fdsledky s po\u0159ad\u00edm p\u011bti n\u00e1vrh\u016f byly vyhl\u00e1\u0161eny p\u0159ed rokem. K dal\u0161\u00edmu posuzov\u00e1n\u00ed centr\u00e1ln\u00ed komis\u00ed byly ze sout\u011b\u017ee p\u0159edlo\u017eeny pouze dva nejv\u00fd\u0161e hodnocen\u00e9 n\u00e1vrhy. P\u016fvodn\u011b m\u011blo b\u00fdt rozhodnuto u\u017e loni na podzim.<\/p>\n<p>\u201eKomise po velmi detailn\u00ed diskusi a zv\u00e1\u017een\u00ed v\u0161ech pro a proti vybrala architektonicky hodnotn\u00fd n\u00e1vrh, kter\u00fd p\u0159in\u00e1\u0161\u00ed do na\u0161ich podm\u00ednek novou kvalitu. Je to d\u016fle\u017eit\u00e9 rozhodnut\u00ed i pro m\u011bstsk\u00e9 \u010d\u00e1sti a obce na trase okruhu, nebo\u0165 zvolen\u00e1 varianta p\u0159edstavuje, vedle nesporn\u00e9 architektonick\u00e9 hodnoty, i nejmen\u0161\u00ed z\u00e1sah do okol\u00ed, co\u017e byl d\u016fle\u017eit\u00fd argument v rozhodov\u00e1n\u00ed komise,\u201c uvedl ministr dopravy Ivan Bedn\u00e1rik.<\/p>\n<p><a href=\"https:\/\/zdopravy.cz\/novy-dalnicni-most-pres-vltavu-musi-mit-cyklovytah-zadal-hrib-architekti-s-tim-ale-nepocitaji-253797\/\" rel=\"nofollow noopener\" target=\"_blank\">Nov\u00fd d\u00e1lni\u010dn\u00ed most p\u0159es Vltavu mus\u00ed m\u00edt cyklov\u00fdtah, \u017e\u00e1dal H\u0159ib. Architekti s t\u00edm ale nepo\u010d\u00edtaj\u00ed<\/a><\/p>\n<p>Dodal, \u017ee jde o infrastrukturu, kter\u00e1 bude slou\u017eit minim\u00e1ln\u011b dal\u0161\u00edch sto let. \u201ePo m\u00e9m posouzen\u00ed n\u00e1klad\u016f \u017eivotn\u00edho cyklu d\u00edla jsem se s doporu\u010den\u00edm Centr\u00e1ln\u00ed komise ztoto\u017enil,\u201c podotkl ministr.<\/p>\n<p>Samotn\u00e9 stavebn\u00ed n\u00e1klady na vybranou variantu jsou nyn\u00ed odhadov\u00e1ny na 3,5 miliardy korun. Fin\u00e1ln\u00ed cena pak bude z\u00e1visl\u00e1 na v\u00fdsledc\u00edch tendru na zhotovitele stavby. Vybran\u00e1 varianta bude nyn\u00ed prost\u0159ednictv\u00edm \u0158SD d\u00e1le rozpracov\u00e1na do v\u011bt\u0161\u00ed podrobnosti, kter\u00e1 odpov\u00edd\u00e1 po\u017eadavk\u016fm na povolen\u00ed z\u00e1m\u011bru stavby.<\/p>\n<p>Prvn\u00ed sout\u011b\u017e sv\u00e9ho druhu<\/p>\n<p>\u0160lo o prvn\u00ed architektonickou sout\u011b\u017e na v\u00fdstavbu d\u00e1lni\u010dn\u00edho t\u011blesa v \u010cesku. Dal\u0161\u00ed architektonick\u00e1 sout\u011b\u017e na Pra\u017esk\u00e9m okruhu ji\u017e b\u011b\u017e\u00ed. Jde o <a href=\"https:\/\/zdopravy.cz\/dalsi-dalnicni-most-dle-gusta-architektu-o-podobu-mostu-pres-drahanske-udoli-se-utka-11-navrhu-277839\/\" rel=\"nofollow noopener\" target=\"_blank\">p\u0159emost\u011bn\u00ed Draha\u0148sk\u00e9ho \u00fadol\u00ed<\/a> na stejn\u00e9m \u00faseku D0.<\/p>\n<p><a class=\"col-4 mb-2 new-gallery-item\" href=\"https:\/\/zdopravy.cz\/po-roce-finalne-rozhodnuto-prazsky-okruh-prevede-pres-vltavu-drazsi-ale-odvaznejsi-navrh-mostu-282691\/?new_gallery=1&amp;photo=1\" data-full=\"https:\/\/zdopravy.cz\/wp-content\/uploads\/2025\/10\/image-1024x617-1.png\" data-index=\"0\" data-caption=\"Upraven\u00fd pl\u00e1n trasy \u00faseku 518 Pra\u017esk\u00e9ho okruhu mezi Ruzyn\u00ed a Suchdolem. Foto: \u0158SD\" rel=\"nofollow noopener\" target=\"_blank\"><img decoding=\"async\" alt=\"Upraven\u00fd pl\u00e1n trasy \u00faseku 518 Pra\u017esk\u00e9ho okruhu mezi Ruzyn\u00ed a Suchdolem. Foto: \u0158SD\" loading=\"lazy\" class=\"img-fluid\" src=\"https:\/\/www.europesays.com\/cz\/wp-content\/uploads\/2026\/05\/image-1024x617-1-300x181.png\"\/><\/a><a class=\"col-4 mb-2 new-gallery-item\" href=\"https:\/\/zdopravy.cz\/po-roce-finalne-rozhodnuto-prazsky-okruh-prevede-pres-vltavu-drazsi-ale-odvaznejsi-navrh-mostu-282691\/?new_gallery=1&amp;photo=2\" data-full=\"https:\/\/zdopravy.cz\/wp-content\/uploads\/2024\/09\/suchdolbrezi.jpg\" data-index=\"1\" data-caption=\"D0 519 Suchdol - B\u0159ezin\u011bves. Foto: \u0158SD\" rel=\"nofollow noopener\" target=\"_blank\"><img decoding=\"async\" alt=\"D0 519 Suchdol - B\u0159ezin\u011bves. Foto: \u0158SD\" loading=\"lazy\" class=\"img-fluid\" src=\"https:\/\/www.europesays.com\/cz\/wp-content\/uploads\/2026\/05\/suchdolbrezi-300x210.jpg\"\/><\/a><\/p>\n<p>Pl\u00e1novan\u00e1 d\u00e9lka Suchdolsk\u00e9ho mostu, kter\u00fd bude um\u00edst\u011bn mezi lev\u00fdm b\u0159ehem Vltavy v Sedlci a prav\u00fdm b\u0159ehem \u0159eky v Z\u00e1mc\u00edch, je 606 metr\u016f. Bude m\u00edt \u0161est pruh\u016f a z obou stran na n\u011bj budou navazovat p\u0159il\u00e9haj\u00edc\u00ed tunely.<\/p>\n<p>Na dvou \u00fasec\u00edch Pra\u017esk\u00e9ho okruhu ve sm\u011bru na Suchdol a B\u0159ezin\u011bves ji\u017e prob\u00edh\u00e1 majetkopr\u00e1vn\u00ed p\u0159\u00edprava. Koncem leto\u0161n\u00edho roku by m\u011blo m\u00edt \u0158SD vykoupeno p\u0159es 50 procent pozemk\u016f.<\/p>\n<p><a href=\"https:\/\/zdopravy.cz\/tunel-u-suchdola-skryje-i-privadec-krizovatky-d0-na-severu-bude-mit-zajisteno-uz-50-pozemku-281306\/\" rel=\"nofollow noopener\" target=\"_blank\">Tunel u Suchdola skryje i p\u0159ivad\u011b\u010d k\u0159i\u017eovatky. D0 na severu bude m\u00edt zaji\u0161t\u011bno u\u017e 50 % pozemk\u016f<\/a><\/p>\n<p>\u017d\u00e1dost o povolen\u00ed z\u00e1m\u011bru chce \u0158SD pro tuto \u010d\u00e1st okruhu podat k DES\u00da v prvn\u00ed polovin\u011b roku 2027. Vyd\u00e1n\u00ed povolen\u00ed se o\u010dek\u00e1v\u00e1 na p\u0159elomu 3. a 4. kvart\u00e1lu roku 2027. Na konci t\u00e9ho\u017e roku by stavba m\u011bla za\u010d\u00edt, zprovozn\u011bn\u00ed se nyn\u00ed pl\u00e1nuje do roku 2031.<\/p>\n<p>                                                        Tagy<\/p>\n<p>                                                                                                                                                                                                                            <a href=\"https:\/\/zdopravy.cz\/tag\/architektonicka-soutez\/\" type=\"button\" class=\"btn btn-secondary mb-1 btn-sm\" rel=\"nofollow noopener\" target=\"_blank\"><br \/>\n                                                                architektonick\u00e1 sout\u011b\u017e                                                            <\/a><br \/>\n                                                                                                                                                                                                                                <a href=\"https:\/\/zdopravy.cz\/tag\/centralni-komise-ministerstva-dopravy\/\" type=\"button\" class=\"btn btn-secondary mb-1 btn-sm\" rel=\"nofollow noopener\" target=\"_blank\"><br \/>\n                                                                centr\u00e1ln\u00ed komise ministerstva dopravy                                                            <\/a><br \/>\n                                                                                                                                                                                                                                <a href=\"https:\/\/zdopravy.cz\/tag\/d0-518-ruzyne-suchdol\/\" type=\"button\" class=\"btn btn-secondary mb-1 btn-sm\" rel=\"nofollow noopener\" target=\"_blank\"><br \/>\n                                                                D0 518 Ruzyn\u011b &#8211; Suchdol                                                            <\/a><br \/>\n                                                                                                                                                                                                                                <a href=\"https:\/\/zdopravy.cz\/tag\/d0-519-suchdol-brezineves\/\" type=\"button\" class=\"btn btn-secondary mb-1 btn-sm\" rel=\"nofollow noopener\" target=\"_blank\"><br \/>\n                                                                D0 519 Suchdol &#8211; B\u0159ezin\u011bves                                                            <\/a><br \/>\n                                                                                                                                                                                                                                <a href=\"https:\/\/zdopravy.cz\/tag\/prazsky-okruh\/\" type=\"button\" class=\"btn btn-secondary mb-1 btn-sm\" rel=\"nofollow noopener\" target=\"_blank\"><br \/>\n                                                                Pra\u017esk\u00fd okruh                                                            <\/a><br \/>\n                                                                                                                                                                                                                                <a href=\"https:\/\/zdopravy.cz\/tag\/rsd-cr\/\" type=\"button\" class=\"btn btn-secondary mb-1 btn-sm\" rel=\"nofollow noopener\" target=\"_blank\"><br \/>\n                                                                \u0158SD \u010cR                                                            <\/a><\/p>\n<p>                                                <a href=\"https:\/\/zdopravy.cz\/po-roce-finalne-rozhodnuto-prazsky-okruh-prevede-pres-vltavu-drazsi-ale-odvaznejsi-navrh-mostu-282691\/?comments=1#comments\" class=\"ml-3 text-body mb-3 mt-4 d-inline-block\" rel=\"nofollow noopener\" target=\"_blank\"><\/p>\n<p>                                                    17 koment\u00e1\u0159\u016f                                                <\/a><\/p>\n","protected":false},"excerpt":{"rendered":"Dle ministra rozhodlo posouzen\u00ed n\u00e1klad\u016f \u017eivotn\u00edho cyklu d\u00edla. Centr\u00e1ln\u00ed komise ministerstva dopravy schv\u00e1lila pokra\u010dov\u00e1n\u00ed p\u0159\u00edpravy tzv. Suchdolsk\u00e9ho mostu&hellip;\n","protected":false},"author":2,"featured_media":93066,"comment_status":"","ping_status":"","sticky":false,"template":"","format":"standard","meta":{"footnotes":"","_share_on_mastodon":"0"},"categories":[7],"tags":[16892,28307,43,42,41,40,2460,2461,1962,1328,119],"class_list":["post-93065","post","type-post","status-publish","format-standard","has-post-thumbnail","category-cesko","tag-architektonicka-soutez","tag-centralni-komise-ministerstva-dopravy","tag-ceska-republika","tag-cesko","tag-czech-republic","tag-czechia","tag-d0-518-ruzyne-suchdol","tag-d0-519-suchdol-brezineves","tag-prazsky-okruh","tag-rsd-cr","tag-seznam"],"share_on_mastodon":{"url":"https:\/\/pubeurope.com\/@cz\/116613761547502810","error":""},"_links":{"self":[{"href":"https:\/\/www.europesays.com\/cz\/wp-json\/wp\/v2\/posts\/93065","targetHints":{"allow":["GET"]}}],"collection":[{"href":"https:\/\/www.europesays.com\/cz\/wp-json\/wp\/v2\/posts"}],"about":[{"href":"https:\/\/www.europesays.com\/cz\/wp-json\/wp\/v2\/types\/post"}],"author":[{"embeddable":true,"href":"https:\/\/www.europesays.com\/cz\/wp-json\/wp\/v2\/users\/2"}],"replies":[{"embeddable":true,"href":"https:\/\/www.europesays.com\/cz\/wp-json\/wp\/v2\/comments?post=93065"}],"version-history":[{"count":0,"href":"https:\/\/www.europesays.com\/cz\/wp-json\/wp\/v2\/posts\/93065\/revisions"}],"wp:featuredmedia":[{"embeddable":true,"href":"https:\/\/www.europesays.com\/cz\/wp-json\/wp\/v2\/media\/93066"}],"wp:attachment":[{"href":"https:\/\/www.europesays.com\/cz\/wp-json\/wp\/v2\/media?parent=93065"}],"wp:term":[{"taxonomy":"category","embeddable":true,"href":"https:\/\/www.europesays.com\/cz\/wp-json\/wp\/v2\/categories?post=93065"},{"taxonomy":"post_tag","embeddable":true,"href":"https:\/\/www.europesays.com\/cz\/wp-json\/wp\/v2\/tags?post=93065"}],"curies":[{"name":"wp","href":"https:\/\/api.w.org\/{rel}","templated":true}]}}