{"id":94589,"date":"2026-05-23T07:04:14","date_gmt":"2026-05-23T07:04:14","guid":{"rendered":"https:\/\/www.europesays.com\/cz\/94589\/"},"modified":"2026-05-23T07:04:14","modified_gmt":"2026-05-23T07:04:14","slug":"serialovy-hit-emily-in-paris-speje-k-zaveru-zacala-se-natacet-jeho-posledni-rada-aktualne-cz","status":"publish","type":"post","link":"https:\/\/www.europesays.com\/cz\/94589\/","title":{"rendered":"Seri\u00e1lov\u00fd hit Emily in Paris sp\u011bje k z\u00e1v\u011bru. Za\u010dala se nat\u00e1\u010det jeho posledn\u00ed \u0159ada \u2013 Aktu\u00e1ln\u011b.cz"},"content":{"rendered":"<p>\u201eVytv\u00e1\u0159en\u00ed seri\u00e1lu Emily in Paris s t\u00edmto mimo\u0159\u00e1dn\u00fdm obsazen\u00edm a \u0161t\u00e1bem bylo \u017eivotn\u00edm z\u00e1\u017eitkem. Kdy\u017e se pou\u0161t\u00edme do posledn\u00ed s\u00e9rie, jsem nesm\u00edrn\u011b vd\u011b\u010dn\u00fd Netflixu, Paramountu a hlavn\u011b fanou\u0161k\u016fm, kte\u0159\u00ed s n\u00e1mi absolvovali tuto neuv\u011b\u0159itelnou cestu. Nem\u016f\u017eeme se do\u010dkat, a\u017e se s v\u00e1mi pod\u011bl\u00edme o tuto posledn\u00ed kapitolu. D\u011bkujeme, \u017ee jste n\u00e1m dovolili b\u00fdt sou\u010d\u00e1st\u00ed va\u0161ich \u017eivot\u016f, \u017ee jsme mohli inspirovat va\u0161e sny o cestov\u00e1n\u00ed a t\u0159eba i za\u017eehnout va\u0161i l\u00e1sku k Pa\u0159\u00ed\u017ei. V\u017edycky budeme m\u00edt ,Emily in Paris!&#8217;\u201d vzk\u00e1zal tv\u016frce seri\u00e1lu Darren Stars p\u0159\u00edznivc\u016fm.<\/p>\n<p>Emily in Paris si udr\u017euje st\u00e1lou fanou\u0161kovskou z\u00e1kladnu (i kdy\u017e kritick\u00e9 ohlasy nejsou v\u017edy nad\u0161en\u00e9) a generuje vysok\u00e1 \u010d\u00edsla sledovanosti. Od sv\u00e9ho debutu v roce 2020 se jeho prvn\u00edch p\u011bt s\u00e9ri\u00ed dr\u017eelo v \u017eeb\u0159\u00ed\u010dku Netflix Global Top 10 celkem 32 t\u00fddn\u016f, seri\u00e1l dos\u00e1hl prvn\u00edho m\u00edsta v 90 zem\u00edch a od prvn\u00ed poloviny roku 2023 do druh\u00e9 poloviny roku 2025 nasb\u00edral p\u0159es 250 milion\u016f zhl\u00e9dnut\u00ed.<\/p>\n<p>Jednotliv\u00e9 d\u00edly vtahuj\u00ed div\u00e1ky do stylov\u00e9ho \u017eivota Emily Cooperov\u00e9 (Lily Collinsov\u00e1), mlad\u00e9 americk\u00e9 marke\u0165a\u010dky z Chicaga, kter\u00e1 sv\u016fj profesn\u00ed i osobn\u00ed \u017eivot p\u0159esunula do francouzsk\u00e9 metropole. <\/p>\n<p>Souvisej\u00edc\u00ed<\/p>\n<p><img decoding=\"async\" alt=\"Emily in Paris, seri\u00e1l\" class=\"e-ui-image__img\" loading=\"lazy\" src=\"https:\/\/www.europesays.com\/cz\/wp-content\/uploads\/2026\/05\/3de86cc58bd934548e57190909ebd26a.jpg\" \/><img decoding=\"async\" alt=\"Emily in Paris, seri\u00e1l\" class=\"e-ui-image__img\" loading=\"lazy\" src=\"https:\/\/www.europesays.com\/cz\/wp-content\/uploads\/2026\/05\/1779519854_955_3de86cc58bd934548e57190909ebd26a.jpg\" \/><img decoding=\"async\" alt=\"Emily in Paris, seri\u00e1l\" class=\"e-ui-image__img\" loading=\"lazy\" src=\"https:\/\/www.europesays.com\/cz\/wp-content\/uploads\/2026\/05\/1779519854_955_3de86cc58bd934548e57190909ebd26a.jpg\" \/><\/p>\n<p>10 fotografi\u00edProhl\u00e9dnout si 10 fotografi\u00ed<\/p>\n<p>V\u00a0p\u00e1t\u00e9 \u0159ad\u011b se hlavn\u00ed hrdinka na \u010das ocitla v\u00a0It\u00e1lii, kde dostala nab\u00eddku na klidn\u00fd \u017eivot po boku Marcella (Eugenio Franceschini). Tu ale odm\u00edtla a vr\u00e1tila se do Pa\u0159\u00ed\u017ee. Tam ji jej\u00ed b\u00fdval\u00fd p\u0159\u00edtel Gabriel\u00a0(<a href=\"https:\/\/magazin.aktualne.cz\/stitky\/lucas-bravo\" rel=\"nofollow noopener\" target=\"_blank\">Lucas Bravo<\/a>) pozval ke spole\u010dn\u00e9mu setk\u00e1n\u00ed v \u0158ecku. <\/p>\n<p>Pr\u00e1v\u011b \u0161est\u00e1 \u0159ada by m\u011bla rozv\u00edjet tuto otev\u0159enou d\u011bjovou linku a dop\u0159\u00e1t hlavn\u00edm postav\u00e1m (v\u010detn\u011b \u010derstv\u011b zasnouben\u00e9 kamar\u00e1dky Mindy v\u00a0pod\u00e1n\u00ed <a href=\"https:\/\/magazin.aktualne.cz\/stitky\/ashley-park\" rel=\"nofollow noopener\" target=\"_blank\">Ashley Parkov\u00e9<\/a> i \u0161\u00e9fov\u00e9 Sylvie, kterou hraje Philippine Leroy-Beaulieuov\u00e1), aby do\u0159e\u0161ily sv\u00e9 pracovn\u00ed i soukrom\u00e9 vztahy. \u00a0<\/p>\n","protected":false},"excerpt":{"rendered":"\u201eVytv\u00e1\u0159en\u00ed seri\u00e1lu Emily in Paris s t\u00edmto mimo\u0159\u00e1dn\u00fdm obsazen\u00edm a \u0161t\u00e1bem bylo \u017eivotn\u00edm z\u00e1\u017eitkem. Kdy\u017e se pou\u0161t\u00edme do&hellip;\n","protected":false},"author":2,"featured_media":94590,"comment_status":"","ping_status":"","sticky":false,"template":"","format":"standard","meta":{"footnotes":"","_share_on_mastodon":"0"},"categories":[14],"tags":[28668,79,22116,28667,1842,875,80],"class_list":["post-94589","post","type-post","status-publish","format-standard","has-post-thumbnail","category-zabava","tag-ashley-park","tag-entertainment","tag-lily-collins","tag-lucas-bravo","tag-netflix","tag-serial","tag-zabava"],"share_on_mastodon":{"url":"https:\/\/pubeurope.com\/@cz\/116622620344415356","error":""},"_links":{"self":[{"href":"https:\/\/www.europesays.com\/cz\/wp-json\/wp\/v2\/posts\/94589","targetHints":{"allow":["GET"]}}],"collection":[{"href":"https:\/\/www.europesays.com\/cz\/wp-json\/wp\/v2\/posts"}],"about":[{"href":"https:\/\/www.europesays.com\/cz\/wp-json\/wp\/v2\/types\/post"}],"author":[{"embeddable":true,"href":"https:\/\/www.europesays.com\/cz\/wp-json\/wp\/v2\/users\/2"}],"replies":[{"embeddable":true,"href":"https:\/\/www.europesays.com\/cz\/wp-json\/wp\/v2\/comments?post=94589"}],"version-history":[{"count":0,"href":"https:\/\/www.europesays.com\/cz\/wp-json\/wp\/v2\/posts\/94589\/revisions"}],"wp:featuredmedia":[{"embeddable":true,"href":"https:\/\/www.europesays.com\/cz\/wp-json\/wp\/v2\/media\/94590"}],"wp:attachment":[{"href":"https:\/\/www.europesays.com\/cz\/wp-json\/wp\/v2\/media?parent=94589"}],"wp:term":[{"taxonomy":"category","embeddable":true,"href":"https:\/\/www.europesays.com\/cz\/wp-json\/wp\/v2\/categories?post=94589"},{"taxonomy":"post_tag","embeddable":true,"href":"https:\/\/www.europesays.com\/cz\/wp-json\/wp\/v2\/tags?post=94589"}],"curies":[{"name":"wp","href":"https:\/\/api.w.org\/{rel}","templated":true}]}}