{"id":94855,"date":"2026-05-23T12:37:10","date_gmt":"2026-05-23T12:37:10","guid":{"rendered":"https:\/\/www.europesays.com\/cz\/94855\/"},"modified":"2026-05-23T12:37:10","modified_gmt":"2026-05-23T12:37:10","slug":"hlas-jako-zvon-a-nadra-dmouci-kdo-vystridal-danielu-po-boku-brzobohateho-ahaonline-cz","status":"publish","type":"post","link":"https:\/\/www.europesays.com\/cz\/94855\/","title":{"rendered":"Hlas jako zvon a \u0148adra dmouc\u00ed: Kdo vyst\u0159\u00eddal Danielu po boku Brzobohat\u00e9ho? &#8211; Ahaonline.cz"},"content":{"rendered":"<p><a href=\"https:\/\/news.google.com\/rss\/articles\/CBMixgFBVV95cUxPSmdFeEl3cGxqQm9Yd0t5WGV4bmZJR0ZYTTZGYlFKUExDQm80VFBTV3BXeEt4RU5zSVVYaGtBT0czT2NHYldMUWYzbXQ3Y0lyT0pOYUduM3VMWVlSTFpEQXdrcjVBMF9URWFFUlZtU2VXNTZUSmVqVU80eEVsVlJZMXZhYWZNX25jWERaaE5STV80ZkgzQmpTYnAyRlYtTUl3Y1ZQWm5CeWJWd1Bhb2hhNTZDYjR5bkZzSHNUcVIwRVYzazJnV2c?oc=5\" target=\"_blank\" rel=\"nofollow noopener\">Hlas jako zvon a \u0148adra dmouc\u00ed: Kdo vyst\u0159\u00eddal Danielu po boku Brzobohat\u00e9ho?<\/a>&nbsp;&nbsp;Ahaonline.cz<a href=\"https:\/\/news.google.com\/rss\/articles\/CBMi2gFBVV95cUxOMUU2ZlhfWlYxTm9VRWM0N2VXRDVMZk1XdklMR0JXZHlJbVN6Mm5Xd2NtQm1RbElRejJ3WlpJM3VaYnc3MzJ2SW56WkJjR1EybldjTFlFYVVWZkd3QzNsNVBFeXhQR2FkdGZrWEJBdnlVZms1X25KdHU4NlN2Z3NRNEpRQ3RhN1NlcTVsUWdfaXYzc0UzNlVsWTJia1lzMDAybEdONGh5OEh1dmh4R0x6SWVGTEhqZktTSFZkRzFZczd3M3Y2WTM2N20tRUNzV3dpSnU1ZmRFTjI0UQ?oc=5\" target=\"_blank\" rel=\"nofollow noopener\">Brzobohat\u00e1 po rozchodu p\u0159ekvapila, vytasila kauzu s Kucha\u0159ovou: Kv\u016fli n\u00ed \u010del\u00ed Ond\u0159ej dal\u0161\u00edm soud\u016fm<\/a>&nbsp;&nbsp;Super.cz<a href=\"https:\/\/news.google.com\/rss\/articles\/CBMipgFBVV95cUxPeHdCM3p6a3ptU1ZDMkFkR0lidXJpU3VCVEk5OUt4ZGkyUThEdHNLNUVNSmFnNVNRMFY1dks0Tkd3TEpWQk9DeXFKMGRjcXM1dUp5RVZrUVdfZ2RPWXhLNXpVWHp1dmFGM2hVMkhIQ0l5QlRfUmVUWEFPZjFYNUF5bWRIUHlNUVk0cnU4ODA2Q0J5RkpyTC1xRXJQWXRNX1R3WFFkVkFR?oc=5\" target=\"_blank\" rel=\"nofollow noopener\">Brzobohat\u00ed po rozchodu d\u00e1l spolu? Bou\u010dek promluvil o budoucnosti Inkognita<\/a>&nbsp;&nbsp;\u017dena.cz<a href=\"https:\/\/news.google.com\/rss\/articles\/CBMiuAFBVV95cUxPeEx6V3JhVHlJdjM5RlVuNWpsS0FKZVZjUmZlWUZUMmpQTk5YUmZqeXp1eGMwbk5kSnV5U0hEV196VHF2c1RtU29CcnBQX1hBd2hUaS1VRXU2aVdBZHZLM1c2VG44WDZRWkNZeV9qeTdEc01STm5WVk9jOExnVU5iOXByOFZxVldkR01JUmNLSWlYcUctV1FGaEx1Sl83d1ludGlCazd6ZVQxWGI0aHB2RFJrWUp1b3dK?oc=5\" target=\"_blank\" rel=\"nofollow noopener\">Libor Bou\u010dek o rozchodu Brzobohat\u00fdch: Kdo p\u016fjde z kola ven<\/a>&nbsp;&nbsp;Blesk<a href=\"https:\/\/news.google.com\/rss\/articles\/CBMi4gFBVV95cUxNbjBJXzZRbUIxR0hNcTlUd2cwYXRVMVBNaUlaa3RkeE1oTkxfc2hwNHFQdFh2U1FTd1p5eDhHUnlrWTduVUNTNHVwUG9iODJCUXQ2Tk5HeGU3ejBMd0NVV1l5NGcxNWp6MGpUaEhCVEZOZVlKWDBMcDdIV3dkMWhmam5raDBKVE56eUZDMDhBRUVjN2tETF90R3FTTktFVU1CdHdlbDlrZEVDVzVXS1p1TmFoYl95U1RWRWF0RWV1VEFMRldlYXpLWF8ycU43NkFrRHpXT2VWbTFqUWNsakRyMjJn?oc=5\" target=\"_blank\" rel=\"nofollow noopener\">Daniela P\u00edsa\u0159ovicov\u00e1 otev\u0159en\u011b: Prvn\u00ed vyj\u00e1d\u0159en\u00ed k sexualit\u011b Ond\u0159eje a tvrzen\u00edm Ta\u0165\u00e1ny Kucha\u0159ov\u00e9<\/a>&nbsp;&nbsp;M\u00e9dium.cz<\/p>\n","protected":false},"excerpt":{"rendered":"Hlas jako zvon a \u0148adra dmouc\u00ed: Kdo vyst\u0159\u00eddal Danielu po boku Brzobohat\u00e9ho?&nbsp;&nbsp;Ahaonline.czBrzobohat\u00e1 po rozchodu p\u0159ekvapila, vytasila kauzu s&hellip;\n","protected":false},"author":2,"featured_media":94856,"comment_status":"","ping_status":"","sticky":false,"template":"","format":"standard","meta":{"footnotes":"","_share_on_mastodon":"0"},"categories":[14],"tags":[2960,79,2491,28709,27954,28700,6460,80],"class_list":["post-94855","post","type-post","status-publish","format-standard","has-post-thumbnail","category-zabava","tag-daniela-brzobohata","tag-entertainment","tag-manzelstvi","tag-nadra","tag-ondrej-gregor-brzobohaty","tag-sara-milfajtova","tag-spekulace","tag-zabava"],"share_on_mastodon":{"url":"https:\/\/pubeurope.com\/@cz\/116623929828784087","error":""},"_links":{"self":[{"href":"https:\/\/www.europesays.com\/cz\/wp-json\/wp\/v2\/posts\/94855","targetHints":{"allow":["GET"]}}],"collection":[{"href":"https:\/\/www.europesays.com\/cz\/wp-json\/wp\/v2\/posts"}],"about":[{"href":"https:\/\/www.europesays.com\/cz\/wp-json\/wp\/v2\/types\/post"}],"author":[{"embeddable":true,"href":"https:\/\/www.europesays.com\/cz\/wp-json\/wp\/v2\/users\/2"}],"replies":[{"embeddable":true,"href":"https:\/\/www.europesays.com\/cz\/wp-json\/wp\/v2\/comments?post=94855"}],"version-history":[{"count":0,"href":"https:\/\/www.europesays.com\/cz\/wp-json\/wp\/v2\/posts\/94855\/revisions"}],"wp:featuredmedia":[{"embeddable":true,"href":"https:\/\/www.europesays.com\/cz\/wp-json\/wp\/v2\/media\/94856"}],"wp:attachment":[{"href":"https:\/\/www.europesays.com\/cz\/wp-json\/wp\/v2\/media?parent=94855"}],"wp:term":[{"taxonomy":"category","embeddable":true,"href":"https:\/\/www.europesays.com\/cz\/wp-json\/wp\/v2\/categories?post=94855"},{"taxonomy":"post_tag","embeddable":true,"href":"https:\/\/www.europesays.com\/cz\/wp-json\/wp\/v2\/tags?post=94855"}],"curies":[{"name":"wp","href":"https:\/\/api.w.org\/{rel}","templated":true}]}}