{"id":95309,"date":"2026-05-24T05:04:12","date_gmt":"2026-05-24T05:04:12","guid":{"rendered":"https:\/\/www.europesays.com\/cz\/95309\/"},"modified":"2026-05-24T05:04:12","modified_gmt":"2026-05-24T05:04:12","slug":"byvali-generalove-policie-resi-zvlastni-prestupek-meli-uniformy-bez-nasivky","status":"publish","type":"post","link":"https:\/\/www.europesays.com\/cz\/95309\/","title":{"rendered":"B\u00fdval\u00ed gener\u00e1lov\u00e9 policie \u0159e\u0161\u00ed zvl\u00e1\u0161tn\u00ed p\u0159estupek. M\u011bli uniformy bez n\u00e1\u0161ivky"},"content":{"rendered":"<p class=\"e_bX\">P\u0159ed t\u00fddnem se na Pra\u017esk\u00e9m hrad\u011b konala akce Policista roku 2025, kde byli oce\u0148ov\u00e1ni nejlep\u0161\u00ed policist\u00e9 a\u00a0policistky za uplynul\u00fd rok. Ocen\u011bn byl i\u00a0b\u00fdval\u00fd \u0159editel Ochrann\u00e9 slu\u017eby Policie \u010cR a\u00a0n\u00e1m\u011bstek ministra vnitra Ji\u0159\u00ed Komorous, kter\u00fd loni v\u00a0prosinci ode\u0161el do d\u016fchodu. Na Hrad p\u0159i\u0161el ve slu\u017eebn\u00edm stejnokroji, na kter\u00e9m m\u011bl p\u0159i\u0161it\u00fd nep\u0159\u00edslu\u0161n\u00fd znak.<\/p>\n<p class=\"e_bX\">\u0160patn\u011b ozna\u010denou uniformu si obl\u00e9kl v\u00a0dubnu rovn\u011b\u017e Martin \u010cerv\u00ed\u010dek. B\u00fdval\u00fd policejn\u00ed prezident a\u00a0aktu\u00e1ln\u00ed m\u00edstop\u0159edseda ODS se z\u00fa\u010dastnil slavnostn\u00edho p\u0159ed\u00e1v\u00e1n\u00ed ocen\u011bn\u00ed Policista roku 2025\u00a0Kr\u00e1lov\u00e9hradeck\u00e9ho kraje.<\/p>\n<p class=\"e_bX\">Ofici\u00e1ln\u00ed znak pro policisty ve v\u00fdslu\u017eb\u011b se od b\u011b\u017en\u00e9 uniformy pon\u011bkud li\u0161\u00ed. M\u00edsto klasick\u00e9ho st\u00e1tn\u00edho znaku zdob\u00ed ruk\u00e1v n\u00e1\u0161ivka osmic\u00edp\u00e9 policejn\u00ed hv\u011bzdy, kterou obklopuj\u00ed zelen\u00e9 listy s\u00a0n\u00e1pisem \u201eVETER\u00c1N\u201c. Pr\u00e1v\u011b tento symbol na uniform\u00e1ch obou gener\u00e1l\u016f chyb\u011bl.<\/p>\n<p class=\"e_bX\">Policist\u00e9 ve v\u00fdslu\u017eb\u011b uniformu nosit sm\u00ed, ale dle z\u00e1kona o\u00a0Policii \u010cR jim to mus\u00ed odsouhlasit policejn\u00ed prezident. Policie Seznam Zpr\u00e1v\u00e1m potvrdila, \u017ee oba gener\u00e1lov\u00e9 souhlas ud\u011blen\u00fd maj\u00ed. \u201eJe v\u0161ak zjevn\u00e9, \u017ee p\u0159\u00edslu\u0161n\u00e9 veter\u00e1nsk\u00e9 ozna\u010den\u00ed na jejich stejnokroj\u00edch chyb\u00ed,\u201c podot\u00fdk\u00e1 vedouc\u00ed odboru komunikace a\u00a0vn\u011bj\u0161\u00edch vztah\u016f Policie \u010cR Jozef Boc\u00e1n.<\/p>\n<p><img fetchpriority=\"high\" height=\"2730\"   width=\"4096\" src=\"https:\/\/www.europesays.com\/cz\/wp-content\/uploads\/2026\/05\/jiri-komorous-policie-ochranna-sluzba-sef-matejkova.jpeg\" loading=\"eager\" decoding=\"sync\" class=\"e_aa e_Z\"\/>Foto: Renata Mat\u011bjkov\u00e1, Seznam Zpr\u00e1vy<\/p>\n<p class=\"e_bX\">Ji\u0159\u00ed Komorous.<\/p>\n<p class=\"e_bX\">Podle z\u00e1kona za nedodr\u017een\u00ed podm\u00ednek k\u00a0u\u017e\u00edv\u00e1n\u00ed slu\u017eebn\u00edho stejnokroje a\u00a0jeho sou\u010d\u00e1st\u00ed hroz\u00ed doty\u010dn\u00fdm ulo\u017een\u00ed pokuty a\u017e do v\u00fd\u0161e 50\u00a0tis\u00edc\u00a0korun. Policie p\u0159edala p\u0159\u00edpad k\u00a0\u0159e\u0161en\u00ed. \u201eV\u011bc oznamujeme pro podez\u0159en\u00ed z\u00a0p\u0159estupku k\u00a0dal\u0161\u00edmu projedn\u00e1n\u00ed p\u0159\u00edslu\u0161n\u00fdm spr\u00e1vn\u00edm org\u00e1n\u016fm,\u201c reaguje Boc\u00e1n.<\/p>\n<p>Policie zv\u00e1\u017e\u00ed zm\u011bnu uniforem<\/p>\n<p class=\"e_bX\">\u010cerv\u00ed\u010dek o\u00a0\u0161patn\u00e9m symbolu v\u00ed. Z\u00a0d\u016fvodu mo\u017en\u00e9ho po\u0161kozen\u00ed stejnokroje jej ale ne\u0159e\u0161il. \u201eSvolen\u00ed k\u00a0no\u0161en\u00ed uniformy po 26\u00a0letech u\u00a0policie, kde jsem dos\u00e1hl hodnosti brig\u00e1dn\u00edho gener\u00e1la, m\u00e1m. Veter\u00e1nsk\u00e9 ozna\u010den\u00ed na n\u00ed chyb\u00ed, proto\u017ee tam, kde m\u00e1 b\u00fdt um\u00edst\u011bno, je pln\u011b vy\u0161it\u00fd znak, kter\u00fd nelze snadno vyp\u00e1rat, ani\u017e by do\u0161lo k\u00a0nep\u0159ehl\u00e9dnuteln\u00e9mu po\u0161kozen\u00ed ruk\u00e1vu,\u201c vysv\u011btluje \u010cerv\u00ed\u010dek. A\u00a0dod\u00e1v\u00e1, \u017ee dal policii podn\u011bt, aby v\u00a0r\u00e1mci p\u0159edpis\u016f zv\u00e1\u017eila i\u00a0jin\u00e1 ozna\u010den\u00ed a\u00a0uniforma se nemusela p\u0159e\u0161\u00edvat.<\/p>\n<p class=\"e_bX\">\u017de vy\u0161it\u00fd znak nelze jednodu\u0161e odstranit, potvrdil i\u00a0Boc\u00e1n. \u201eKonkr\u00e9tn\u011b toto proveden\u00ed m\u00e1 st\u00e1tn\u00ed znak p\u0159\u00edmo vy\u0161it\u00fd do ruk\u00e1vov\u00e9 \u010d\u00e1sti, tedy jej nelze odstranit tak snadno jako prostou n\u00e1\u0161ivku,\u201c dod\u00e1v\u00e1 s\u00a0t\u00edm, \u017ee se Stejnokrojov\u00e1 komise Policie \u010cR bude d\u00e1le zab\u00fdvat mo\u017enou \u00fapravou ozna\u010den\u00ed u\u00a0uniforem policejn\u00edch veter\u00e1n\u016f.<\/p>\n<p class=\"e_bX\">B\u00fdval\u00fd policejn\u00ed prezident je v\u0161ak p\u0159ipraven n\u00e9st odpov\u011bdnost i\u00a0v p\u0159\u00edpad\u011b, \u017ee k\u00a0\u00faprav\u011b nedojde. \u201eBude-li to, \u017ee jsem uniformu pou\u017eil na slavnostn\u00ed policejn\u00ed akci bez veter\u00e1nsk\u00e9ho ozna\u010den\u00ed, vn\u00edm\u00e1no jako p\u0159estupek, budu samoz\u0159ejm\u011b respektovat p\u0159\u00edslu\u0161n\u00e9 rozhodnut\u00ed,\u201c \u0159\u00edk\u00e1 \u010cerv\u00ed\u010dek.<\/p>\n<p class=\"e_bX\">Redakce Seznam Zpr\u00e1v se pokou\u0161ela kontaktovat rovn\u011b\u017e Ji\u0159\u00edho Komorouse. Mluv\u010d\u00ed policejn\u00edho prezidia Ond\u0159ej Morav\u010d\u00edk gener\u00e1la o\u00a0\u017e\u00e1dosti redakce o\u00a0vyj\u00e1d\u0159en\u00ed informoval, Komorous se v\u0161ak a\u017e do vyd\u00e1n\u00ed \u010dl\u00e1nku neozval.<\/p>\n","protected":false},"excerpt":{"rendered":"P\u0159ed t\u00fddnem se na Pra\u017esk\u00e9m hrad\u011b konala akce Policista roku 2025, kde byli oce\u0148ov\u00e1ni nejlep\u0161\u00ed policist\u00e9 a\u00a0policistky za&hellip;\n","protected":false},"author":2,"featured_media":95310,"comment_status":"","ping_status":"","sticky":false,"template":"","format":"standard","meta":{"footnotes":"","_share_on_mastodon":"0"},"categories":[7],"tags":[43,42,41,40,28798,14598,325,5327,966,14053,1582,28797],"class_list":["post-95309","post","type-post","status-publish","format-standard","has-post-thumbnail","category-cesko","tag-ceska-republika","tag-cesko","tag-czech-republic","tag-czechia","tag-jiri-komorous","tag-martin-cervicek","tag-policie","tag-prestupek","tag-sluzby","tag-stejnokroj","tag-uniformy","tag-znak"],"share_on_mastodon":{"url":"https:\/\/pubeurope.com\/@cz\/116627810793494567","error":""},"_links":{"self":[{"href":"https:\/\/www.europesays.com\/cz\/wp-json\/wp\/v2\/posts\/95309","targetHints":{"allow":["GET"]}}],"collection":[{"href":"https:\/\/www.europesays.com\/cz\/wp-json\/wp\/v2\/posts"}],"about":[{"href":"https:\/\/www.europesays.com\/cz\/wp-json\/wp\/v2\/types\/post"}],"author":[{"embeddable":true,"href":"https:\/\/www.europesays.com\/cz\/wp-json\/wp\/v2\/users\/2"}],"replies":[{"embeddable":true,"href":"https:\/\/www.europesays.com\/cz\/wp-json\/wp\/v2\/comments?post=95309"}],"version-history":[{"count":0,"href":"https:\/\/www.europesays.com\/cz\/wp-json\/wp\/v2\/posts\/95309\/revisions"}],"wp:featuredmedia":[{"embeddable":true,"href":"https:\/\/www.europesays.com\/cz\/wp-json\/wp\/v2\/media\/95310"}],"wp:attachment":[{"href":"https:\/\/www.europesays.com\/cz\/wp-json\/wp\/v2\/media?parent=95309"}],"wp:term":[{"taxonomy":"category","embeddable":true,"href":"https:\/\/www.europesays.com\/cz\/wp-json\/wp\/v2\/categories?post=95309"},{"taxonomy":"post_tag","embeddable":true,"href":"https:\/\/www.europesays.com\/cz\/wp-json\/wp\/v2\/tags?post=95309"}],"curies":[{"name":"wp","href":"https:\/\/api.w.org\/{rel}","templated":true}]}}