{"id":95438,"date":"2026-05-24T07:42:07","date_gmt":"2026-05-24T07:42:07","guid":{"rendered":"https:\/\/www.europesays.com\/cz\/95438\/"},"modified":"2026-05-24T07:42:07","modified_gmt":"2026-05-24T07:42:07","slug":"ceska-televize-oznamila-velky-navrat-legendarniho-serialu-divaci-nad-55-let-z-nej-budou-pristi-tyden-paf","status":"publish","type":"post","link":"https:\/\/www.europesays.com\/cz\/95438\/","title":{"rendered":"\u010cesk\u00e1 televize ozn\u00e1mila velk\u00fd n\u00e1vrat legend\u00e1rn\u00edho seri\u00e1lu. Div\u00e1ci nad 55 let z n\u011bj budou p\u0159\u00ed\u0161t\u00ed t\u00fdden paf"},"content":{"rendered":"<p>\t\t\t\t\t24. 5. 2026<\/p>\n<p>\u010cesk\u00e1 televize pot\u011b\u0161\u00ed star\u0161\u00ed generace. Objevila se informace o tom, \u017ee na obrazovky se vrac\u00ed seri\u00e1l, kter\u00fd byl v\u00a0osmdes\u00e1tk\u00e1ch jeden z\u00a0nejsledovan\u011bj\u0161\u00edch seri\u00e1l\u016f. Pamatuje si ho hned n\u011bkolik generac\u00ed a repr\u00edza p\u0159in\u00e1\u0161\u00ed d\u00e1vku nostalgie. Od p\u0159\u00ed\u0161t\u00edho t\u00fddne se tak m\u016f\u017eou div\u00e1ci t\u011b\u0161it na prvn\u00ed d\u00edl, kter\u00fd odvys\u00edl\u00e1 \u010cT.<\/p>\n<p>Klasick\u00e9 \u010desk\u00e9 seri\u00e1ly maj\u00ed \u010dasto vy\u0161\u0161\u00ed sledovanost ne\u017e ty nov\u00e9.<\/p>\n<p>N\u00e1vrat, kter\u00fd pot\u011b\u0161\u00ed nejednu generaci<\/p>\n<p>Repr\u00edzov\u00e1n\u00ed star\u00fdch seri\u00e1l\u016f nen\u00ed u n\u00e1s nic neobvykl\u00e9ho. P\u0159edev\u0161\u00edm v\u00a0obdob\u00ed kolem letn\u00edch pr\u00e1zdnin, kdy pravideln\u00e9 seri\u00e1ly maj\u00ed pauzu, je vys\u00edl\u00e1n\u00ed star\u00e9 dobr\u00e9 klasiky naprosto b\u011b\u017en\u00e9. Letos se \u010cesk\u00e1 televize rozhodla pro rodinnou s\u00e1gu, kterou zn\u00e1 ka\u017ed\u00fd nad 50 let. Tento trend potvrzuj\u00ed i v\u00a0zahrani\u010d\u00ed. Podle dostupn\u00fdch informac\u00ed sleduje klasick\u00e9 vys\u00edl\u00e1n\u00ed nejv\u00edce skupina lid\u00ed ve v\u011bku nad 50 let, pro kter\u00e9 m\u00e1 st\u00e1le v\u011bt\u0161\u00ed v\u00e1hu ne\u017e streamovac\u00ed platformy a online vys\u00edl\u00e1n\u00ed. Nasazen\u00ed obl\u00edben\u00fdch seri\u00e1l\u016f do programu je pro n\u011b \u010dasto nostalgick\u00e9.<\/p>\n<p><img loading=\"lazy\" title=\"shutterstock_2452284469 1 | TVGURU.cz\" fetchpriority=\"high\" decoding=\"async\" class=\"size-large wp-image-325342\" src=\"https:\/\/www.europesays.com\/cz\/wp-content\/uploads\/2026\/05\/shutterstock_2452284469-1-1200x798.webp\" alt=\"Rooftop of a building with large '\u010cesk\u00e1 Televize' sign and tall broadcast antennas against a blue sky.\" width=\"1165\" height=\"775\"  \/>\u010cesk\u00e1 televize v posledn\u00ed kv\u011btnov\u00fd den nasad\u00ed repr\u00edzu obl\u00edben\u00e9ho seri\u00e1lu. Zdroj: Shutterstock.<\/p>\n<p>\u010cesk\u00e1 televize pravideln\u011b vys\u00edl\u00e1 repr\u00edzy zn\u00e1m\u00fdch seri\u00e1l\u016f a tentokr\u00e1t vsadila na komedi\u00e1ln\u00ed rodinnou s\u00e1gu. Pamatuj\u00ed si ji v\u0161ichni, a i po letech div\u00e1ky bav\u00ed, nap\u0159\u00edklad proto, \u017ee je nad\u010dasov\u00e1. Na\u010dasov\u00e1n\u00ed p\u0159ed letn\u00edmi pr\u00e1zdninami je nav\u00edc skv\u011bl\u00e9 v\u00a0tom, \u017ee pravideln\u00e9 seri\u00e1ly kon\u010d\u00ed a ty pr\u00e1zdninov\u00e9 je\u0161t\u011b neza\u010daly.<\/p>\n<p>Dopoledn\u00ed vys\u00edl\u00e1n\u00ed jako kl\u00ed\u010d k \u00fasp\u011bchu<\/p>\n<p>Seri\u00e1l pob\u011b\u017e\u00ed ka\u017edou ned\u011bli dopoledne, co\u017e se nemus\u00ed zd\u00e1t jako nejlep\u0161\u00ed volba, ale ve skute\u010dnosti je to promy\u0161len\u00ed tah. Podle studie spole\u010dnosti Ofcom sleduje v\u00edkendov\u00e9 dopoledn\u00ed vys\u00edl\u00e1n\u00ed pr\u00e1v\u011b v\u011bkov\u00e1 skupina 50+, kter\u00e1 m\u00e1 pravideln\u00fd re\u017eim. O v\u00edkendu je pravd\u011bpodobn\u00e9, \u017ee v dopoledn\u00edch hodin\u00e1ch si lid\u00e9 doma zapnou televizi a pokud stanice nasad\u00ed obl\u00edbenou klasiku, \u010dasto je to \u00fasp\u011bch.<\/p>\n<p>Dopoledn\u00ed vys\u00edl\u00e1n\u00ed je nav\u00edc mnohem klidn\u011bj\u0161\u00ed ne\u017e hlavn\u00ed vys\u00edlac\u00ed \u010das ve\u010der. V\u00fdb\u011br je snaz\u0161\u00ed a stanice se nep\u0159edh\u00e1n\u011bj\u00ed v\u00a0tom, kdo pust\u00ed v\u011bt\u0161\u00ed trh\u00e1k. Ned\u011bln\u00ed dopoledne je v\u011bt\u0161inou ve znamen\u00ed odpo\u010dinku, a tak je obl\u00edben\u00fd seri\u00e1l skv\u011blou volbou. Tento konkr\u00e9tn\u00ed seri\u00e1l je je\u0161t\u011b pln\u00fd humoru a nads\u00e1zky, tud\u00ed\u017e pro v\u0161echny generace.<\/p>\n<p>Rodinn\u00e9 trable jako n\u00e1m\u011bt na seri\u00e1l<\/p>\n<p>T\u0159in\u00e1ctid\u00edln\u00fd rodinn\u00fd seri\u00e1l, kter\u00fd se nat\u00e1\u010del v\u00a0\u010ceskoslovensku v roce 1982, mapuje ka\u017edodenn\u00ed \u017eivot oby\u010dejn\u00e9 \u017eelezni\u010d\u00e1\u0159sk\u00e9 rodiny. Hlavou rodiny je b\u00fdval\u00fd strojvedouc\u00ed, kter\u00fd m\u00e1 kolem sebe rodinn\u00fd klan. Ka\u017ed\u00fd \u010dlen rodiny se n\u011bjak\u00fdm zp\u016fsobem pohybuje kolem \u017eeleznic a\u017e na syna Pepu, kter\u00fd se rozhodl pro pr\u00e1ci v\u00a0autoservisu. To v\u0161echno je skv\u011bl\u00fd n\u00e1m\u011bt na seri\u00e1l\u00a0pln\u00fd humoru, rodinn\u00fdch dramat a ka\u017edodenn\u00edch starost\u00ed, kter\u00e9 lid\u00e9 \u0159e\u0161ili v\u00a0tehdej\u0161\u00edm \u010ceskoslovensku.<\/p>\n<p><img loading=\"lazy\" title=\"profimedia-0095590434 1 | TVGURU.cz\" decoding=\"async\" class=\"size-large wp-image-325341\" src=\"https:\/\/www.europesays.com\/cz\/wp-content\/uploads\/2026\/05\/profimedia-0095590434-1-1200x800.webp\" alt=\"Close-up of an older man in a suit looking upward, with a younger man blurred in the background at a formal event.\" width=\"1165\" height=\"777\"  \/>V hlavn\u00edch rol\u00edch \u201eDynastie Nov\u00e1k\u016f\u201c se objevuje nap\u0159\u00edklad Radoslav Brzobohat\u00fd. Zdroj: Ond\u0159ej Littera \/ MAFRA \/ Profimedia.<\/p>\n<p>Jeliko\u017e tehdy nebylo seri\u00e1l\u016f tolik jako dnes, lid\u00e9 si je pamatuj\u00ed do detailu. Ur\u010dit\u011b si vzpomenete na autentick\u00e1 m\u00edsta nat\u00e1\u010den\u00ed nap\u0159\u00ed\u010d Prahou. Seri\u00e1l d\u00edky tomu vypadal opravdu<a href=\"https:\/\/www.tvguru.cz\/tv-nova-zverejnila-zakazane-zabery-z-ulice\/\" target=\"_blank\" rel=\"noopener nofollow\"> jako z\u00a0b\u011b\u017en\u00e9ho \u017eivota<\/a>. Nem\u016f\u017eeme vynechat ani skv\u011bl\u00e9 hereck\u00e9 obsazen\u00ed, kdy se v\u00a0hlavn\u00edch rol\u00edch p\u0159edstavil nap\u0159\u00edklad Josef Kemr, Radoslav Brzobohat\u00fd nebo Hana Maciuchov\u00e1. V\u0161ichni jsou pova\u017eov\u00e1ni za legendy \u010desk\u00e9ho filmu a stejn\u011b legend\u00e1rn\u00ed je i samotn\u00fd seri\u00e1l. Zaj\u00edmavost\u00ed je i nap\u0159\u00edklad to, \u017ee obrovsk\u00fd model kolejnic visel pozd\u011bji v\u00a0Muzeu hra\u010dek.<\/p>\n<p>Pro\u010d jsou repr\u00edzy klasik tak \u00fasp\u011b\u0161n\u00e9<\/p>\n<p>\u201eLid\u00e9, kte\u0159\u00ed jsou zvykl\u00ed na ur\u010dit\u00fd typ obsahu \u010di technologii, \u010dasto vyhled\u00e1vaj\u00ed star\u0161\u00ed medi\u00e1ln\u00ed formy pr\u00e1v\u011b proto, \u017ee jim poskytuj\u00ed emo\u010dn\u00ed komfort a stabilitu v dob\u011b rychl\u00fdch zm\u011bn,\u201c \u0159ekl <a href=\"https:\/\/ijoc.org\/index.php\/ijoc\/article\/view\/5534\" target=\"_blank\" rel=\"noopener nofollow\">odborn\u00edk na medi\u00e1ln\u00ed chov\u00e1n\u00ed<\/a> Manuel Menke.<\/p>\n<p>To vysv\u011btluje, pro\u010d jsou repr\u00edzy star\u00fdch seri\u00e1l\u016f tak obl\u00edben\u00e9. Kdy\u017e se skombinuje nostalgie, skv\u011bl\u00ed herci a humor, televize nem\u016f\u017ee \u0161l\u00e1pnout vedle. A p\u0159esn\u011b na to se m\u016f\u017eou div\u00e1ci t\u011b\u0161it u\u017e 31.5. v\u00a011:10 na \u010cT1.<\/p>\n<p>Nad\u010dasov\u00fd seri\u00e1l, kter\u00fd usp\u011bje i dnes<\/p>\n<p>Seri\u00e1l Dynastie Nov\u00e1k\u016f se vrac\u00ed na televizn\u00ed obrazovky u\u017e posledn\u00ed kv\u011btnov\u00fd den a ka\u017edou ned\u011bli se div\u00e1ci do\u010dkaj\u00ed nov\u00e9ho d\u00edlu. Pokud m\u00e1te r\u00e1di starou \u010deskou klasiku, mus\u00edte si pustit tento osmdes\u00e1tkov\u00fd hit. Seri\u00e1l je nad\u010dasov\u00fd a bude tak bavit celou rodinu. V\u00a0ned\u011bli 31.5. v\u00a011:10 si nala\u010fte \u010cT1 a u\u017eijte si ned\u011bln\u00ed z\u00e1bavu.<\/p>\n<p>Zdroj: csfd.cz, ijoc.org, ofcom.org.uk, pewresearch.org, ceskatelevize.cz<\/p>\n","protected":false},"excerpt":{"rendered":"24. 5. 2026 \u010cesk\u00e1 televize pot\u011b\u0161\u00ed star\u0161\u00ed generace. Objevila se informace o tom, \u017ee na obrazovky se vrac\u00ed&hellip;\n","protected":false},"author":2,"featured_media":95439,"comment_status":"","ping_status":"","sticky":false,"template":"","format":"standard","meta":{"footnotes":"","_share_on_mastodon":"0"},"categories":[14],"tags":[8886,79,28824,651,875,80],"class_list":["post-95438","post","type-post","status-publish","format-standard","has-post-thumbnail","category-zabava","tag-ceskoslovensko","tag-entertainment","tag-klasika","tag-rodina","tag-serial","tag-zabava"],"share_on_mastodon":{"url":"https:\/\/pubeurope.com\/@cz\/116628432432063069","error":""},"_links":{"self":[{"href":"https:\/\/www.europesays.com\/cz\/wp-json\/wp\/v2\/posts\/95438","targetHints":{"allow":["GET"]}}],"collection":[{"href":"https:\/\/www.europesays.com\/cz\/wp-json\/wp\/v2\/posts"}],"about":[{"href":"https:\/\/www.europesays.com\/cz\/wp-json\/wp\/v2\/types\/post"}],"author":[{"embeddable":true,"href":"https:\/\/www.europesays.com\/cz\/wp-json\/wp\/v2\/users\/2"}],"replies":[{"embeddable":true,"href":"https:\/\/www.europesays.com\/cz\/wp-json\/wp\/v2\/comments?post=95438"}],"version-history":[{"count":0,"href":"https:\/\/www.europesays.com\/cz\/wp-json\/wp\/v2\/posts\/95438\/revisions"}],"wp:featuredmedia":[{"embeddable":true,"href":"https:\/\/www.europesays.com\/cz\/wp-json\/wp\/v2\/media\/95439"}],"wp:attachment":[{"href":"https:\/\/www.europesays.com\/cz\/wp-json\/wp\/v2\/media?parent=95438"}],"wp:term":[{"taxonomy":"category","embeddable":true,"href":"https:\/\/www.europesays.com\/cz\/wp-json\/wp\/v2\/categories?post=95438"},{"taxonomy":"post_tag","embeddable":true,"href":"https:\/\/www.europesays.com\/cz\/wp-json\/wp\/v2\/tags?post=95438"}],"curies":[{"name":"wp","href":"https:\/\/api.w.org\/{rel}","templated":true}]}}