{"id":95461,"date":"2026-05-24T08:13:10","date_gmt":"2026-05-24T08:13:10","guid":{"rendered":"https:\/\/www.europesays.com\/cz\/95461\/"},"modified":"2026-05-24T08:13:10","modified_gmt":"2026-05-24T08:13:10","slug":"prirodou-z-kavarny-do-kavarny-vylet-z-hejnic-za-vodopady-a-koupeli-v-horske-tuni","status":"publish","type":"post","link":"https:\/\/www.europesays.com\/cz\/95461\/","title":{"rendered":"P\u0159\u00edrodou z\u00a0kav\u00e1rny do kav\u00e1rny. V\u00fdlet z\u00a0Hejnic za vodop\u00e1dy a\u00a0koupel\u00ed v\u00a0horsk\u00e9 t\u016fni"},"content":{"rendered":"<p class=\"e_bX\">Kdy\u017e se v\u00a0Hejnic\u00edch ocitnete po t\u0159\u00eddenn\u00edm p\u0159echodu Krkono\u0161 a\u00a0Jizersk\u00fdch hor, t\u011b\u017eko se divit, \u017ee n\u00e1sleduj\u00edc\u00ed r\u00e1no nesp\u011bch\u00e1te. V\u00a0pomal\u00e9m startu n\u00e1s je\u0161t\u011b utvrdila \u00fatuln\u00e1 kav\u00e1rna Hugo na zdej\u0161\u00edm n\u00e1m\u011bst\u00ed, s\u00a0v\u00fdhledem na velkolep\u00fd chr\u00e1m a\u00a0horsk\u00fd mas\u00edv. <\/p>\n<p class=\"e_bX\">Opou\u0161t\u011bt jej\u00ed terasu se n\u00e1m p\u0159\u00edli\u0161 necht\u011blo, a\u017e k\u00a0poledni jsme se rozhoupali k\u00a0nen\u00e1ro\u010dn\u00e9mu v\u00fd\u0161lapu. Na p\u016fl dne to v\u0161ak byl v\u00fdlet akor\u00e1t. <\/p>\n<p class=\"e_bX\">Volba padla na v\u00fdstup k\u00a0vodop\u00e1d\u016fm na \u0159\u00ed\u010dce B\u00edl\u00fd \u0160tolpich, kolem nich\u017e lze pokra\u010dovat k\u00a0bufetu H\u0159eb\u00ednek a\u00a0odtud bukov\u00fdmi lesy po\u017e\u00edvaj\u00edc\u00edmi ochrany UNESCO ke korytu \u010cern\u00e9ho \u0160tolpichu. Tady se podle m\u00edstn\u00edch znalc\u016f skr\u00fdvaj\u00ed m\u00edsta vhodn\u00e1 ke koup\u00e1n\u00ed\u00a0\u2013 po des\u00edtk\u00e1ch kilometr\u016f u\u0161lapan\u00fdch v\u00a0p\u0159edchoz\u00edch dnech bychom r\u00e1di smo\u010dili nejen nohy.<\/p>\n<p>Stezka na po\u010dest kancl\u00e9\u0159e prezident\u016f a\u00a0poutn\u00ed cesta<\/p>\n<p class=\"e_bX\">Hned u\u00a0Huga se m\u016f\u017eeme chytnout zelen\u00e9 zna\u010dky, kter\u00e1 v\u00a0tomto \u00faseku nese jm\u00e9no P\u0159emysla \u0160\u00e1mala\u00a0\u2013 kancl\u00e9\u0159e prezident\u016f T. G. Masaryka a\u00a0Edvarda Bene\u0161e, jen\u017e se zaslou\u017eil o\u00a0rozvoj \u010desk\u00e9ho \u0161kolstv\u00ed v\u00a0sudetsk\u00e9m pohrani\u010d\u00ed. Vzd\u00e1me tichou poctu state\u010dn\u00e9mu mu\u017ei, umu\u010den\u00e9mu za v\u00e1lky v\u00a0Berl\u00edn\u011b, a\u00a0sou\u010dasn\u011b u\u017e nahl\u00ed\u017e\u00edme p\u0159es ploty rodinn\u00fdch domk\u016f do bujn\u011b kvetouc\u00edch zahr\u00e1dek, vyu\u017e\u00edvaj\u00edc\u00edch p\u0159\u00edzniv\u00fdch vodn\u00edch pom\u011br\u016f horsk\u00e9ho \u00fabo\u010d\u00ed.<\/p>\n<p class=\"e_bX\">Po kilometru pohodln\u00e9 ch\u016fze hejnick\u00fdm p\u0159edm\u011bst\u00edm se r\u00e1z v\u00fdpravy m\u011bn\u00ed. Asfalt st\u0159\u00eddaj\u00ed kameny a\u00a0ko\u0159eny, za\u010d\u00edn\u00e1me nab\u00edrat v\u00fd\u0161kov\u00e9 metry. M\u00edj\u00edme prvn\u00ed z\u00a0mnoha k\u0159\u00ed\u017ek\u016f a\u00a0svat\u00fdch obr\u00e1zk\u016f\u00a0\u2013 znamen\u00ed, \u017ee jsme se napojili na Novou poutn\u00ed cestu. Vznikla na po\u010d\u00e1tku 18.\u00a0stolet\u00ed a\u00a0vedla z\u00a0Liberce p\u0159es Jizersk\u00e9 hory pr\u00e1v\u011b do Hejnic. Jej\u00ed sou\u010d\u00e1st\u00ed b\u00fdvala K\u0159\u00ed\u017eov\u00e1 cesta se \u010dtrn\u00e1cti zastaven\u00edmi, z\u00a0jejich\u017e p\u016fvodn\u00ed podoby nic nez\u016fstalo.<\/p>\n<p class=\"e_bX\">Dochovaly se v\u0161ak p\u00edsemnosti, ze kter\u00fdch je mo\u017en\u00e9 vy\u010d\u00edst, jak vypadala zdej\u0161\u00ed proces\u00ed: \u201ePoutn\u00edci putovali s\u00a0uzl\u00edkem tvarohu v\u00a0jedn\u00e9 ruce a\u00a0s r\u016f\u017eencem v\u00a0druh\u00e9, bos\u00ed s\u00a0botami p\u0159es rameno,\u201c uv\u00e1d\u00ed infotabule. \u00dapadek tradice na\u010dala druh\u00e1 sv\u011btov\u00e1 v\u00e1lka, dokonalo ji vys\u00eddlen\u00ed n\u011bmeck\u00e9ho obyvatelstva a\u00a0n\u00e1stup komunismu. <\/p>\n<p><img fetchpriority=\"high\" height=\"3024\"   width=\"4032\" src=\"https:\/\/www.europesays.com\/cz\/wp-content\/uploads\/2026\/05\/hejnice-jizerskohorske-buciny.jpeg\" loading=\"eager\" decoding=\"sync\" class=\"e_aa e_Z\"\/>Foto: Marek \u0160\u00e1lek, Seznam Zpr\u00e1vy<a data-dot=\"mol-article-card-media\" aria-hidden=\"true\" tabindex=\"-1\" href=\"https:\/\/www.seznamzpravy.cz\/clanek\/magazin-architektura-poutni-misto-hejnice-300-let-277164\" class=\"e_n f_l1\" rel=\"nofollow noopener\" target=\"_blank\"><img height=\"2304\"   width=\"4096\" src=\"https:\/\/www.europesays.com\/cz\/wp-content\/uploads\/2026\/05\/hejnice-poutni-misto.jpeg\" loading=\"eager\" decoding=\"sync\" class=\"e_aa e_Z\"\/><\/a><\/p>\n<p class=\"e_bX\">V \u0161edes\u00e1t\u00fdch letech vyfotografoval autor n\u00e1dhern\u00fdch kn\u00ed\u017eek o\u00a0zdej\u0161\u00ed krajin\u011b Miroslav Nevrl\u00fd n\u00e1znaky k\u0159\u00ed\u017e\u016f a\u00a0obr\u00e1zk\u016f, kter\u00e9 poutn\u00edci vzty\u010dovali pod\u00e9l cesty a\u00a0v\u011b\u0161eli po stromech. B\u011bhem n\u00e1sleduj\u00edc\u00edch let i\u00a0ty zmizely a\u00a0a\u017e po roce 1990\u00a0se m\u00edstn\u00edm nad\u0161enc\u016fm poda\u0159ilo ve star\u00fdch map\u00e1ch nal\u00e9zt alespo\u0148 zlomek m\u00edst, kde obr\u00e1zky visely, a\u00a0stejn\u00e1 m\u00edsta ozdobit obr\u00e1zky nov\u00fdmi. Zvolili motiv svat\u00fdch ochr\u00e1nc\u016f, tak\u017ee je tu vyobrazen nap\u0159\u00edklad patron houba\u0159\u016f svat\u00fd V\u00edt \u010di patron pocestn\u00fdch svat\u00fd Kry\u0161tof.<\/p>\n<p>Vodop\u00e1d, horsk\u00e1 byst\u0159ina i\u00a0bufet s\u00a0nab\u00eddkou \u201etet\u0159ev\u00edho trusu\u201c<\/p>\n<p class=\"e_bX\">V polovin\u011b stoup\u00e1n\u00ed n\u00e1s \u010dek\u00e1 krati\u010dk\u00e1 odbo\u010dka k\u00a0nejv\u011bt\u0161\u00ed p\u0159\u00edrodn\u00ed atrakci cel\u00e9ho v\u00fdletu, kter\u00e1 nese komplikovan\u00fd n\u00e1zev: vodop\u00e1d Mal\u00fd (B\u00edl\u00fd) \u0160tolpich II. Z\u00a0pohledu do mapy vid\u00edme, \u017ee cestou vzh\u016fru k\u00a0t\u00e9to \u0161tolpi\u0161sk\u00e9 \u201edvojce\u201c jsme minuli vodop\u00e1d ozna\u010den\u00fd \u010d\u00edslem III., zat\u00edmco \u201ejedni\u010dka\u201c je je\u0161t\u011b kus nad n\u00e1mi. Ke dvojce jako jedin\u00e9 ze v\u0161ech t\u0159\u00ed vede turistick\u00e1 zna\u010dka a\u00a0je p\u0159es ni vystav\u011bna d\u0159ev\u011bn\u00e1 l\u00e1vka se z\u00e1bradl\u00edm. P\u0159esto jsme tady uprost\u0159ed kr\u00e1sn\u00e9 kv\u011btnov\u00e9 soboty sami.<\/p>\n<p class=\"e_bX\">Vodop\u00e1d nen\u00ed v\u00a0d\u016fsledku jarn\u00edho sucha nijak monument\u00e1ln\u00ed. V\u00edc n\u00e1s p\u0159itahuje pohled do hlubiny, kde se mezi obrovit\u00fdmi balvany s\u00a0hukotem st\u0159\u00eddav\u011b vyno\u0159uje a\u00a0miz\u00ed horsk\u00e1 byst\u0159ina. Na opa\u010dn\u00fd b\u0159eh ofici\u00e1ln\u00ed cesta nevede, je sem dokonce z\u00e1kaz vstupu\u00a0\u2013 v\u0161ude kolem se rozprost\u00edr\u00e1 N\u00e1rodn\u00ed p\u0159\u00edrodn\u00ed rezervace Jizerskohorsk\u00e9 bu\u010diny. <\/p>\n<p><img height=\"3024\"   width=\"4032\" src=\"https:\/\/www.europesays.com\/cz\/wp-content\/uploads\/2026\/05\/1779610389_978_hejnice-jizerskohorske-buciny.jpeg\" loading=\"eager\" decoding=\"sync\" class=\"e_aa e_Z\"\/>Foto: Marek \u0160\u00e1lek, Seznam Zpr\u00e1vy<\/p>\n<p class=\"e_bX\">Ob\u010derstven\u00ed H\u0159eb\u00ednek.<\/p>\n<p class=\"e_bX\">Te\u010f u\u017e se t\u011b\u0161\u00edme k\u00a0bufetu H\u0159eb\u00ednek. V\u00a0ly\u017ea\u0159sk\u00e9 sezon\u011b b\u00fdv\u00e1 oble\u017een\u00fd b\u011b\u017eka\u0159i, te\u010f by tam\u00a0\u2013 soud\u011b podle toho, \u017ee jsme dosud potkali pouze jednu skautskou v\u00fdpravu\u00a0\u2013 nemuselo b\u00fdt takov\u00e9 hem\u017een\u00ed. Je to spr\u00e1vn\u00fd odhad: jsou tu v\u0161ehov\u0161udy t\u0159i opaluj\u00edc\u00ed se d\u00e1my, dva cyklist\u00e9 a\u00a0hur\u00e1, jedin\u00e1 lavi\u010dka s\u00a0op\u011bradlem je voln\u00e1. <\/p>\n<p class=\"e_bX\">K m\u00e1n\u00ed je dnes \u010do\u010dkov\u00e1 pol\u00e9vka, bor\u016fvkov\u00fd kol\u00e1\u010d nebo taky \u201ev\u00ed\u00ed\u00ed\u00edtr z\u00a0Libverdy\u201c (grog ze zelen\u00e9 s\u00a0citr\u00f3nem) a \u201etet\u0159ev\u00ed trus\u201c (rozinky v\u00a0rumu, \u010dokol\u00e1da, \u0161leha\u010dka). Humorn\u00e9 ambice maj\u00ed i\u00a0n\u00e1pisy na v\u00edku popelnic: \u201ePap\u00edr (ne toale\u0165\u00e1k), t\u00e1cky, pen\u00edze, dluhopisy.\u201c Naopak v\u00e1\u017en\u011b m\u00edn\u011bn\u00fd je vzkaz: \u201eJsi-li nespokojen\u00fd, \u0159ekni n\u00e1m to tady. Na s\u00edti je ka\u017ed\u00fd chytr\u00e1k, bu\u010f odv\u00e1\u017en\u00fd!\u201c<\/p>\n<p>Pohodln\u011b mezi skalami a\u00a0kmeny Jizerskohorsk\u00fdch bu\u010din<\/p>\n<p class=\"e_bX\">Po vyda\u0159en\u00e9m ob\u010derstven\u00ed na k\u0159i\u017eovatce h\u0159ebenov\u00fdch cest n\u00e1s \u010dek\u00e1 tak\u0159ka nep\u0159etr\u017eit\u00fd sestup. A\u00a0to je spr\u00e1vn\u00e1 chv\u00edle pou\u010dit se, za\u010d jsou toho Jizerskohorsk\u00e9 bu\u010diny, kter\u00fdmi po celou dobu proch\u00e1z\u00edme: \u201eNejsouvisleji zachoval\u00fd komplex horsk\u00fdch a\u00a0podhorsk\u00fdch bukov\u00fdch a\u00a0sm\u00ed\u0161en\u00fdch les\u016f v\u00a0\u010cech\u00e1ch, v\u00e1zan\u00fd na unik\u00e1tn\u00ed vysokohorsk\u00fd reli\u00e9f s\u00a0\u010detn\u00fdmi v\u00fdchozy \u017eulov\u00e9ho podlo\u017e\u00ed,\u201c nech\u00e1v\u00e1me se pou\u010dit z\u00a0informa\u010dn\u00ed tabule.<\/p>\n<p class=\"e_bX\">Jizerskohorsk\u00e9 bu\u010diny byly p\u0159ed p\u011bti lety za\u0159azeny na Seznam sv\u011btov\u00e9ho d\u011bdictv\u00ed UNESCO. \u201eJsou skv\u011blou uk\u00e1zkou p\u0159irozen\u00e9ho v\u00fdvoje lesa bez v\u00fdrazn\u011bj\u0161\u00edho z\u00e1sahu \u010dlov\u011bka. D\u00edky tomu tu m\u016f\u017eeme pozorovat procesy, kter\u00e9 jinde d\u00e1vno zanikly\u00a0\u2013 pomal\u00e9 st\u00e1rnut\u00ed strom\u016f, vznik tlej\u00edc\u00edho d\u0159eva a\u00a0obnovu lesa vlastn\u00ed silou,\u201c uv\u00e1d\u00ed zd\u016fvodn\u011bn\u00ed. <\/p>\n<p>Mapa a\u00a0trasa v\u00fdletuOkruh kolem Hejnic: 12 km, p\u0159ev\u00fd\u0161en\u00ed 458 metr\u016f, nejvy\u0161\u0161\u00ed bod 865 m n. m.Vydejte se z hejnick\u00e9ho n\u00e1m\u011bst\u00ed po zelen\u00e9 zna\u010dce sm\u011brem na jih, \u010dili do vnitrozem\u00ed. Po kilometru p\u0159ijdete na rozcest\u00ed Ferdinandov, kde kon\u010d\u00ed asfalt a cesta za\u010d\u00edn\u00e1 stoupat.V trase Nov\u00e9 poutn\u00ed cesty minete n\u011bkolik svat\u00fdch obr\u00e1zk\u016f a k\u0159\u00ed\u017ek\u016f a po dal\u0161\u00edm kilometru doraz\u00edte k byteln\u00e9 l\u00e1vce p\u0159es vodop\u00e1dy Mal\u00fd (B\u00edl\u00fd) \u0160tolpich II.Odtud cesta d\u00e1l stoup\u00e1 na rozcest\u00ed B\u00edl\u00e1 kuchyn\u011b, kde se p\u0159ipoj\u00edte na \u017elutou \u2013 \u0161irokou jizerskohorskou H\u0159ebenovku (b\u00fdval\u00e1 Old\u0159ichovsk\u00e1 silnice).\u010cek\u00e1 v\u00e1s necel\u00fd kilometr po rovin\u011b, tak\u017ee nezb\u00fdv\u00e1 ne\u017e se t\u011b\u0161it na bohat\u011b z\u00e1soben\u00fd bufet H\u0159eb\u00ednek, odkud je to zp\u00e1tky do Hejnic t\u00e9m\u011b\u0159 po\u0159\u00e1d jenom z kopce.Nau\u010dn\u00e1 stezka Lesy Jizersk\u00fdch hor v\u00e1s op\u011bt dovede na rozcest\u00ed Ferdinandov, odkud u\u017e m\u016f\u017eete improvizovat a cestu k hejnick\u00e9mu kl\u00e1\u0161teru volit podle n\u00e1lady a orienta\u010dn\u00edch schopnost\u00ed.Doporu\u010dujeme zam\u00ed\u0159it rovnou na koupali\u0161t\u011b.<\/p>\n<p class=\"e_bX\">Roste tady l\u00fdkovec jedovat\u00fd, koko\u0159\u00edk mnohokv\u011bt\u00fd \u010di ba\u017eanka vytrval\u00e1, u\u00a0vody se da\u0159\u00ed ml\u00e9\u010divci alpsk\u00e9mu, \u010d\u00edpku obj\u00edmav\u00e9mu nebo prysky\u0159n\u00edku platanolist\u00e9mu. Naj\u00edt tu lze i\u00a0vz\u00e1cn\u00e9 houby, kter\u00fdm prosp\u00edv\u00e1 mno\u017estv\u00ed mrtv\u00e9ho d\u0159eva: vl\u00e1knice \u0161t\u011btinat\u00e1 nebo kor\u00e1lovec bukov\u00fd, p\u0159ipom\u00ednaj\u00edc\u00ed mo\u0159sk\u00fd kor\u00e1l. To v\u0161e se do\u010d\u00edt\u00e1me na cedul\u00edch, p\u0159i rozpozn\u00e1v\u00e1n\u00ed jednotliv\u00fdch druh\u016f jsme ale marn\u00ed. Sp\u00ed\u0161 se tedy koch\u00e1me p\u0159\u00edjemnou ch\u016fz\u00ed mezi sam\u00fdmi listn\u00e1\u010di.<\/p>\n<p class=\"e_bX\">\u0160irok\u00e1 a\u00a0rovn\u00e1 cesta je v\u00a0map\u00e1ch zanesen\u00e1 pod n\u00e1zvem Riegelweg a\u00a0skute\u010dn\u011b je z\u00a0n\u00ed c\u00edtit n\u011bmeck\u00fd smysl pro \u201eordnung\u201c. N\u011bkter\u00e9 jej\u00ed \u00faseky jsou nav\u00edc vysekan\u00e9 ve skal\u00e1ch, na kter\u00e9 je tato odlehlej\u0161\u00ed \u010d\u00e1st Jizersk\u00fdch hor mimo\u0159\u00e1dn\u011b bohat\u00e1, necel\u00fd p\u016fl kilometr vzdu\u0161nou \u010darou odtud je nejv\u00fdrazn\u011bj\u0161\u00ed reprezentant t\u00e9to geomorfologie, skalnat\u00fd vrch O\u0159e\u0161n\u00edk\u00a0\u2013 na zdej\u0161\u00ed vyhl\u00eddce, na rozd\u00edl od Riegelwegu, o\u00a0turisty neb\u00fdv\u00e1 nouze.<\/p>\n<p>Koup\u00e1n\u00ed v\u00a0pr\u016fzra\u010dn\u00e9 vod\u011b a\u00a0c\u00edl v\u00a0poutn\u00edm kostele<\/p>\n<p class=\"e_bX\">Kdybychom se na rozcest\u00ed zvan\u00e9m Pod vodop\u00e1dy dali doprava a\u00a0vzh\u016fru, dorazili bychom k\u00a0dal\u0161\u00edm vodop\u00e1d\u016fm, kter\u00e9 le\u017e\u00ed na \u0159\u00ed\u010dce \u010cern\u00fd (Velk\u00fd) \u0160tolpich. Pokra\u010dujeme v\u0161ak v\u00a0kles\u00e1n\u00ed k\u00a0Hejnic\u00edm, abychom si mohli dop\u0159\u00e1t koupel v\u00a0n\u011bkter\u00e9 z\u00a0t\u016fn\u00ed \u010di pe\u0159ej\u00ed na jej\u00edm spodn\u00edm toku. <\/p>\n<p class=\"e_bX\">Zv\u011bsti nelhaly: m\u00edste\u010dek vyb\u00edzej\u00edc\u00edch k\u00a0pono\u0159en\u00ed do ledov\u00e9, zato pr\u016fzra\u010dn\u00e9 vody je tu habad\u011bj a\u00a0k n\u011bkter\u00fdm vedou vy\u0161lapan\u00e9 p\u011b\u0161inky. Tak\u017ee ru\u010dn\u00edk s\u00a0sebou, nebudete litovat\u2026 a\u00a0ochr\u00e1nci p\u0159\u00edrody snad odpust\u00ed. <\/p>\n<p><img height=\"3024\"   width=\"4032\" src=\"https:\/\/www.europesays.com\/cz\/wp-content\/uploads\/2026\/05\/1779610389_497_hejnice-jizerskohorske-buciny.jpeg\" loading=\"eager\" decoding=\"sync\" class=\"e_aa e_Z\"\/>Foto: Marek \u0160\u00e1lek, Seznam Zpr\u00e1vy<\/p>\n<p class=\"e_bX\">Vodop\u00e1dy a\u00a0t\u016fn\u011b na Velk\u00e9m (\u010cern\u00e9m) \u0160tolpichu.<\/p>\n<p><a data-dot=\"mol-article-card-media\" aria-hidden=\"true\" tabindex=\"-1\" href=\"https:\/\/www.seznamzpravy.cz\/clanek\/magazin-cestovani-jizerskohorske-buciny-trasy-zajimavosti-unesco-288641\" class=\"e_n f_l1\" rel=\"nofollow noopener\" target=\"_blank\"><img height=\"765\"   width=\"1361\" src=\"https:\/\/www.europesays.com\/cz\/wp-content\/uploads\/2026\/05\/jizerskohorske-buciny-gorila.jpeg\" loading=\"eager\" decoding=\"sync\" class=\"e_aa e_Z\"\/><\/a><\/p>\n<p class=\"e_bX\">To u\u017e jsou Hejnice tak\u0159ka na dohled, k\u00a0asfaltu zb\u00fdv\u00e1 posledn\u00ed p\u016fl kilometr. Po napojen\u00ed na v\u00fdchoz\u00ed \u201e\u0160\u00e1malku\u201c se u\u017e zelen\u00e9 trasy nemus\u00edte dr\u017eet, doporu\u010duji vz\u00edt to n\u011bkterou z\u00a0bo\u010dn\u00edch cest nebo i\u00a0po louk\u00e1ch rovnou sm\u011br kl\u00e1\u0161ter\u00a0\u2013 chr\u00e1mov\u00e9 v\u011b\u017ee v\u00e1s spolehliv\u011b povedou. M\u016f\u017eete tak\u00e9 zam\u00ed\u0159it na m\u00edstn\u00ed koupali\u0161t\u011b.<\/p>\n<p class=\"e_bX\">Duchovn\u011bji zalo\u017een\u00ed v\u00fdletn\u00edci z\u0159ejm\u011b zvol\u00ed za c\u00edl etapy Poutn\u00ed kostel Nav\u0161t\u00edven\u00ed Panny Marie\u00a0\u2013 unik\u00e1tn\u011b orientovan\u00fd chr\u00e1m s\u00a0olt\u00e1\u0159em obr\u00e1cen\u00fdm k\u00a0jihu m\u00edsto k\u00a0v\u00fdchodu, aby l\u00e9pe vynikla silueta hor na pozad\u00ed monument\u00e1ln\u00ed stavby.<\/p>\n<p class=\"e_bX\">Od leto\u0161n\u00edho jara se hejnick\u00fd kostel m\u016f\u017ee chlubit staronovou par\u00e1dou: \u010derstv\u011b zrestaurovan\u00fdm lustrem, kter\u00fd zdej\u0161\u00edm farn\u00edk\u016fm v\u011bnoval v\u00a0roce 1853\u00a0hejnick\u00fd rod\u00e1k a\u00a0skl\u00e1\u0159sk\u00fd magn\u00e1t Josef Riedel. T\u00e9m\u011b\u0159 p\u011btimetrov\u00fd objekt z\u00a0olovnat\u00e9ho k\u0159i\u0161\u0165\u00e1lu vyrobila firma Josef Herzel &amp; Co z\u00a0Kamenick\u00e9ho \u0160enova, aktu\u00e1ln\u00ed opravu provedla spole\u010dnost Preciosa. <\/p>\n<p class=\"e_bX\">\u201eV Hejnic\u00edch hned za mostem p\u0159es \u0159eku Sm\u011bdou b\u00fdvala ka\u0161na, kde si poutn\u00edci omyli nohy, obuli boty a\u00a0pot\u00e9 teprve vstoupili do kostela,\u201c uv\u00e1d\u00ed vzpom\u00ednka na proces\u00ed, kter\u00e1 po stalet\u00ed vedla k\u00a0severn\u00edmu pomez\u00ed Jizersk\u00fdch hor.<\/p>\n<p>Aby se podr\u00e1\u017eky nepro\u0161lapaly<\/p>\n<p class=\"e_bX\">Jak n\u00e1\u0161 v\u00fdlet za\u010dal, tak i\u00a0kon\u010d\u00ed. Zav\u00edt\u00e1me do dal\u0161\u00ed, tentokr\u00e1t kl\u00e1\u0161tern\u00ed kav\u00e1rny, respektive Cukr\u00e1rny u\u00a0kostela, kde maj\u00ed na v\u00fdb\u011br z\u00a0t\u00e9m\u011b\u0159 pades\u00e1ti druh\u016f l\u00e1ze\u0148sk\u00fdch oplatek a\u00a0n\u011bkter\u00e9 p\u0159\u00edchuti jsou hodn\u011b divok\u00e9 (nechte se p\u0159ekvapit). Doplnit energii ostatn\u011b dle m\u00edstn\u00edho kronik\u00e1\u0159e pot\u0159ebovali i\u00a0zbo\u017en\u00ed poutn\u00edci, kdy\u017e sem chodili v\u00a0dob\u00e1ch minul\u00fdch: \u201eD\u011bti se t\u011b\u0161ily na vu\u0159ty a\u00a0sladkosti,\u201c stoj\u00ed ve vzpom\u00ednce na d\u00e1vn\u00e1 proces\u00ed. <\/p>\n<p><img height=\"829\"   width=\"1246\" src=\"https:\/\/www.europesays.com\/cz\/wp-content\/uploads\/2026\/05\/1779610390_298_hejnice-jizerskohorske-buciny.jpeg\" loading=\"eager\" decoding=\"sync\" class=\"e_aa e_Z\"\/>Foto: Ji\u0159\u00ed Vop\u00e1lensk\u00fd, Mapy.com<\/p>\n<p class=\"e_bX\">Poutn\u00ed chr\u00e1m v\u00a0Hejnic\u00edch.<\/p>\n<p><a data-dot=\"mol-article-card-media\" aria-hidden=\"true\" tabindex=\"-1\" href=\"https:\/\/www.seznamzpravy.cz\/clanek\/magazin-cestovani-vylety-blizko-hranic-zamek-czocha-oybin-grabstejn-282806\" class=\"e_n f_l1\" rel=\"nofollow noopener\" target=\"_blank\"><img height=\"2304\"   width=\"4096\" src=\"https:\/\/www.europesays.com\/cz\/wp-content\/uploads\/2026\/05\/hrad-czocha.jpeg\" loading=\"eager\" decoding=\"sync\" class=\"e_aa e_Z\"\/><\/a><\/p>\n<p class=\"e_bX\">Zato p\u0159i dal\u0161\u00edch v\u011bt\u00e1ch u\u017e se m\u00edrn\u011b zastyd\u00edme: \u201eSpalo se na sen\u011b v\u00a0ambitech nebo u\u00a0n\u011bkter\u00e9ho z\u00a0hejnick\u00fdch sedl\u00e1k\u016f. Brzy r\u00e1no se konala zpov\u011b\u010f a\u00a0m\u0161e. Odpoledne, op\u011bt s\u00a0botami p\u0159es rameno, aby se podr\u00e1\u017eky nepro\u0161lapaly, zase zp\u00e1tky p\u0159es hory dom\u016f\u2026\u201c <\/p>\n<p class=\"e_bX\">My rad\u011bji z\u016fst\u00e1v\u00e1me obut\u00ed a\u00a0vyd\u00e1me se na n\u00e1dra\u017e\u00ed, odkud jezd\u00ed autobusy i\u00a0vlaky sm\u011br Liberec. A\u00a0v\u00edme, \u017ee se sem m\u00e1me zase za \u010d\u00edm vracet. Dal\u0161\u00edch zaj\u00edmav\u00fdch v\u00fdprav lze z\u00a0Hejnic podniknout nespo\u010det. <\/p>\n<p class=\"e_bX\">Hodit se m\u016f\u017ee i\u00a0tip na pivovar Albrecht v\u00a0nedalek\u00e9m Fr\u00fddlantu, kter\u00fd mus\u00edme taky prozkoumat. Je z\u00a0n\u011bj v\u00fdhled na z\u00e1mek, kter\u00fd mohl b\u00fdt p\u0159edlohou pro stejnojmenn\u00fd rom\u00e1n Franze Kafky. Vlak z\u00a0Hejnic do Fr\u00fddlantu jede dvacet minut s\u00a0p\u0159estupem v\u00a0Raspenav\u011b. Kafka cestoval do Sudet jako poji\u0161\u0165ov\u00e1k kontrolovat bezpe\u010dnost pr\u00e1ce v\u00a0textiln\u00edch tov\u00e1rn\u00e1ch. My m\u016f\u017eeme rovnou do pivovaru.<\/p>\n","protected":false},"excerpt":{"rendered":"Kdy\u017e se v\u00a0Hejnic\u00edch ocitnete po t\u0159\u00eddenn\u00edm p\u0159echodu Krkono\u0161 a\u00a0Jizersk\u00fdch hor, t\u011b\u017eko se divit, \u017ee n\u00e1sleduj\u00edc\u00ed r\u00e1no nesp\u011bch\u00e1te. V\u00a0pomal\u00e9m&hellip;\n","protected":false},"author":2,"featured_media":95462,"comment_status":"","ping_status":"","sticky":false,"template":"","format":"standard","meta":{"footnotes":"","_share_on_mastodon":"0"},"categories":[7],"tags":[43,42,41,40,28828,1670,28829,1671,2528,3912],"class_list":["post-95461","post","type-post","status-publish","format-standard","has-post-thumbnail","category-cesko","tag-ceska-republika","tag-cesko","tag-czech-republic","tag-czechia","tag-hejnice","tag-jizerske-hory","tag-jizerskohorske-buciny","tag-liberecky-kraj","tag-turistika","tag-vylety-po-cesku"],"share_on_mastodon":{"url":"https:\/\/pubeurope.com\/@cz\/116628554493195673","error":""},"_links":{"self":[{"href":"https:\/\/www.europesays.com\/cz\/wp-json\/wp\/v2\/posts\/95461","targetHints":{"allow":["GET"]}}],"collection":[{"href":"https:\/\/www.europesays.com\/cz\/wp-json\/wp\/v2\/posts"}],"about":[{"href":"https:\/\/www.europesays.com\/cz\/wp-json\/wp\/v2\/types\/post"}],"author":[{"embeddable":true,"href":"https:\/\/www.europesays.com\/cz\/wp-json\/wp\/v2\/users\/2"}],"replies":[{"embeddable":true,"href":"https:\/\/www.europesays.com\/cz\/wp-json\/wp\/v2\/comments?post=95461"}],"version-history":[{"count":0,"href":"https:\/\/www.europesays.com\/cz\/wp-json\/wp\/v2\/posts\/95461\/revisions"}],"wp:featuredmedia":[{"embeddable":true,"href":"https:\/\/www.europesays.com\/cz\/wp-json\/wp\/v2\/media\/95462"}],"wp:attachment":[{"href":"https:\/\/www.europesays.com\/cz\/wp-json\/wp\/v2\/media?parent=95461"}],"wp:term":[{"taxonomy":"category","embeddable":true,"href":"https:\/\/www.europesays.com\/cz\/wp-json\/wp\/v2\/categories?post=95461"},{"taxonomy":"post_tag","embeddable":true,"href":"https:\/\/www.europesays.com\/cz\/wp-json\/wp\/v2\/tags?post=95461"}],"curies":[{"name":"wp","href":"https:\/\/api.w.org\/{rel}","templated":true}]}}