{"id":95469,"date":"2026-05-24T08:23:18","date_gmt":"2026-05-24T08:23:18","guid":{"rendered":"https:\/\/www.europesays.com\/cz\/95469\/"},"modified":"2026-05-24T08:23:18","modified_gmt":"2026-05-24T08:23:18","slug":"v-belehradu-demonstrovaly-desitky-tisic-lidi-za-predcasne-volby","status":"publish","type":"post","link":"https:\/\/www.europesays.com\/cz\/95469\/","title":{"rendered":"V\u00a0B\u011blehradu demonstrovaly des\u00edtky tis\u00edc lid\u00ed za p\u0159ed\u010dasn\u00e9 volby"},"content":{"rendered":"<p class=\"e_bX\">Des\u00edtky tis\u00edc lid\u00ed se v\u00a0sobotu se\u0161ly v\u00a0centru B\u011blehradu na demonstraci za vyps\u00e1n\u00ed p\u0159ed\u010dasn\u00fdch voleb, kterou svolali studenti stoj\u00edc\u00ed v\u00a0\u010dele protivl\u00e1dn\u00edho a\u00a0protikorup\u010dn\u00edho hnut\u00ed v\u00a0Srbsku. Shrom\u00e1\u017ed\u011bn\u00ed bylo z\u00a0velk\u00e9 \u010d\u00e1sti pokojn\u00e9, ale po skon\u010den\u00ed jeho hlavn\u00ed \u010d\u00e1sti vypukly st\u0159ety mezi skupinami demonstrant\u016f a\u00a0polici\u00ed, napsala agentura AP.<\/p>\n<p class=\"e_bX\">Protesty v\u00a0zemi za\u010daly po z\u0159\u00edcen\u00ed p\u0159\u00edst\u0159e\u0161ku na \u017eelezni\u010dn\u00ed stanici ve m\u011bst\u011b Novi Sad v\u00a0listopadu 2024, kdy zahynulo 16\u00a0lid\u00ed. Podle agentury AF je dne\u0161n\u00ed demonstrace prvn\u00edm velk\u00fdm protestem v\u00a0leto\u0161n\u00edm roce.<\/p>\n<p class=\"e_bX\">P\u016fvodn\u00ed po\u017eadavky na transparentn\u00ed vy\u0161et\u0159en\u00ed trag\u00e9die postupn\u011b p\u0159erostly v\u00a0\u0161ir\u0161\u00ed protestn\u00ed hnut\u00ed nam\u00ed\u0159en\u00e9 proti vl\u00e1d\u011b prezidenta Aleksandara Vu\u010di\u0107e. Organiz\u00e1to\u0159i svolali demonstraci na n\u00e1m\u011bst\u00ed Slavija v\u00a0centru m\u011bsta, kter\u00e9 se v\u00a0posledn\u00edch 18\u00a0m\u011bs\u00edc\u00edch stalo hlavn\u00edm d\u011bji\u0161t\u011bm protest\u016f.<\/p>\n<p><a data-dot=\"mol-article-card-media\" aria-hidden=\"true\" tabindex=\"-1\" href=\"https:\/\/www.seznamzpravy.cz\/clanek\/zahranicni-desetitisice-lidi-v-belehrade-protestovaly-proti-vlade-chteji-predcasne-volby-280497\" class=\"e_n f_l1\" rel=\"nofollow noopener\" target=\"_blank\"><img fetchpriority=\"high\" height=\"2304\"   width=\"4096\" src=\"https:\/\/www.europesays.com\/cz\/wp-content\/uploads\/2026\/05\/protest-belehrad.jpeg\" loading=\"eager\" decoding=\"sync\" class=\"e_aa e_Z\"\/><\/a><a data-dot=\"mol-article-card-media\" aria-hidden=\"true\" tabindex=\"-1\" href=\"https:\/\/www.seznamzpravy.cz\/clanek\/zahranicni-belehrad-a-moskva-proveri-tvrzeni-o-srbskych-dodavkach-munice-kyjevu-277963\" class=\"e_n f_l1\" rel=\"nofollow noopener\" target=\"_blank\"><img height=\"810\"   width=\"1440\" src=\"https:\/\/www.europesays.com\/cz\/wp-content\/uploads\/2026\/05\/aleksandar-vucic.jpeg\" loading=\"eager\" decoding=\"sync\" class=\"e_aa e_Z\"\/><\/a><\/p>\n<p class=\"e_bX\">\u00da\u010dastn\u00edci si p\u0159inesli srbsk\u00e9 vlajky i\u00a0transparenty s\u00a0hesly na podporu studentsk\u00e9ho hnut\u00ed. Mnoz\u00ed m\u011bli na sob\u011b tri\u010dka s\u00a0heslem demonstrace \u201eStudenti v\u00edt\u011bz\u00ed\u201c. Podle demonstrant\u016f je c\u00edlem protest\u016f pokra\u010dovat v\u00a0tlaku na vl\u00e1du a\u00a0prosadit demokratick\u00e9 zm\u011bny a\u00a0dodr\u017eov\u00e1n\u00ed pr\u00e1vn\u00edho st\u00e1tu. Podle m\u00e9di\u00ed chce studentsk\u00e9 hnut\u00ed tak\u00e9 zah\u00e1jit vlastn\u00ed volebn\u00ed kampa\u0148.<\/p>\n<p class=\"e_bX\">Podle AP se skupiny mlad\u00fdch demonstrant\u016f po skon\u010den\u00ed dne\u0161n\u00edho hlavn\u00edho shrom\u00e1\u017ed\u011bn\u00ed rozd\u011blily a\u00a0st\u0159etly s\u00a0polici\u00ed. Demonstranti h\u00e1zeli sv\u011btlice, kameny a\u00a0l\u00e1hve na policejn\u00ed kordony. Policist\u00e9 proti nim pou\u017eili slzn\u00fd plyn a\u00a0a sna\u017eili se je silou rozehnat.<\/p>\n<p class=\"e_bX\">Nejv\u011bt\u0161\u00ed demonstrace od za\u010d\u00e1tku protestn\u00edho hnut\u00ed se uskute\u010dnila v\u00a0b\u0159eznu 2025.\u00a0Podle odhad\u016f se j\u00ed z\u00fa\u010dastnilo a\u017e 300\u00a0000\u00a0lid\u00ed. Prezident Vu\u010di\u0107 v\u00a0minul\u00fdch dnech p\u0159ipustil, \u017ee p\u0159ed\u010dasn\u00e9 volby by se mohly konat na podzim.<\/p>\n<p class=\"e_bX\">Mnoho \u00fa\u010dastn\u00edk\u016f sobotn\u00ed akce op\u011bt p\u0159ijelo z\u00a0region\u016f mimo metropoli. Srbsk\u00e1 \u017eeleznice i\u00a0tentokr\u00e1t zastavila provoz po cel\u00e9 zemi a\u00a0od\u016fvodnila to anonymn\u00ed hrozbami bombov\u00fdmi \u00fatoky, upozornila agentura DPA. \u0158ada demonstrant\u016f v\u0161ak toto vysv\u011btlen\u00ed zpochyb\u0148ovala.<\/p>\n<p class=\"e_bX\">V\u011bt\u0161ina demonstrac\u00ed byla zat\u00edm pokojn\u00e1, v\u00a0posledn\u00edch m\u011bs\u00edc\u00edch se ale objevily i\u00a0st\u0159ety. N\u011bkte\u0159\u00ed protestuj\u00edc\u00ed tvrd\u00ed, \u017ee byli napadeni maskovan\u00fdmi p\u0159\u00edznivci vl\u00e1dy. Rada Evropy v\u00a0p\u00e1tek uvedla, \u017ee se v\u00a0Srbsku zhor\u0161ila situace v\u00a0oblasti lidsk\u00fdch pr\u00e1v, a\u00a0upozornila mimo jin\u00e9 na \u00fatoky proti aktivist\u016fm a\u00a0novin\u00e1\u0159\u016fm \u010di na \u00fadajn\u00e9 policejn\u00ed n\u00e1sil\u00ed p\u0159i protestech.<\/p>\n","protected":false},"excerpt":{"rendered":"Des\u00edtky tis\u00edc lid\u00ed se v\u00a0sobotu se\u0161ly v\u00a0centru B\u011blehradu na demonstraci za vyps\u00e1n\u00ed p\u0159ed\u010dasn\u00fdch voleb, kterou svolali studenti stoj\u00edc\u00ed&hellip;\n","protected":false},"author":2,"featured_media":95470,"comment_status":"","ping_status":"","sticky":false,"template":"","format":"standard","meta":{"footnotes":"","_share_on_mastodon":"0"},"categories":[10],"tags":[4312,3192,2837,17,21,16,28833,3193,18,19,22,20],"class_list":["post-95469","post","type-post","status-publish","format-standard","has-post-thumbnail","category-zpravy","tag-aleksandar-vucic","tag-belehrad","tag-demonstrace","tag-headlines","tag-hlavni-udalosti","tag-news","tag-novi-sad","tag-srbsko","tag-top-news","tag-top-stories","tag-udalosti-dne","tag-zpravy"],"share_on_mastodon":{"url":"https:\/\/pubeurope.com\/@cz\/116628593444929297","error":""},"_links":{"self":[{"href":"https:\/\/www.europesays.com\/cz\/wp-json\/wp\/v2\/posts\/95469","targetHints":{"allow":["GET"]}}],"collection":[{"href":"https:\/\/www.europesays.com\/cz\/wp-json\/wp\/v2\/posts"}],"about":[{"href":"https:\/\/www.europesays.com\/cz\/wp-json\/wp\/v2\/types\/post"}],"author":[{"embeddable":true,"href":"https:\/\/www.europesays.com\/cz\/wp-json\/wp\/v2\/users\/2"}],"replies":[{"embeddable":true,"href":"https:\/\/www.europesays.com\/cz\/wp-json\/wp\/v2\/comments?post=95469"}],"version-history":[{"count":0,"href":"https:\/\/www.europesays.com\/cz\/wp-json\/wp\/v2\/posts\/95469\/revisions"}],"wp:featuredmedia":[{"embeddable":true,"href":"https:\/\/www.europesays.com\/cz\/wp-json\/wp\/v2\/media\/95470"}],"wp:attachment":[{"href":"https:\/\/www.europesays.com\/cz\/wp-json\/wp\/v2\/media?parent=95469"}],"wp:term":[{"taxonomy":"category","embeddable":true,"href":"https:\/\/www.europesays.com\/cz\/wp-json\/wp\/v2\/categories?post=95469"},{"taxonomy":"post_tag","embeddable":true,"href":"https:\/\/www.europesays.com\/cz\/wp-json\/wp\/v2\/tags?post=95469"}],"curies":[{"name":"wp","href":"https:\/\/api.w.org\/{rel}","templated":true}]}}