{"id":95691,"date":"2026-05-24T13:11:12","date_gmt":"2026-05-24T13:11:12","guid":{"rendered":"https:\/\/www.europesays.com\/cz\/95691\/"},"modified":"2026-05-24T13:11:12","modified_gmt":"2026-05-24T13:11:12","slug":"ted-jste-si-nabehl-schillerova-vyuzila-jureckuv-utok-a-spustila-palbu","status":"publish","type":"post","link":"https:\/\/www.europesays.com\/cz\/95691\/","title":{"rendered":"\u201eTe\u010f jste si nab\u011bhl.\u201c Schillerov\u00e1 vyu\u017eila Jure\u010dk\u016fv \u00fatok a spustila palbu"},"content":{"rendered":"<p>&#13;<br \/>\n\tNed\u011bln\u00ed Partie Terezie Tom\u00e1nkov\u00e9 nab\u00eddla duel mezi ministryn\u00ed financ\u00ed Alenou Schillerovou (ANO) a b\u00fdval\u00fdm \u0161\u00e9fem resortu pr\u00e1ce a soci\u00e1ln\u00edch v\u011bc\u00ed Marianem Jure\u010dkou (KDU-\u010cSL). Diskutovali mimo jin\u00e9 o schodku st\u00e1tn\u00edho rozpo\u010dtu.<\/p>\n<p>&#13;<\/p>\n<p>\t\t\t\t<a href=\"https:\/\/www.parlamentnilisty.cz\/profily\/profil.aspx?id=121898\" rel=\"nofollow noopener\" target=\"_blank\"><br \/>\n\t\t\t\t\t<img decoding=\"async\" src=\"https:\/\/www.europesays.com\/cz\/wp-content\/uploads\/2026\/04\/169320-eHsY_Zbc_400x400_profil_top.jpg\" alt=\"\" style=\"width: 100%\"\/><\/a><\/p>\n<p>\t\t\t\t\tANO 2011<\/p>\n<p>\t\t\t\t\tm\u00edstop\u0159edsedkyn\u011b vl\u00e1dy<\/p>\n<p>&#13;<br \/>\n\tV \u00favodu host\u00e9 hovo\u0159ili o sudeton\u011bmeck\u00e9m sjezdu v Brn\u011b. \u201eAkce se nem\u011bla odehr\u00e1t na \u00fazem\u00ed \u010cR. My jsme s N\u011bmeckem d\u00e1vno sm\u00ed\u0159eni, podepsali jsme deklaraci v roce 1997, uznali jsme, \u017ee b\u011bhem odsunu bylo sp\u00e1ch\u00e1no hodn\u011b nespravedlnost\u00ed. Sjezd v Brn\u011b otev\u0159el star\u00e9 r\u00e1ny. P\u0159ipomenu nabarven\u00ed na rudo rukou prvorepublikov\u00e9ho prezidenta Edvarda Bene\u0161e. Nesouhlas\u00edm s kon\u00e1n\u00edm sjezdu v Brn\u011b, m\u00e9m rodn\u00e9m m\u011bst\u011b. Dot\u00fdk\u00e1 se m\u011b to osobn\u011b. Rozjit\u0159ilo to star\u00e9 r\u00e1ny. Nepot\u0159ebujeme sm\u00ed\u0159en\u00ed, proto\u017ee jsme d\u00e1vno sm\u00ed\u0159eni,\u201c \u0159ekla politi\u010dka.<\/p>\n<p>&#13;<br \/>\n\tVl\u00e1da podle n\u00ed dostala tis\u00edce zpr\u00e1v vyz\u00fdvaj\u00edc\u00edch k z\u00e1kazu akce. \u201eP\u0159ijalo se usnesen\u00ed Poslaneck\u00e9 sn\u011bmovny. Vyzn\u00edv\u00e1 pom\u011brn\u011b sm\u00ed\u0159liv\u011b,\u201c soud\u00ed Schillerov\u00e1.<\/p>\n<p>&#13;<br \/>\n\tMrz\u00ed ji, \u017ee se situace vyhrotila. \u201eV\u0161echno to bylo zbyte\u010dn\u00e9. Douf\u00e1m, \u017ee to skon\u010d\u00ed dob\u0159e. Vyz\u00fdv\u00e1m ob\u010dany, aby se nenechali vyprovokovat,\u201c uvedla ministryn\u011b.<\/p>\n<p>&#13;<br \/>\n\tJure\u010dka si pr\u00fd nemysl\u00ed, \u017ee by se sjezd v Brn\u011b konal p\u0159\u00edli\u0161 brzy. \u201eTo, co p\u0159inesla druh\u00e1 sv\u011btov\u00e1 v\u00e1lka, nikdo nezpochyb\u0148uje. Nikdo nezpochyb\u0148uje Bene\u0161ovy dekrety,\u201c podtrhl poslanec.<\/p>\n<p>&#13;<\/p>\n<p>\t\t\t\t<a href=\"https:\/\/www.parlamentnilisty.cz\/profily\/profil.aspx?id=3398\" rel=\"nofollow noopener\" target=\"_blank\"><br \/>\n\t\t\t\t\t<img decoding=\"async\" src=\"https:\/\/www.europesays.com\/cz\/wp-content\/uploads\/2026\/05\/1779628272_496_85766-ministr Marian Jure\u010dka_profil_top.jpg\" alt=\"\" style=\"width: 100%\"\/><\/a><\/p>\n<p>&#13;<br \/>\n\tUpozornil, \u017ee v Brn\u011b se se\u0161li potomci n\u011bkdej\u0161\u00edch sudetsk\u00fdch N\u011bmc\u016f a zkritizoval pr\u016fb\u011bh debaty na p\u016fd\u011b Poslaneck\u00e9 sn\u011bmovny. Hovo\u0159il o pr\u00e1vu sch\u00e1zet se. Usnesen\u00ed Sn\u011bmovny ho podle jeho slov pop\u0159elo.<\/p>\n<p>&#13;<br \/>\n\t\u201eBene\u0161ovy dekrety jsou nezru\u0161iteln\u00e9,\u201c zd\u016fraznila Schillerov\u00e1. P\u0159ipomn\u011bla, \u017ee Bernd Posselt hlasoval proti vstupu \u010cR do EU, dokud nebudou zru\u0161eny Bene\u0161ovy dekrety. R\u00e9toriku v\u0161ak n\u00e1sledn\u011b zm\u00edrnil.<\/p>\n<p>&#13;<br \/>\n\t\u201eVyz\u00fdv\u00e1m ke klidu, ale akci nepodporuji, pova\u017euji ji za provokaci,\u201c zd\u016fraznila politi\u010dka.<\/p>\n<p>&#13;<\/p>\n<p>\t\t\t\tFotogalerie: &#8211; V pavilonu<\/p>\n<p>&#13;<br \/>\n\t\u201eZa posledn\u00edch \u010dtrn\u00e1ct dn\u016f se m\u011b n\u011bkolik n\u011bmeck\u00fdch koleg\u016f zeptalo, pro\u010d se akce projedn\u00e1v\u00e1 v Poslaneck\u00e9 sn\u011bmovn\u011b. Pro lidi v N\u011bmecku je to t\u011b\u017eko pochopiteln\u00e9. M\u016f\u017ee to po\u0161kozovat na\u0161e vztahy v ekonomick\u00e9 rovin\u011b. Tomio Okamura vyd\u00edr\u00e1. \u0158ekl, \u017ee chce otev\u0159\u00edt t\u00e9ma v\u00e1le\u010dn\u00fdch reparac\u00ed. Hod\u00ed se mu to do r\u00e9toriky nen\u00e1visti. Do Berl\u00edna ale nepojede. Je to z jeho strany hra, \u0161tvav\u00e1 politika,\u201c soud\u00ed Jure\u010dka.<\/p>\n<p>&#13;<\/p>\n<p>\t\t\t\t<a href=\"https:\/\/www.parlamentnilisty.cz\/profily\/profil.aspx?id=13074\" rel=\"nofollow noopener\" target=\"_blank\"><br \/>\n\t\t\t\t\t<img decoding=\"async\" src=\"https:\/\/www.europesays.com\/cz\/wp-content\/uploads\/2026\/05\/1779628272_105_119466-IMG_0789a upraveny_profil_top.jpg\" alt=\"\" style=\"width: 100%\"\/><\/a><\/p>\n<p>\t\t\t\t\tSPD<br \/>\n\t\t\t\t\tP\u0159edseda hnut\u00ed Svoboda a p\u0159\u00edm\u00e1 demokracie (SPD)<br \/>\n\t\t\t\t\tp\u0159edseda PS P\u010cR<\/p>\n<p>&#13;<br \/>\n\tUvedl, \u017ee na akci nejde ani koruna z kapes \u010desk\u00e9ho da\u0148ov\u00e9ho poplatn\u00edka.<\/p>\n<p>&#13;<br \/>\n\tSchillerov\u00e1 odm\u00edtla, \u017ee by Okamura vl\u00e1du vyd\u00edral. \u201eNev\u00edm, co \u0159\u00edkal Okamura, nejsem jeho mluv\u010d\u00ed\u2026 M\u016f\u017eu mluvit?\u201c zeptala se, kdy\u017e se j\u00ed poslanec pokusil sko\u010dit do \u0159e\u010di.<\/p>\n<p>&#13;<br \/>\n\tZopakovala, \u017ee se v Brn\u011b narodila. \u201eKa\u017ed\u00e1 rodina n\u011bco za\u017eila. Pro\u010d jsou ty r\u00e1ny znovu otev\u00edr\u00e1ny? Odsuzuji \u00fatoky. Nejsem mluv\u010d\u00ed Okamury. V\u00e1le\u010dn\u00e9 reparace nejsou t\u00e9ma, v\u016fbec se o tom nebav\u00edme,\u201c podtrhla ministryn\u011b.<\/p>\n<p>&#13;<br \/>\n\tVztahy premi\u00e9ra Andreje Babi\u0161e s n\u011bmeck\u00fdm kancl\u00e9\u0159em Friedrichem Merzem jsou podle n\u00ed dobr\u00e9. P\u0159ipomn\u011bla, \u017ee kritizovan\u00e9ho jedn\u00e1n\u00ed Poslaneck\u00e9 sn\u011bmovny se z pracovn\u00edch d\u016fvod\u016f nemohla z\u00fa\u010dastnit. Pokud tam padla zra\u0148uj\u00edc\u00ed slova ve vztahu k N\u011bmc\u016fm, tak ji to mrz\u00ed.<\/p>\n<p>&#13;<br \/>\n\tKdo pojede na summit NATO<\/p>\n<p>&#13;<br \/>\n\tD\u00e1le se hovo\u0159ilo o chystan\u00e9m summitu NATO v Turecku a sporech o to, kdo na n\u011bj pojede. Jure\u010dka se pustil do kritiky ministra zahrani\u010dn\u00edch v\u011bc\u00ed. \u201eChov\u00e1 se jako ura\u017een\u00e9 d\u00edt\u011b. Takhle v politice nem\u016f\u017eeme fungovat,\u201c \u0159ekl poslanec a zm\u00ednil v\u00fdroky o deratizaci \u00fa\u0159edn\u00edk\u016f.<\/p>\n<p>    Anketa<\/p>\n<p>Kter\u00fd n\u00e1rod v\u00edce ubl\u00ed\u017eil \u010desk\u00e9mu n\u00e1rodu?<\/p>\n<p>hlasovalo: 10425 lid\u00ed<\/p>\n<\/p>\n<p>&#13;<br \/>\n\t\u201eVztahy prezidenta a premi\u00e9ra jsou korektn\u00ed, komunikuj\u00ed spolu. My jako hnut\u00ed ANO se vyjad\u0159ujeme korektn\u011b,\u201c oponovala politi\u010dka.<\/p>\n<p>&#13;<br \/>\n\tNed\u00e1vn\u00e1 kritika prezidenta kv\u016fli pozdn\u00edmu p\u0159\u00edchodu premi\u00e9ra na jedn\u00e1n\u00ed na Hrad\u011b v\u0161ak byla podle n\u00ed zbyte\u010dn\u00e1.<\/p>\n<p>&#13;<br \/>\n\t\u201eKdo pozoruje debatu, vid\u00ed, \u017ee prezident ustoupil ze sv\u00fdch ambic\u00ed. \u0158ekl, \u017ee ch\u00e1pe slo\u017een\u00ed delegace, ale \u017ee by st\u00e1l o to, aby byl na neform\u00e1ln\u00ed ve\u010de\u0159i hlav st\u00e1t\u016f. Vl\u00e1du by to nic nest\u00e1lo, premi\u00e9r tam stejn\u011b nem\u016f\u017ee. \u017de mu to necht\u011bj\u00ed umo\u017enit, je projev jejich malosti,\u201c m\u00edn\u00ed Jure\u010dka.<\/p>\n<p>&#13;<br \/>\n\t\u0158e\u010d se op\u011bt sto\u010dila ke sch\u016fzce, na kterou premi\u00e9r dorazil se zpo\u017ed\u011bn\u00edm. Schillerov\u00e1 znovu musela Jure\u010dku \u017e\u00e1dat, aby j\u00ed nesk\u00e1kal do \u0159e\u010di. Vysv\u011btlila, \u017ee Babi\u0161 se p\u0159edem omlouval, \u017ee p\u0159ijde na sch\u016fzku pozd\u011bji.<\/p>\n<p>&#13;<br \/>\n\tNecht\u011bla se v\u0161ak pou\u0161t\u011bt do kritiky Motorist\u016f. \u201eVl\u00e1da jako celek d\u011bl\u00e1 zahrani\u010dn\u00ed politiku. My chceme v\u011bci vysv\u011btlovat Donaldu Trumpovi. Budeme se o slo\u017een\u00ed delegace je\u0161t\u011b bavit. Nejsme vyd\u00edr\u00e1ni SPD ani Motoristy. Vl\u00e1da rozhodne 8. \u010dervna,\u201c \u0159ekla m\u00edstop\u0159edsedkyn\u011b kabinetu.<\/p>\n<p>    Anketa<\/p>\n<p>M\u00e1 Petr Pavel pr\u00e1vo jet na summit NATO s Babi\u0161em a Macinkou?<\/p>\n<p>hlasovalo: 28286 lid\u00ed<\/p>\n<\/p>\n<p>&#13;<br \/>\n\tJure\u010dka zd\u016fraznil, \u017ee hlava st\u00e1tu zastupuje zemi navenek. \u201eNa neform\u00e1ln\u00ed ve\u010de\u0159i hlav st\u00e1t\u016f premi\u00e9r j\u00edt nem\u016f\u017ee,\u201c zopakoval poslanec.<\/p>\n<p>&#13;<br \/>\n\tKompeten\u010dn\u00ed \u017ealoba, kterou prezident hroz\u00ed, je podle Schillerov\u00e9 nesmysl. \u201eA\u0165 u\u017e \u00dastavn\u00ed soud rozhodne tak, nebo onak, bude to v t\u00e9to v\u011bci, pro tento konkr\u00e9tn\u00ed p\u0159\u00edpad. Nebude to \u017e\u00e1dn\u00fd precedent. Nem\u011blo by to podle m\u011b doj\u00edt tak daleko, proto\u017ee kompeten\u010dn\u00ed \u017ealoba nic nevy\u0159e\u0161\u00ed. Bude to i pro prezidenta prohra, nem\u011bl by kompeten\u010dn\u00ed \u017ealobu pod\u00e1vat podle m\u00e9ho n\u00e1zoru. Je\u0161t\u011b ji nepodal. Byla by to hloupost, ostuda,\u201c soud\u00ed politi\u010dka.<\/p>\n<p>&#13;<br \/>\n\tJure\u010dka souhlasil, \u017ee je to prohra z\u00fa\u010dastn\u011bn\u00fdch stran, prezidenta i vl\u00e1dy. \u201eNeum\u00edme se na vrcholov\u00e9 \u00farovni dohodnout, je to prohra cel\u00e9 spole\u010dnosti,\u201c domn\u00edv\u00e1 se poslanec.<\/p>\n<p>&#13;<br \/>\n\tSchillerov\u00e1: Chyst\u00e1me revolu\u010dn\u00ed reformu<\/p>\n<p>&#13;<br \/>\n\tDal\u0161\u00edm t\u00e9matem byl st\u00e1tn\u00ed rozpo\u010det. \u201eMoj\u00ed povinnost\u00ed je do konce srpna vyjednat rozpo\u010det, vl\u00e1da ho do konce z\u00e1\u0159\u00ed po\u0161le Sn\u011bmovn\u011b,\u201c zrekapitulovala ministryn\u011b.<\/p>\n<p>&#13;<br \/>\n\tP\u0159ipomn\u011bla, \u017ee s p\u0159edchoz\u00ed vl\u00e1dou tvrd\u011b vyjedn\u00e1vala. \u201eZ\u00e1konn\u00e9 p\u0159\u00edlohy tam nebyly. J\u00e1 to takhle d\u011blat nebudu. Budu informovat ve\u0159ejnost,\u201c sl\u00edbila \u0161\u00e9fka financ\u00ed.<\/p>\n<p>&#13;<\/p>\n<p>\t\t\t\tFotogalerie: &#8211; Jedn\u00e1n\u00ed vl\u00e1dy<\/p>\n<p>&#13;<br \/>\n\t\u201eRozd\u00edl mezi touto vl\u00e1dou a tou na\u0161\u00ed je, \u017ee platil z\u00e1kon o rozpo\u010dtov\u00fdch pravidlech a sni\u017eov\u00e1n\u00ed deficitu. Pan\u00ed ministryn\u011b dnes nen\u00ed schopna \u0159\u00edct, jak\u00fd bude deficit roku 2027, proto\u017ee si pravidla rozvol\u0148uje,\u201c za\u00fato\u010dil opozi\u010dn\u00ed poslanec.<\/p>\n<p>&#13;<br \/>\n\tMinistryn\u011b podle n\u011bj bude s \u010d\u00edsly \u201e\u010darovat\u201c. Kritizoval vl\u00e1du za rozpo\u010dtovou nezodpov\u011bdnost. Odhadl schodek na 350 mld. K\u010d.<\/p>\n<p>&#13;<br \/>\n\t\u201eTe\u010f jste si tak nab\u011bhl. Vy tomu nerozum\u00edte, nebo jste neuv\u011b\u0159iteln\u011b drz\u00fd \u010dlov\u011bk,\u201c nedala se Schillerov\u00e1. \u201eDostali jste n\u00e1s do rozpo\u010dtov\u00e9 pasti\u2026 Nechte m\u011b domluvit. Nechte m\u011b mluvit\u2026 Ud\u011blali jste neuv\u011b\u0159iteln\u00fd podraz a je\u0161t\u011b jste m\u011bli tu drzost, \u017ee jste po volb\u00e1ch v listopadu dali na str\u00e1nky ministerstva financ\u00ed v\u00edce ne\u017e dvojn\u00e1sobn\u00e1 \u010d\u00edsla, ne\u017e schv\u00e1lila Evropsk\u00e1 komise. A te\u010f m\u011b budete mistrovat? My jsme ve slo\u017eit\u00e9 situaci. Jedn\u00e1me o re\u00e1ln\u00fdch \u010d\u00edslech. Brzd\u00edme inflaci,\u201c zazn\u011blo v emotivn\u00edm vyj\u00e1d\u0159en\u00ed.<\/p>\n<p>&#13;<br \/>\n\t\u201ePast to byla, kdy\u017e ANO v\u011bd\u011blo, \u017ee nebude m\u00edt pen\u00edze na p\u0159edvolebn\u00ed sliby\u2026 Slibovali jste, \u017ee vr\u00e1t\u00edte pen\u00edze d\u016fchodc\u016fm, kter\u00e9 jim vl\u00e1da Petra Fialy \u00fadajn\u011b vzala. Tak vr\u00e1t\u00edte jim je, nebo ne?\u201c reagoval Jure\u010dka.<\/p>\n<p>&#13;<br \/>\n\tNa p\u016fj\u010denou korunu na dluhopisech podle n\u011bj st\u00e1t zaplat\u00ed pades\u00e1t hal\u00e9\u0159\u016f, celkem 720 miliard korun.<\/p>\n<p>&#13;<\/p>\n<p>\t\t\t\tFotogalerie: &#8211; Pou\u0165 sm\u00ed\u0159en\u00ed<\/p>\n<p>&#13;<br \/>\n\t\u201eRozpo\u010det budu vyjedn\u00e1vat. Dostala jsem po\u017eadavky resort\u016f. Na vl\u00e1d\u011b si stanov\u00edme priority. Pak to mus\u00edm uko\u010d\u00edrovat, to je norm\u00e1ln\u00ed. Vyjedn\u00e1vac\u00ed proces je na za\u010d\u00e1tku,\u201c zd\u016fraznila \u0161\u00e9fka financ\u00ed.<\/p>\n<p>&#13;<br \/>\n\tNejd\u0159\u00edv se bude jednat s Evropskou komis\u00ed. \u201eBudeme se dr\u017eet pod t\u0159emi procenty ve\u0159ejn\u00fdch financ\u00ed,\u201c uvedla k pl\u00e1novan\u00e9mu deficitu. \u201eM\u016f\u017ee se st\u00e1t, \u017ee jedn\u00e1n\u00ed se n\u011bkde zadrhnou, ale budu se dr\u017eet fisk\u00e1ln\u011b struktur\u00e1ln\u00edho pl\u00e1nu EU,\u201c zd\u016fraznila Schillerov\u00e1.<\/p>\n<p>&#13;<\/p>\n<p>\t\t\t\tFotogalerie: &#8211; Br\u0148\u00e1ci proti landsman\u0161aftu <\/p>\n<p>&#13;<br \/>\n\t\u201eBudu v n\u00e1kupn\u00edm st\u0159edisku nakupovat. Plat\u00edm kreditkou v kontokorentu, p\u0159id\u00e1m pr\u00e9miovou \u0161unku, \u0161ampa\u0148sk\u00e9 a tablet, \u0159eknu, \u017ee je to d\u016fle\u017eit\u00e9,\u201c pou\u017eil p\u0159\u00edm\u011br Jure\u010dka. Uvedl, \u017ee t\u0159i procenta jsou hranice, nikoli c\u00edl.<\/p>\n<p>&#13;<br \/>\n\t\u0158e\u010d se sto\u010dila k v\u00fddaj\u016fm do obrany. Moder\u00e1torka p\u0159ipomn\u011bla, \u017ee ani Fialova vl\u00e1da nesplnila dv\u011b procenta HDP. Jure\u010dka argumentoval, \u017ee se to je\u0161t\u011b nev\u00ed.<\/p>\n<p>&#13;<br \/>\n\t\u201ePochopil bych, \u017ee se kv\u016fli obran\u011b nebo elektr\u00e1rn\u011b Dukovany zadlu\u017e\u00edme v\u00edc,\u201c p\u0159ipustil poslanec. Zbyte\u010dn\u00e9 utr\u00e1cen\u00ed se mu v\u0161ak pr\u00fd nezamlouv\u00e1.<\/p>\n<p>&#13;<\/p>\n<p>\t\t\t\tFotogalerie: &#8211; Sjezd Sude\u0165\u00e1k\u016f za\u010dal <\/p>\n<p>&#13;<br \/>\n\tSchillerov\u00e1 se vr\u00e1tila k \u00fanikov\u00e9 dolo\u017ece. \u201eZa\u010dneme pod t\u0159emi procenty a budeme se tam dr\u017eet,\u201c ujistila ministryn\u011b.<\/p>\n<p>&#13;<br \/>\n\tJure\u010dka dal pr\u016fchod sv\u00e9 nespokojenosti. \u201eNa\u0161e vl\u00e1dn\u00ed koalice neslibovala lidem v\u011bci, na kter\u00e9 nejsou pen\u00edze. Neslibovali jsme vy\u0161\u0161\u00ed penze. Provedli jsme d\u016fchodovou reformu. Tahle vl\u00e1da reformu neuzn\u00e1v\u00e1. Vrstv\u00ed dal\u0161\u00ed a dal\u0161\u00ed v\u00fddaje,\u201c roz\u010d\u00edlil se opozi\u010dn\u00ed poslanec.<\/p>\n<p>&#13;<br \/>\n\tVl\u00e1da podle jeho slov demontuje d\u016fchodovou reformu, p\u0159esto\u017ee v\u00ed, \u017ee nem\u00e1 pen\u00edze.<\/p>\n<p>&#13;<br \/>\n\t\u201eLhali jste tehdy, l\u017eete po\u0159\u00e1d,\u201c reagovala Schillerov\u00e1. \u201eKdy\u017e n\u00e1m p\u0159ilet\u00ed bomba, za\u010d\u00edn\u00e1 krizov\u00e9 \u0159\u00edzen\u00ed st\u00e1tu. Pravidla padaj\u00ed. Nen\u00ed \u010das j\u00edt do Parlamentu a schvalovat deficit. Pro tyto p\u0159\u00edpady, kter\u00e9 nikdy nenastanou, to je,\u201c vysv\u011btlila rozvoln\u011bn\u00ed rozpo\u010dtov\u00fdch pravidel.<\/p>\n<p>&#13;<br \/>\n\tA vymezila se proti siln\u00e9mu vyj\u00e1d\u0159en\u00ed guvern\u00e9ra \u010cNB Ale\u0161e Michla, kter\u00fd \u0159ekl, \u017ee bankovn\u00ed rada bude dr\u017eet inflaci i za cenu zdrcen\u00ed ekonomiky. \u201eUr\u010dit\u011b nechceme zdrtit \u010deskou ekonomiku, ale ch\u00e1pu, \u017ee pan guvern\u00e9r r\u00e1d pou\u017e\u00edv\u00e1 siln\u00e1 slova. My jako vl\u00e1da pom\u00e1h\u00e1me sni\u017eovat inflaci,\u201c \u0159ekla ministryn\u011b.<\/p>\n<p>&#13;<br \/>\n\tPostup vl\u00e1dy kritizoval Jure\u010dka. \u201eD\u011bl\u00e1te plo\u0161n\u00e1 opat\u0159en\u00ed, to pom\u00e1h\u00e1 zvy\u0161ovat inflaci. Role \u010cNB je, \u017ee hodnot\u00ed kroky vl\u00e1dy, a kdy\u017e vid\u00ed nezodpov\u011bdnou politiku, nebude sni\u017eovat \u00farokov\u00e9 sazby,\u201c uvedl poslanec.<\/p>\n<p>&#13;<br \/>\n\tSchillerov\u00e1 pak op\u011bt musela politika ok\u0159iknout, aby ji nechal mluvit. Vyjmenovala protiinfla\u010dn\u00ed kroky vl\u00e1dy. \u201eNe\u010dek\u00e1me, a\u017e inflace bude utr\u017een\u00e1 ze \u0159et\u011bzu, jak jste to d\u011blali vy,\u201c vr\u00e1tila Jure\u010dkovi.<\/p>\n<p>&#13;<\/p>\n<p>\t\t\t\tFotogalerie: &#8211; Proti landsman\u0161aftu <\/p>\n<p>&#13;<br \/>\n\t\u0158e\u010d se sto\u010dila k d\u016fchod\u016fm. \u201eV zastropov\u00e1n\u00ed v\u011bku na 65 let n\u00e1s zat\u00edm netla\u010d\u00ed \u010das. Hlavn\u011b chyst\u00e1m velkou reformu, tzv. t\u0159et\u00ed pil\u00ed\u0159, jeho zatraktivn\u011bn\u00ed. To bude nejv\u011bt\u0161\u00ed revoluce za t\u0159icet let v t\u00e9to oblasti. Prob\u00edhaj\u00ed politick\u00e9 debaty. Parametry sd\u011bl\u00edme. Chceme p\u0159il\u00e1kat mlad\u00e9 lidi, kte\u0159\u00ed v\u011bt\u0161inou tento probl\u00e9m ne\u0159e\u0161\u00ed. Chceme zav\u00e9st spo\u0159en\u00ed dle \u017eivotn\u00edho cyklu. Nejpodstatn\u011bj\u0161\u00ed je sn\u00ed\u017een\u00ed poplatk\u016f, kter\u00e9 se dnes odv\u00e1d\u011bj\u00ed poji\u0161\u0165ovn\u00e1m,\u201c zd\u016fraznila politi\u010dka.<\/p>\n<p>&#13;<br \/>\n\tJure\u010dka navrhl, aby st\u00e1tn\u00ed p\u0159\u00edsp\u011bvek pro lidi do t\u0159iceti let v\u011bku byl vy\u0161\u0161\u00ed. Reforma m\u011bla podle n\u011bj prob\u011bhnout u\u017e p\u0159ed \u010dty\u0159mi lety.<\/p>\n<p>&#13;<br \/>\n\tSchillerov\u00e1 \u0159ekla, \u017ee reforma je kl\u00ed\u010dov\u00e1 a bude o n\u00ed jednat s opozic\u00ed a hledat shodu. Kritizovala v\u00fd\u0161i poplatk\u016f poji\u0161\u0165ovn\u00e1m. \u201eBude to boj se soukrom\u00fdm sektorem, ale jinak s t\u00edm nepohneme,\u201c \u0159ekla a p\u0159ipomn\u011bla, \u017ee p\u0159edchoz\u00ed vl\u00e1da sn\u00ed\u017eila st\u00e1tn\u00ed p\u0159\u00edsp\u011bvek ve t\u0159et\u00edm pil\u00ed\u0159i, mnoho lid\u00ed z n\u011bj proto ode\u0161lo.<\/p>\n<p>&#13;<br \/>\n\tPodle Jure\u010dky tyto pen\u00edze z\u016fstaly v syst\u00e9mu. N\u00e1vrh Schillerov\u00e9, \u017ee by se spo\u0159it mohlo u\u017e od narozen\u00ed, podle sv\u00fdch slov v\u00edt\u00e1.<\/p>\n<p>&#13;<br \/>\n\t\u201eLid\u00e9 ztratili d\u016fv\u011bru, ode\u0161li ze t\u0159et\u00edho pil\u00ed\u0159e,\u201c kritizovala ministryn\u011b Fialovu vl\u00e1du, z\u00e1rove\u0148 ale i pochv\u00e1lila: \u201eD\u00edky jednotn\u00e9mu m\u011bs\u00ed\u010dn\u00edmu hl\u00e1\u0161en\u00ed, kter\u00e9 je projektem pana exministra, budeme moci l\u00e9pe zac\u00edlit n\u00e1ro\u010dn\u00e9 profese.\u201c<\/p>\n<p>&#13;<br \/>\n\tJure\u010dka je pr\u00fd r\u00e1d, \u017ee sou\u010dasn\u00e1 koalice v\u011bt\u0161inu opat\u0159en\u00ed p\u0159edchoz\u00ed vl\u00e1dy ponech\u00e1v\u00e1 v platnosti, a\u010dkoliv p\u0159ed volbami ANO \u0159\u00edkalo, \u017ee je zru\u0161\u00ed.<\/p>\n<p>&#13;<br \/>\n\t\u201eTo je nesmysl,\u201c nam\u00edtla Schillerov\u00e1. Uvedla, \u017ee Babi\u0161\u016fv kabinet vrac\u00ed v\u0161e, co vr\u00e1tit lze.<\/p>\n<p>&#13;<\/p>\n<p>\t\t\t\tFotogalerie: &#8211; Zeman ve studiu PL<\/p>\n<p>&#13;<br \/>\n\tHovo\u0159ilo se i o pl\u00e1novan\u00e9m zv\u00fd\u0161en\u00ed rodi\u010dovsk\u00e9ho p\u0159\u00edsp\u011bvku. \u201eV\u00fddaje na rodi\u010d\u00e1k klesaj\u00ed o miliardy. Navrhl jsem zv\u00fd\u0161en\u00ed, vl\u00e1da to zam\u00e1zla. Te\u010f v pond\u011bl\u00ed \u00fapln\u011b stejn\u00fd n\u00e1vrh schv\u00e1lila. Nel\u00edb\u00ed se mi tento postup, p\u0159esto n\u00e1vrh podpo\u0159\u00edme,\u201c \u0159ekl poslanec.<\/p>\n<p>&#13;<br \/>\n\t\u201eM\u00e1me tam 400 tis\u00edc. Prosad\u00edme vl\u00e1dn\u00ed n\u00e1vrh, proto\u017ee jsme ve vl\u00e1d\u011b a m\u00e1me to v programov\u00e9m prohl\u00e1\u0161en\u00ed vl\u00e1dy,\u201c objasnila postup Schillerov\u00e1.<\/p>\n<p>&#13;<br \/>\n\tJure\u010dka cht\u011bl, aby se to \u201eud\u011blalo adresn\u011b\u201c.<\/p>\n<p>&#13;<br \/>\n\t\u201eVy z toho chcete ud\u011blat soci\u00e1ln\u00ed d\u00e1vku?\u201c divila se ministryn\u011b.<\/p>\n<p>&#13;<\/p>\n<p>\t\t\t\tFotogalerie: &#8211; Nesmi\u0159iteln\u00ed a sm\u00ed\u0159en\u00ed <\/p>\n<p>&#13;<br \/>\n\tZ\u00e1v\u011brem se hovo\u0159ilo o mo\u017en\u00e9m prodeji v\u00fdrobce v\u00fdbu\u0161nin Explosia v Pardubic\u00edch. \u201eJe to n\u011bjak\u00e1 \u00favaha, zva\u017eujeme to. Nechali bychom si zlatou akcii, tedy pojistku. Uv\u011bdomme si, \u017ee te\u010f se zbroj\u00ed, cena roste, pozd\u011bji p\u016fjde dol\u016f,\u201c vysv\u011btlila Schillerov\u00e1.<\/p>\n<p>&#13;<br \/>\n\tJure\u010dka nam\u00edtl, \u017ee pr\u00e1v\u011b vzhledem k situaci je dobr\u00e9 m\u00edt takovou v\u00fdrobu v rukou st\u00e1tu. \u201eM\u00e1me dr\u017eet leti\u0161t\u011b, kl\u00ed\u010dov\u00e9 produktovody, m\u00e1me si podr\u017eet i tak kl\u00ed\u010dov\u00e9ho v\u00fdrobce, zvl\u00e1\u0161\u0165 v t\u00e9to dob\u011b,\u201c zd\u016fraznil poslanec.<\/p>\n<p>&#13;<br \/>\n\t\u201eRozhodnut\u00ed nepadlo. Ekonomicky zaj\u00edmav\u00e9 je to pr\u00e1v\u011b v t\u00e9to dob\u011b,\u201c zd\u016fraznila m\u00edstop\u0159edsedkyn\u011b vl\u00e1dy a vypo\u010d\u00edtala podniky, kter\u00e9 st\u00e1t v minulosti prodal do soukrom\u00fdch rukou.<\/p>\n<p>&#13;<br \/>\n\tVl\u00e1da podle n\u00ed o prodeji zat\u00edm nejednala. \u201eRozhodla by cena. Je obrovsk\u00e1 nab\u00eddka. I ze strany \u010desk\u00fdch firem,\u201c p\u0159ibl\u00ed\u017eila m\u00edstop\u0159edsedkyn\u011b kabinetu.<\/p>\n<p>&#13;<br \/>\n\tJure\u010dka nam\u00edtl, \u017ee prodej Explosie, zvl\u00e1\u0161t\u011b v t\u00e9to dob\u011b, mu p\u0159ipad\u00e1 jako \u201e\u00fapln\u00fd v\u00fdk\u0159ik do tmy\u201c.<\/p>\n<p>&#13;<\/p>\n<p>    Psali jsme:<\/p>\n","protected":false},"excerpt":{"rendered":"&#13; Ned\u011bln\u00ed Partie Terezie Tom\u00e1nkov\u00e9 nab\u00eddla duel mezi ministryn\u00ed financ\u00ed Alenou Schillerovou (ANO) a b\u00fdval\u00fdm \u0161\u00e9fem resortu pr\u00e1ce&hellip;\n","protected":false},"author":2,"featured_media":95692,"comment_status":"","ping_status":"","sticky":false,"template":"","format":"standard","meta":{"footnotes":"","_share_on_mastodon":"0"},"categories":[7],"tags":[941,43,42,41,40,1478,13207,13822,895,4099,580,137,9688,8148],"class_list":["post-95691","post","type-post","status-publish","format-standard","has-post-thumbnail","category-cesko","tag-babis","tag-ceska-republika","tag-cesko","tag-czech-republic","tag-czechia","tag-duchodova-reforma","tag-explosia","tag-jurecka","tag-nato","tag-partie","tag-prezident","tag-rozpocet","tag-schillerova","tag-summit-nato"],"share_on_mastodon":{"url":"https:\/\/pubeurope.com\/@cz\/116629725829200948","error":""},"_links":{"self":[{"href":"https:\/\/www.europesays.com\/cz\/wp-json\/wp\/v2\/posts\/95691","targetHints":{"allow":["GET"]}}],"collection":[{"href":"https:\/\/www.europesays.com\/cz\/wp-json\/wp\/v2\/posts"}],"about":[{"href":"https:\/\/www.europesays.com\/cz\/wp-json\/wp\/v2\/types\/post"}],"author":[{"embeddable":true,"href":"https:\/\/www.europesays.com\/cz\/wp-json\/wp\/v2\/users\/2"}],"replies":[{"embeddable":true,"href":"https:\/\/www.europesays.com\/cz\/wp-json\/wp\/v2\/comments?post=95691"}],"version-history":[{"count":0,"href":"https:\/\/www.europesays.com\/cz\/wp-json\/wp\/v2\/posts\/95691\/revisions"}],"wp:featuredmedia":[{"embeddable":true,"href":"https:\/\/www.europesays.com\/cz\/wp-json\/wp\/v2\/media\/95692"}],"wp:attachment":[{"href":"https:\/\/www.europesays.com\/cz\/wp-json\/wp\/v2\/media?parent=95691"}],"wp:term":[{"taxonomy":"category","embeddable":true,"href":"https:\/\/www.europesays.com\/cz\/wp-json\/wp\/v2\/categories?post=95691"},{"taxonomy":"post_tag","embeddable":true,"href":"https:\/\/www.europesays.com\/cz\/wp-json\/wp\/v2\/tags?post=95691"}],"curies":[{"name":"wp","href":"https:\/\/api.w.org\/{rel}","templated":true}]}}