{"id":96323,"date":"2026-05-25T08:29:12","date_gmt":"2026-05-25T08:29:12","guid":{"rendered":"https:\/\/www.europesays.com\/cz\/96323\/"},"modified":"2026-05-25T08:29:12","modified_gmt":"2026-05-25T08:29:12","slug":"ceska-miss-world-krystyna-pyszkova-okouzlila-cannes-pak-korunovala-novou-kralovnu-krasy","status":"publish","type":"post","link":"https:\/\/www.europesays.com\/cz\/96323\/","title":{"rendered":"\u010cesk\u00e1 Miss World Krystyna Pyszkov\u00e1 okouzlila Cannes. Pak korunovala novou kr\u00e1lovnu kr\u00e1sy"},"content":{"rendered":"<p class=\"c_bz\">O v\u00edkendu skon\u010dil <a data-dot=\"atm-link\" target=\"_blank\" href=\"https:\/\/www.novinky.cz\/clanek\/lifestyle-moda-kosmetika-zacal-filmovy-festival-v-cannes-nejvetsi-hvezdou-cerveneho-koberce-byla-joan-collinsova-40577837\" class=\"c_N\" rel=\"nofollow noopener\">filmov\u00fd festival v\u00a0Cannes<\/a> a\u00a0krom\u011b sv\u011btov\u00fdch celebrit na n\u011bm z\u00e1\u0159ily i\u00a0n\u011bkter\u00e9 \u010ce\u0161ky, mezi n\u011b\u017e pat\u0159ila nap\u0159\u00edklad modelka <a data-dot=\"atm-link\" target=\"_blank\" rel=\"noopener nofollow\" href=\"https:\/\/www.super.cz\/clanek\/celebrity-petra-nemcova-s-manzelem-jsou-nejkrasnejsim-parem-festivalu-v-cannes-modelka-vsadila-na-ohromny-vystrih-1524842\" class=\"c_N\">Petra N\u011bmcov\u00e1<\/a>, ale i\u00a0v\u00edt\u011bzka sout\u011b\u017ee Miss Czech Republic 2022\u00a0a\u00a0Miss World 2023\u00a0Krystyna Pyszkov\u00e1. Ta se objevila na \u010derven\u00e9m koberci hned dvakr\u00e1t a\u00a0z\u00e1\u0159ila jako skute\u010dn\u00e1 hollywoodsk\u00e1 star.<\/p>\n<p>\u0160aty z\u00a0mo\u0159sk\u00fdch vln v\u00a0Cannes<\/p>\n<p class=\"c_bz\">Na filmov\u00e9m festivalu v\u00a0Cannes vynesla Krystyna Pyszkov\u00e1 hned dvoje luxusn\u00ed \u0161aty vietnamsk\u00e9ho n\u00e1vrh\u00e1\u0159e Le Thanh Hoa, s\u00a0n\u00edm\u017e spolupracovala ji\u017e d\u0159\u00edve. Jedna z\u00a0r\u00f3b v\u00a0jemn\u00fdch odst\u00ednech sv\u011btle modr\u00e9 a\u00a0st\u0159\u00edbrn\u00e9 zaujala dramatick\u00fdmi ruk\u00e1vy a\u00a0v\u00fdraznou ma\u0161l\u00ed, druh\u00fd model pak zv\u00fdraz\u0148oval jej\u00ed siluetu.<\/p>\n<p class=\"c_bz\">Krystyna Pyszkov\u00e1 byla ozdobou \u010derven\u00e9ho koberce v\u00a0CannesVideo: archiv Le Thanh Hoa<\/p>\n<p class=\"c_bz\">N\u00e1vrh\u00e1\u0159 vietnamsk\u00e9 zna\u010dky exkluzivn\u011b novink\u00e1m p\u0159iznal, \u017ee v\u00fdroba \u0161at\u016f zabrala nespo\u010det hodin precizn\u00ed ru\u010dn\u00ed pr\u00e1ce: \u201eN\u00e1\u0161 ateli\u00e9r Le Thanh Hoa v\u011bnoval v\u00edce ne\u017e 200\u00a0hodin zdoben\u00ed vlnit\u00fdch st\u0159\u00edbrn\u00fdch detail\u016f, kter\u00e9 p\u0159i ka\u017ed\u00e9m pohybu t\u011bla vytv\u00e1\u0159ej\u00ed efekt odr\u00e1\u017eej\u00edc\u00edho sv\u011btla. To m\u00e1 p\u0159ipom\u00ednat t\u0159pytiv\u00e9 sv\u011btlo tan\u010d\u00edc\u00ed na mo\u0159sk\u00fdch vln\u00e1ch. P\u0159il\u00e9hav\u00e1 silueta mo\u0159sk\u00e9 panny je dopln\u011bn\u00e1 3D drapovanou ma\u0161lovou peler\u00ednou.\u201c<\/p>\n<p><a data-dot=\"atm-link\" target=\"_self\" href=\"https:\/\/www.novinky.cz\/clanek\/lifestyle-moda-kosmetika-demi-moore-ovladla-cannes-na-filmovem-festivalu-zarila-v-barbie-satech-a-sokovala-zmenou-ucesu-40579318\" class=\"c_N\" rel=\"nofollow noopener\"><img fetchpriority=\"high\" height=\"1080\" width=\"1920\" src=\"https:\/\/www.europesays.com\/cz\/wp-content\/uploads\/2026\/05\/demi-mooreova-saty-cannes-outfit.jpeg\" loading=\"eager\" decoding=\"sync\" class=\"c_t c_r\"\/><\/a><\/p>\n<p class=\"c_bz\">A siluetu mo\u0159sk\u00e9 panny m\u011bly i\u00a0druh\u00e9 zelenkav\u00e9 \u0161aty pro Krystynu, kter\u00e9 stvo\u0159il stejn\u00fd ateli\u00e9r ve\u00a0st\u0159\u00eddm\u011bj\u0161\u00edm, ale velmi elegantn\u00edm proveden\u00ed. Modelka k\u00a0nim v\u0161ak zvolila netradi\u010dn\u00ed \u00fa\u010des. Z\u00a0dlouh\u00fdch vlas\u016f vytvo\u0159il vlasov\u00fd stylista mik\u00e1do.<\/p>\n<p class=\"c_bz\">\u201eKorzetov\u00e1 silueta bez ram\u00ednek je pe\u010dliv\u011b \u0159asen\u00e1 p\u0159es \u017eiv\u016ftek a\u00a0obep\u00edn\u00e1 t\u011blo se smyslnost\u00ed druh\u00e9 k\u016f\u017ee, ne\u017e p\u0159ech\u00e1z\u00ed do prodlou\u017een\u00fdch drapovan\u00fdch panel\u016f, kter\u00e9 opticky prodlu\u017euj\u00ed postavu s\u00a0nenucenou eleganc\u00ed. Jemn\u00e9 plisov\u00e1n\u00ed spl\u00fdv\u00e1 diagon\u00e1ln\u011b pod\u00e9l sukn\u011b jako lehk\u00e9 vln\u011bn\u00ed vody a\u00a0vytv\u00e1\u0159\u00ed pohyb i\u00a0hloubku p\u0159i ka\u017ed\u00e9m kroku. Pr\u016fsvitn\u00fd \u0161\u00e1lov\u00fd detail se jemn\u011b obt\u00e1\u010d\u00ed kolem krku a\u00a0p\u0159ech\u00e1z\u00ed do spl\u00fdvav\u00e9 vle\u010dky na z\u00e1dech, \u010d\u00edm\u017e dod\u00e1v\u00e1 modelu \u00e9terickou lehkost p\u0159ipom\u00ednaj\u00edc\u00ed \u0161ifon un\u00e1\u0161en\u00fd v\u011btrem,\u201c popisuje pro novinky Le Thanh Hoa.<\/p>\n<p><img height=\"2304\"   width=\"1535\" src=\"https:\/\/www.europesays.com\/cz\/wp-content\/uploads\/2026\/05\/krystyna-pyszkova.jpeg\" loading=\"eager\" decoding=\"sync\" class=\"c_t c_r\"\/>Foto: Le Thanh HoaNa Miss Czech Republic v\u00a0couture r\u00f3b\u011b<\/p>\n<p class=\"c_bz\">Jen p\u00e1r dn\u00ed po velkolep\u00fdch premi\u00e9r\u00e1ch ve Francouzsk\u00e9 rivi\u00e9\u0159e se Krystyna Pyszkov\u00e1 objevila na dom\u00e1c\u00ed sc\u00e9n\u011b. V\u00a0sobotu ve\u010der p\u0159edala korunku kr\u00e1sy nov\u00e9 v\u00edt\u011bzce Miss Czech Republic Lucii Piskov\u00e9 a\u00a0znovu uk\u00e1zala cit pro v\u00fdb\u011br \u0161at\u016f na \u00farovni. Tentokr\u00e1t obl\u00e9kla zdobenou r\u00f3bu thajsk\u00e9 zna\u010dky GL Garlate Design, ve kter\u00e9 byla stejn\u011b nep\u0159ehl\u00e9dnuteln\u00e1. B\u011bhem ve\u010dera pak stihla vyn\u00e9st i\u00a0dal\u0161\u00ed \u0161aty vietnamsk\u00e9 design\u00e9rky, kter\u00e9 najdete ve fotogalerii.<\/p>\n<p><a data-dot=\"atm-link\" target=\"_self\" href=\"https:\/\/www.novinky.cz\/clanek\/kultura-filmy-serialy-filmovy-festival-v-cannes-rozdal-ceny-zlatou-palmu-ziskal-rumunsky-film-fjord-40579580\" class=\"c_N\" rel=\"nofollow noopener\"><img height=\"1929\" width=\"3430\" src=\"https:\/\/www.europesays.com\/cz\/wp-content\/uploads\/2026\/05\/1ffa.jpeg\" loading=\"eager\" decoding=\"sync\" class=\"c_t c_r\"\/><\/a><a data-dot=\"atm-link\" target=\"_self\" href=\"https:\/\/www.novinky.cz\/clanek\/kultura-filmy-serialy-tematem-rady-festivalovych-filmu-v-cannes-je-manipulace-40578597\" class=\"c_N\" rel=\"nofollow noopener\"><img height=\"1883\" width=\"3348\" src=\"https:\/\/www.europesays.com\/cz\/wp-content\/uploads\/2026\/05\/1779697752_575_javier-bardem-cannes.jpeg\" loading=\"eager\" decoding=\"sync\" class=\"c_t c_r\"\/><\/a><\/p>\n","protected":false},"excerpt":{"rendered":"O v\u00edkendu skon\u010dil filmov\u00fd festival v\u00a0Cannes a\u00a0krom\u011b sv\u011btov\u00fdch celebrit na n\u011bm z\u00e1\u0159ily i\u00a0n\u011bkter\u00e9 \u010ce\u0161ky, mezi n\u011b\u017e pat\u0159ila nap\u0159\u00edklad&hellip;\n","protected":false},"author":2,"featured_media":96324,"comment_status":"","ping_status":"","sticky":false,"template":"","format":"standard","meta":{"footnotes":"","_share_on_mastodon":"0"},"categories":[14],"tags":[26411,4743,79,26282,14226,20524,8818,13993,8515,80],"class_list":["post-96323","post","type-post","status-publish","format-standard","has-post-thumbnail","category-zabava","tag-cannes","tag-cerveny-koberec","tag-entertainment","tag-filmovy-festival-v-cannes","tag-krystyna-pyszkova","tag-miss","tag-miss-czech-republic","tag-miss-world","tag-spolecenske-saty","tag-zabava"],"share_on_mastodon":{"url":"https:\/\/pubeurope.com\/@cz\/116634279146606905","error":""},"_links":{"self":[{"href":"https:\/\/www.europesays.com\/cz\/wp-json\/wp\/v2\/posts\/96323","targetHints":{"allow":["GET"]}}],"collection":[{"href":"https:\/\/www.europesays.com\/cz\/wp-json\/wp\/v2\/posts"}],"about":[{"href":"https:\/\/www.europesays.com\/cz\/wp-json\/wp\/v2\/types\/post"}],"author":[{"embeddable":true,"href":"https:\/\/www.europesays.com\/cz\/wp-json\/wp\/v2\/users\/2"}],"replies":[{"embeddable":true,"href":"https:\/\/www.europesays.com\/cz\/wp-json\/wp\/v2\/comments?post=96323"}],"version-history":[{"count":0,"href":"https:\/\/www.europesays.com\/cz\/wp-json\/wp\/v2\/posts\/96323\/revisions"}],"wp:featuredmedia":[{"embeddable":true,"href":"https:\/\/www.europesays.com\/cz\/wp-json\/wp\/v2\/media\/96324"}],"wp:attachment":[{"href":"https:\/\/www.europesays.com\/cz\/wp-json\/wp\/v2\/media?parent=96323"}],"wp:term":[{"taxonomy":"category","embeddable":true,"href":"https:\/\/www.europesays.com\/cz\/wp-json\/wp\/v2\/categories?post=96323"},{"taxonomy":"post_tag","embeddable":true,"href":"https:\/\/www.europesays.com\/cz\/wp-json\/wp\/v2\/tags?post=96323"}],"curies":[{"name":"wp","href":"https:\/\/api.w.org\/{rel}","templated":true}]}}