{"id":96353,"date":"2026-05-25T08:54:11","date_gmt":"2026-05-25T08:54:11","guid":{"rendered":"https:\/\/www.europesays.com\/cz\/96353\/"},"modified":"2026-05-25T08:54:11","modified_gmt":"2026-05-25T08:54:11","slug":"startuje-linka-praha-filadelfie-nabidne-denni-spojeni-a-prestup-do-celych-usa","status":"publish","type":"post","link":"https:\/\/www.europesays.com\/cz\/96353\/","title":{"rendered":"Startuje linka Praha\u2013Filadelfie. Nab\u00eddne denn\u00ed spojen\u00ed a p\u0159estup do cel\u00fdch USA"},"content":{"rendered":"<p>Leteck\u00e1 spole\u010dnost American Airlines ofici\u00e1ln\u011b zah\u00e1jila provoz nov\u00e9 d\u00e1lkov\u00e9 linky z Prahy do Filadelfie. P\u0159\u00edm\u00e9 spojen\u00ed s jedn\u00edm z nejd\u016fle\u017eit\u011bj\u0161\u00edch uzl\u016f na v\u00fdchodn\u00edm pob\u0159e\u017e\u00ed USA mohou cestuj\u00edc\u00ed vyu\u017e\u00edvat denn\u011b a\u017e do za\u010d\u00e1tku \u0159\u00edjna. Letouny typu Boeing 787-8 Dreamliner nab\u00edzej\u00ed 234 sedadel a podle odhad\u016f leti\u0161t\u011b p\u0159eprav\u00ed b\u011bhem l\u00e9ta v obou sm\u011brech p\u0159es 57 tis\u00edc lid\u00ed.<\/p>\n<p>Pro \u010desk\u00e9 pasa\u017e\u00e9ry tato trasa nep\u0159edstavuje pouze cestu do jednoho m\u011bsta, ale d\u00edky hust\u00e9 s\u00edti navazuj\u00edc\u00edch let\u016f otev\u00edr\u00e1 p\u0159\u00edstup do v\u00edce ne\u017e stovky dal\u0161\u00edch destinac\u00ed v <a href=\"https:\/\/www.e15.cz\/byznys\/burzy-a-trhy\/ceny-ropy-prudce-padaji-trhy-doufaji-v-dohodu-mezi-usa-a-iranem-1433027\" rel=\"nofollow noopener\" target=\"_blank\">USA<\/a>, Kanad\u011b \u010di Mexiku.<\/p>\n<p>Dopravce napl\u00e1noval \u010dasy odlet\u016f tak, aby vyhovovaly turist\u016fm i byznysmen\u016fm. Z Prahy letadlo startuje dopoledne v 10:15 a ve Filadelfii p\u0159ist\u00e1v\u00e1 ve 13:05 m\u00edstn\u00edho \u010dasu. Zp\u00e1te\u010dn\u00ed let z USA odl\u00e9t\u00e1 v 18:00 a v Praze p\u0159ist\u00e1v\u00e1 v 8:15 n\u00e1sleduj\u00edc\u00edho r\u00e1na.<\/p>\n<p>\u201ePodle na\u0161ich p\u0159edpoklad\u016f vyu\u017eije nov\u00e9 spojen\u00ed b\u011bhem <a href=\"https:\/\/www.e15.cz\/radce\/past-jmenem-stihnout-vsechno-jak-letos-ne-planovat-letni-dovolenou-1432982?utm_source=blesk.cz&amp;utm_medium=pr_pozice&amp;utm_campaign=blesk_4\" rel=\"nofollow noopener\" target=\"_blank\">leto\u0161n\u00ed letn\u00ed sezony<\/a> v\u00edce ne\u017e 57 tis\u00edc cestuj\u00edc\u00edch. Jsme p\u0159esv\u011bd\u010deni, \u017ee si tato linka rychle z\u00edsk\u00e1 stabiln\u00ed z\u00e1jem, co\u017e m\u016f\u017ee vytvo\u0159it podm\u00ednky pro jej\u00ed p\u0159\u00edpadn\u00fd provoz i b\u011bhem zimn\u00ed sezony,\u201c\u00a0uv\u00e1d\u00ed Ji\u0159\u00ed Pos, p\u0159edseda p\u0159edstavenstva Leti\u0161t\u011b Praha: Letenky jsou ji\u017e nyn\u00ed dostupn\u00e9 na webu dopravce.<\/p>\n<p><a class=\"article-card__image\" data-ac-image=\"\" href=\"https:\/\/www.e15.cz\/cesta-autem-do-chorvatska-cena-poplatky-destinace-pojisteni\" title=\"Cesta autem do Chorvatska 2026: Cena, aktu\u00e1ln\u00ed poplatky, trasa, poji\u0161t\u011bn\u00ed a na co nezapomenout\" rel=\"nofollow noopener\" target=\"_blank\"><img decoding=\"async\" alt=\"Cesta autem do Chorvatska 2026: Cena, aktu\u00e1ln\u00ed poplatky, trasa, poji\u0161t\u011bn\u00ed a na co nezapomenout\" title=\"Cesta autem do Chorvatska 2026: Cena, aktu\u00e1ln\u00ed poplatky, trasa, poji\u0161t\u011bn\u00ed a na co nezapomenout\" class=\"\" data-magazine=\"\" src=\"https:\/\/www.europesays.com\/cz\/wp-content\/uploads\/2026\/05\/9458525.jpg\" loading=\"lazy\" style=\"aspect-ratio: 328 \/ 184\"\/><\/a><a class=\"article-card__title-link line-limit-3\" data-ac-title=\"\" href=\"https:\/\/www.e15.cz\/cesta-autem-do-chorvatska-cena-poplatky-destinace-pojisteni\" title=\"Cesta autem do Chorvatska 2026: Cena, aktu\u00e1ln\u00ed poplatky, trasa, poji\u0161t\u011bn\u00ed a na co nezapomenout\" rel=\"nofollow noopener\" target=\"_blank\">Cesta autem do Chorvatska 2026: Cena, aktu\u00e1ln\u00ed poplatky, trasa, poji\u0161t\u011bn\u00ed a na co nezapomenout<\/a><\/p>\n<p>Ekonomick\u00fd v\u00fdznam linky vyzdvihl ministr pr\u016fmyslu a obchodu Karel Havl\u00ed\u010dek. \u201eP\u0159\u00edm\u00e1 linka z Prahy do Filadelfie znamen\u00e1 v\u00edc ne\u017e pohodln\u011bj\u0161\u00ed cestov\u00e1n\u00ed. Zkracuje cestu k investor\u016fm, obchodn\u00edm partner\u016fm i nov\u00fdm technologick\u00fdm p\u0159\u00edle\u017eitostem a z\u00e1rove\u0148 p\u0159iv\u00e1d\u00ed do \u010ceska bonitn\u00ed n\u00e1v\u0161t\u011bvn\u00edky,\u201c uvedl Havl\u00ed\u010dek p\u0159i slavnostn\u00edm otev\u0159en\u00ed.<\/p>\n<p>Podle n\u011bj jde o konkr\u00e9tn\u00ed p\u0159\u00edklad propojov\u00e1n\u00ed dopravy, pr\u016fmyslu a cestovn\u00edho ruchu.\u00a0Ameri\u010dan\u00e9 v tuzemsku z\u016fst\u00e1vaj\u00ed v pr\u016fm\u011bru 3,6 dne a vyhled\u00e1vaj\u00ed p\u0159edev\u0161\u00edm gastronomii a kulturn\u00ed pam\u00e1tky.<\/p>\n","protected":false},"excerpt":{"rendered":"Leteck\u00e1 spole\u010dnost American Airlines ofici\u00e1ln\u011b zah\u00e1jila provoz nov\u00e9 d\u00e1lkov\u00e9 linky z Prahy do Filadelfie. P\u0159\u00edm\u00e9 spojen\u00ed s jedn\u00edm&hellip;\n","protected":false},"author":2,"featured_media":96354,"comment_status":"","ping_status":"","sticky":false,"template":"","format":"standard","meta":{"footnotes":"","_share_on_mastodon":"0"},"categories":[30],"tags":[19668,2516,42,10666,9497,705,5069,98,99,28982,113],"class_list":["post-96353","post","type-post","status-publish","format-standard","has-post-thumbnail","category-praha","tag-american-airlines","tag-boeing-787","tag-cesko","tag-czechtourism","tag-filadelfie","tag-karel-havlicek","tag-letecka-spolecnost","tag-prague","tag-praha","tag-prestup","tag-usa"],"share_on_mastodon":{"url":"https:\/\/pubeurope.com\/@cz\/116634378106212635","error":""},"_links":{"self":[{"href":"https:\/\/www.europesays.com\/cz\/wp-json\/wp\/v2\/posts\/96353","targetHints":{"allow":["GET"]}}],"collection":[{"href":"https:\/\/www.europesays.com\/cz\/wp-json\/wp\/v2\/posts"}],"about":[{"href":"https:\/\/www.europesays.com\/cz\/wp-json\/wp\/v2\/types\/post"}],"author":[{"embeddable":true,"href":"https:\/\/www.europesays.com\/cz\/wp-json\/wp\/v2\/users\/2"}],"replies":[{"embeddable":true,"href":"https:\/\/www.europesays.com\/cz\/wp-json\/wp\/v2\/comments?post=96353"}],"version-history":[{"count":0,"href":"https:\/\/www.europesays.com\/cz\/wp-json\/wp\/v2\/posts\/96353\/revisions"}],"wp:featuredmedia":[{"embeddable":true,"href":"https:\/\/www.europesays.com\/cz\/wp-json\/wp\/v2\/media\/96354"}],"wp:attachment":[{"href":"https:\/\/www.europesays.com\/cz\/wp-json\/wp\/v2\/media?parent=96353"}],"wp:term":[{"taxonomy":"category","embeddable":true,"href":"https:\/\/www.europesays.com\/cz\/wp-json\/wp\/v2\/categories?post=96353"},{"taxonomy":"post_tag","embeddable":true,"href":"https:\/\/www.europesays.com\/cz\/wp-json\/wp\/v2\/tags?post=96353"}],"curies":[{"name":"wp","href":"https:\/\/api.w.org\/{rel}","templated":true}]}}