{"id":96791,"date":"2026-05-25T14:52:11","date_gmt":"2026-05-25T14:52:11","guid":{"rendered":"https:\/\/www.europesays.com\/cz\/96791\/"},"modified":"2026-05-25T14:52:11","modified_gmt":"2026-05-25T14:52:11","slug":"ms-v-hokeji-2026-on-line-ceske-zapasy-program-i-soupiska-sledujte-aktualni-deni","status":"publish","type":"post","link":"https:\/\/www.europesays.com\/cz\/96791\/","title":{"rendered":"MS v hokeji 2026 ON-LINE: \u010cesk\u00e9 z\u00e1pasy, program i soupiska. Sledujte aktu\u00e1ln\u00ed d\u011bn\u00ed"},"content":{"rendered":"<p>        <img decoding=\"async\" src=\"https:\/\/www.europesays.com\/cz\/wp-content\/uploads\/2026\/05\/fallback-image.jpg\" alt=\"CNN Prima NEWS\" class=\"avatar-img w-[40px] h-[40px] min-w-[40px] rounded-full border-[1.5px] border-solid border-black object-cover hover:opacity-90 transition-opacity before:!content-none !bg-none\" loading=\"lazy\"\/><\/p>\n<p>                            CNN Prima NEWS<\/p>\n<p>                        25. kv\u011b 2026, 11:42\n                    <\/p>\n<p class=\"lead\">\n                        P\u0159edposledn\u00edm soupe\u0159em \u010desk\u00e9ho v\u00fdb\u011bru ve skupin\u011b jsou Norov\u00e9. Do branky tren\u00e9\u0159i poslali Dominika Pavl\u00e1ta. \u010cesko porazilo v sobotu Slovensko 3:2. Jistotu postupu do \u010dtvrtfin\u00e1le jim pak dala p\u0159ekvapiv\u00e1 v\u00fdhra Nor\u016f nad \u0160v\u00e9dy (3:2). T\u00fdm kou\u010de Radima Rul\u00edka m\u00e1 po p\u011bti odehran\u00fdch z\u00e1pasech 13 bod\u016f. Sledujte to nejzaj\u00edmav\u011bj\u0161\u00ed z MS v hokeji ON-LINE na CNN Prima NEWS.\n                    <\/p>\n<p>                                <a href=\"https:\/\/www.seznam.cz\/pridat-boxik\/173335\" onclick=\"dataLayer.push({&#039;event&#039;: &#039;add_to_seznam&#039;})\" class=\"hidden w-full\" id=\"seznam-banner\" rel=\"nofollow noopener\" target=\"_blank\"><\/p>\n<p>        <img decoding=\"async\" loading=\"lazy\" class=\"w-full mb-4\" src=\"https:\/\/assets.cnn.iprima.cz\/images\/seznam-banner-desktop-v3.svg\" alt=\"Seznam.cz banner\"\/><\/p>\n<p><\/a><\/p>\n<p><a target=\"_blank\" href=\"https:\/\/cnn.iprima.cz\/ms-hokej-2026-program-cesi-skupiny-vysledky\" rel=\"nofollow noopener\">V\u0161e o MS v hokeji<\/a> | <a target=\"_blank\" href=\"https:\/\/cnn.iprima.cz\/ms-hokej-2026-program-cesi-skupiny-vysledky#ceske-zapasy\" rel=\"nofollow noopener\">Kdy hraj\u00ed \u010ce\u0161i na MS<\/a><\/p>\n<p class=\"related-articles-title\">\n        Doporu\u010den\u00e9 \u010dl\u00e1nky\n    <\/p>\n<p>        <img decoding=\"async\" src=\"https:\/\/www.europesays.com\/cz\/wp-content\/uploads\/2026\/05\/fallback-image.jpg\" alt=\"CNN Prima NEWS\" class=\"avatar-img w-[40px] h-[40px] min-w-[40px] rounded-full border-[1.5px] border-solid border-black object-cover hover:opacity-90 transition-opacity before:!content-none !bg-none\" loading=\"lazy\"\/><\/p>\n<p>                                    CNN Prima NEWS<\/p>\n","protected":false},"excerpt":{"rendered":"CNN Prima NEWS 25. kv\u011b 2026, 11:42 P\u0159edposledn\u00edm soupe\u0159em \u010desk\u00e9ho v\u00fdb\u011bru ve skupin\u011b jsou Norov\u00e9. Do branky tren\u00e9\u0159i&hellip;\n","protected":false},"author":2,"featured_media":96792,"comment_status":"","ping_status":"","sticky":false,"template":"","format":"standard","meta":{"footnotes":"","_share_on_mastodon":"0"},"categories":[15],"tags":[28,16050,42,140,8781,29,3622,24029,7847,10029,6402,450,139,24030,94,93,24028],"class_list":["post-96791","post","type-post","status-publish","format-standard","has-post-thumbnail","category-sport","tag-ceska-hokejova-reprezentace","tag-ceske-hokejove-hry","tag-cesko","tag-david-pastrnak","tag-filip-hronek","tag-hokej","tag-mistrovstvi-sveta-v-lednim-hokeji","tag-ms-v-hokeji-2026","tag-nominace","tag-on-line","tag-pavel-zacha","tag-radim-rulik","tag-roman-cervenka","tag-soupiska","tag-sport","tag-sports","tag-svedske-hry"],"share_on_mastodon":{"url":"https:\/\/pubeurope.com\/@cz\/116635785282015304","error":""},"_links":{"self":[{"href":"https:\/\/www.europesays.com\/cz\/wp-json\/wp\/v2\/posts\/96791","targetHints":{"allow":["GET"]}}],"collection":[{"href":"https:\/\/www.europesays.com\/cz\/wp-json\/wp\/v2\/posts"}],"about":[{"href":"https:\/\/www.europesays.com\/cz\/wp-json\/wp\/v2\/types\/post"}],"author":[{"embeddable":true,"href":"https:\/\/www.europesays.com\/cz\/wp-json\/wp\/v2\/users\/2"}],"replies":[{"embeddable":true,"href":"https:\/\/www.europesays.com\/cz\/wp-json\/wp\/v2\/comments?post=96791"}],"version-history":[{"count":0,"href":"https:\/\/www.europesays.com\/cz\/wp-json\/wp\/v2\/posts\/96791\/revisions"}],"wp:featuredmedia":[{"embeddable":true,"href":"https:\/\/www.europesays.com\/cz\/wp-json\/wp\/v2\/media\/96792"}],"wp:attachment":[{"href":"https:\/\/www.europesays.com\/cz\/wp-json\/wp\/v2\/media?parent=96791"}],"wp:term":[{"taxonomy":"category","embeddable":true,"href":"https:\/\/www.europesays.com\/cz\/wp-json\/wp\/v2\/categories?post=96791"},{"taxonomy":"post_tag","embeddable":true,"href":"https:\/\/www.europesays.com\/cz\/wp-json\/wp\/v2\/tags?post=96791"}],"curies":[{"name":"wp","href":"https:\/\/api.w.org\/{rel}","templated":true}]}}