{"id":96821,"date":"2026-05-25T15:26:14","date_gmt":"2026-05-25T15:26:14","guid":{"rendered":"https:\/\/www.europesays.com\/cz\/96821\/"},"modified":"2026-05-25T15:26:14","modified_gmt":"2026-05-25T15:26:14","slug":"plynova-krize-v-evrope-se-vraci-zasoby-jsou-pod-normalem-a-doplnovani-vazne","status":"publish","type":"post","link":"https:\/\/www.europesays.com\/cz\/96821\/","title":{"rendered":"Plynov\u00e1 krize v Evrop\u011b se vrac\u00ed. Z\u00e1soby jsou pod norm\u00e1lem a dopl\u0148ov\u00e1n\u00ed v\u00e1zne"},"content":{"rendered":"<p class=\"_text_yrczc_117 _size_body_1_yrczc_2731\">Evropa vstupuje do\u00a0letn\u00ed f\u00e1ze\u00a0dopl\u0148ov\u00e1n\u00ed z\u00e1sob plynu v\u00a0oslaben\u00e9 pozici. Z\u00e1sobn\u00edky jsou pln\u011bj\u0161\u00ed ne\u017e po\u00a0zim\u011b, ale st\u00e1le hluboko pod\u00a0historick\u00fdm pr\u016fm\u011brem, co\u017e zvy\u0161uje citlivost trhu na\u00a0jak\u00e9koliv naru\u0161en\u00ed dod\u00e1vek.<\/p>\n<p class=\"_text_yrczc_117 _size_body_1_yrczc_2731\">Podle energetick\u00e9 spole\u010dnosti Equinor m\u016f\u017ee pokra\u010duj\u00edc\u00ed omezen\u00ed p\u0159epravy p\u0159es\u00a0Hormuzsk\u00fd pr\u016fliv po\u00a0dobu jednoho a\u017e\u00a0t\u0159\u00ed m\u011bs\u00edc\u016f v\u00e9st k\u00a0<a rel=\"nofollow noopener noreferrer\" href=\"https:\/\/www.bloomberg.com\/news\/newsletters\/2026-05-20\/europe-s-biggest-gas-market-isn-t-setting-aside-enough-winter-fuel\" target=\"_blank\" class=\"_actionitem_1gads_1\" style=\"--actionitem-transition-duration:.3s;--actionitem-decoration-color:var(--color-current);--actionitem-decoration-line:underline;--actionitem-decoration-thickness:var(--thickness-default);--actionitem-color:var(--color-theme);--actionitem-hover-color:var(--color-current);--actionitem-hover-decoration-color:var(--color-transparent)\">v\u00e1\u017en\u00e9mu nedostatku<\/a> p\u0159ed zimn\u00ed sez\u00f3nou.<\/p>\n<p class=\"_text_yrczc_117 _size_body_1_yrczc_2731\">Evropsk\u00e9 z\u00e1soby po\u00a0zim\u011b klesly na\u00a0extr\u00e9mn\u011b n\u00edzk\u00e9 \u00farovn\u011b, v\u00a0n\u011bkter\u00fdch kl\u00ed\u010dov\u00fdch zem\u00edch dokonce k\u00a0jednocifern\u00fdm hodnot\u00e1m, <a rel=\"nofollow noopener noreferrer\" href=\"https:\/\/oilprice.com\/Energy\/Natural-Gas\/European-Gas-Storage-Cant-Survive-3-More-Months-of-Hormuz.html\" target=\"_blank\" class=\"_actionitem_1gads_1\" style=\"--actionitem-transition-duration:.3s;--actionitem-decoration-color:var(--color-current);--actionitem-decoration-line:underline;--actionitem-decoration-thickness:var(--thickness-default);--actionitem-color:var(--color-theme);--actionitem-hover-color:var(--color-current);--actionitem-hover-decoration-color:var(--color-transparent)\">p\u00ed\u0161e web<\/a> Oilprice.com.<\/p>\n<p class=\"_text_yrczc_117 _size_body_1_yrczc_2731\">I\u00a0kdy\u017e\u00a0se\u00a0situace postupn\u011b zlep\u0161uje, celkov\u00e1 napln\u011bnost z\u016fst\u00e1v\u00e1 pod\u00a0dlouhodob\u00fdm norm\u00e1lem, kter\u00fd EU tradi\u010dn\u011b c\u00edl\u00ed na\u00a0\u00farove\u0148 kolem 80\u201390 % p\u0159ed\u00a0zimou. Sou\u010dasn\u00e1 \u00farove\u0148 se\u00a0pohybuje <a rel=\"nofollow noopener noreferrer\" href=\"https:\/\/energiedashboard.admin.ch\/gas\/eu-gasspeicher\" target=\"_blank\" class=\"_actionitem_1gads_1\" style=\"--actionitem-transition-duration:.3s;--actionitem-decoration-color:var(--color-current);--actionitem-decoration-line:underline;--actionitem-decoration-thickness:var(--thickness-default);--actionitem-color:var(--color-theme);--actionitem-hover-color:var(--color-current);--actionitem-hover-decoration-color:var(--color-transparent)\">v\u00fdrazn\u011b n\u00ed\u017ee<\/a>, co\u017e omezuje prostor pro\u00a0chyby i\u00a0dal\u0161\u00ed \u0161oky.<\/p>\n<p class=\"_text_yrczc_117 _size_body_1_yrczc_2731\">Probl\u00e9m nen\u00ed jen na\u00a0stran\u011b popt\u00e1vky, ale i\u00a0nab\u00eddky. Glob\u00e1ln\u00ed trh se\u00a0zkapaln\u011bn\u00fdm zemn\u00edm plynem (LNG) je napjat\u00fd, mimo jin\u00e9 kv\u016fli siln\u00e9 asijsk\u00e9 popt\u00e1vce a\u00a0v\u00fdpadk\u016fm \u010di\u00a0omezen\u00edm n\u011bkter\u00fdch dodavatelsk\u00fdch kapacit.<\/p>\n<p><a href=\"https:\/\/www.tydenikhrot.cz\/clanek\/persky-zaliv-lode-hormuz-namornici-HQ2f7\" target=\"_self\" rel=\"nofollow noopener\"><img loading=\"lazy\" decoding=\"async\" src=\"https:\/\/www.europesays.com\/cz\/wp-content\/uploads\/2026\/05\/1779722774_647_CROP.webp\"  width=\"292\" height=\"164\" class=\"_image_m7o9x_1 aspect-16\/9 @lg:w-[292px] @2xl:w-[343px] w-full\" alt=\"Lod\u011b v Persk\u00e9m z\u00e1livu obr\u016fstaj\u00ed mo\u0159sk\u00fdmi kor\u00fd\u0161i. Krize v Hormuzu za\u010d\u00edn\u00e1 ochromovat i samotn\u00e9 pos\u00e1dky\"\/><\/a> <\/p>\n<p class=\"_text_yrczc_117 _size_body_1_yrczc_2731\">Do\u00a0toho se\u00a0<a href=\"https:\/\/www.tydenikhrot.cz\/clanek\/HBYd6\" target=\"_self\" class=\"_actionitem_1gads_1\" style=\"--actionitem-transition-duration:.3s;--actionitem-decoration-color:var(--color-current);--actionitem-decoration-line:underline;--actionitem-decoration-thickness:var(--thickness-default);--actionitem-color:var(--color-theme);--actionitem-hover-color:var(--color-current);--actionitem-hover-decoration-color:var(--color-transparent)\" rel=\"nofollow noopener\">prom\u00edt\u00e1<\/a> i geopolitick\u00e9 nap\u011bt\u00ed na Bl\u00edzk\u00e9m v\u00fdchod\u011b, kter\u00e9 komplikuje logistiku a zvy\u0161uje konkurenci o dostupn\u00e9 cargo z\u00e1silky.<\/p>\n<p class=\"_text_yrczc_117 _size_body_1_yrczc_2731\">Dal\u0161\u00ed komplikac\u00ed jsou cenov\u00e9 sign\u00e1ly na\u00a0trhu. Obvykl\u00fd sez\u00f3nn\u00ed model, kdy je plyn v\u00a0l\u00e9t\u011b levn\u011bj\u0161\u00ed a\u00a0v\u00a0zim\u011b dra\u017e\u0161\u00ed, se\u00a0v\u00a0posledn\u00edch m\u011bs\u00edc\u00edch naru\u0161il.<\/p>\n<p> Dod\u00e1vky bez\u00a0dotac\u00ed <\/p>\n<p class=\"_text_yrczc_117 _size_body_1_yrczc_2731\">Letn\u00ed ceny v\u00a0n\u011bkter\u00fdch obdob\u00edch <a href=\"https:\/\/www.tydenikhrot.cz\/clanek\/HjMj6\" target=\"_self\" class=\"_actionitem_1gads_1\" style=\"--actionitem-transition-duration:.3s;--actionitem-decoration-color:var(--color-current);--actionitem-decoration-line:underline;--actionitem-decoration-thickness:var(--thickness-default);--actionitem-color:var(--color-theme);--actionitem-hover-color:var(--color-current);--actionitem-hover-decoration-color:var(--color-transparent)\" rel=\"nofollow noopener\">p\u0159ev\u00fd\u0161ily<\/a> zimn\u00ed kontrakty, co\u017e odrazuje obchodn\u00edky od ukl\u00e1d\u00e1n\u00ed plynu do z\u00e1sobn\u00edk\u016f. Tento stav brzd\u00ed p\u0159irozen\u00e9 dopl\u0148ov\u00e1n\u00ed a vytv\u00e1\u0159\u00ed riziko nedostate\u010dn\u00fdch z\u00e1sob p\u0159ed topnou sez\u00f3nou.<\/p>\n<p class=\"_text_yrczc_117 _size_body_1_yrczc_2731\">R\u016fzn\u00e9 evropsk\u00e9 zem\u011b na\u00a0situaci reaguj\u00ed odli\u0161n\u011b. N\u011bkter\u00e9, jako It\u00e1lie, vyu\u017e\u00edvaj\u00ed finan\u010dn\u00ed pob\u00eddky a\u00a0auk\u010dn\u00ed mechanismy, kter\u00e9 maj\u00ed motivovat obchodn\u00edky k\u00a0pln\u011bn\u00ed z\u00e1sobn\u00edk\u016f.<\/p>\n<p class=\"_text_yrczc_117 _size_body_1_yrczc_2731\">Jin\u00e9, nap\u0159\u00edklad N\u011bmecko, spol\u00e9haj\u00ed sp\u00ed\u0161e na\u00a0regula\u010dn\u00ed povinnosti a\u00a0p\u0159\u00edsn\u011b stanoven\u00e9 minim\u00e1ln\u00ed \u00farovn\u011b napln\u011bn\u00ed, kter\u00e9 maj\u00ed zajistit bezpe\u010dnost dod\u00e1vek bez\u00a0p\u0159\u00edm\u00fdch dotac\u00ed.<\/p>\n<p><a href=\"https:\/\/www.tydenikhrot.cz\/clanek\/vetrniky-a-solary-vydelavaji-miliardy-majitelum-ale-spotrebitele-v-evrope-plati-za-elektrinu-stale-vic-kvuli-dotacim-sitim-a-zapornym-cenam-elektriny-v-nemecku-HAUEL\" target=\"_self\" rel=\"nofollow noopener\"><img loading=\"lazy\" decoding=\"async\" src=\"https:\/\/www.europesays.com\/cz\/wp-content\/uploads\/2026\/05\/1779722774_768_CROP.webp\"  width=\"292\" height=\"164\" class=\"_image_m7o9x_1 aspect-16\/9 @lg:w-[292px] @2xl:w-[343px] w-full\" alt=\"V\u011btrn\u00edky a sol\u00e1ry vyd\u011bl\u00e1vaj\u00ed miliardy sv\u00fdm majitel\u016fm. Spot\u0159ebitel\u00e9 ale za elekt\u0159inu plat\u00ed st\u00e1le v\u00edc\"\/><\/a> <\/p>\n<p class=\"_text_yrczc_117 _size_body_1_yrczc_2731\">Podle Equinoru by se\u00a0p\u0159i\u00a0rychl\u00e9m uklidn\u011bn\u00ed situace mohlo Evrop\u011b <a rel=\"nofollow noopener noreferrer\" href=\"https:\/\/oilprice.com\/Energy\/Natural-Gas\/European-Gas-Storage-Cant-Survive-3-More-Months-of-Hormuz.html\" target=\"_blank\" class=\"_actionitem_1gads_1\" style=\"--actionitem-transition-duration:.3s;--actionitem-decoration-color:var(--color-current);--actionitem-decoration-line:underline;--actionitem-decoration-thickness:var(--thickness-default);--actionitem-color:var(--color-theme);--actionitem-hover-color:var(--color-current);--actionitem-hover-decoration-color:var(--color-transparent)\">poda\u0159it<\/a> dos\u00e1hnout relativn\u011b zvl\u00e1dnuteln\u00e9 \u00farovn\u011b z\u00e1sob kolem 75 %.<\/p>\n<p class=\"_text_yrczc_117 _size_body_1_yrczc_2731\">Pokud by v\u0161ak omezen\u00ed dod\u00e1vek p\u0159es\u00a0Hormuz trvala d\u00e9le, trh by se\u00a0mohl dostat pod\u00a0v\u00fdrazn\u00fd tlak. V\u00a0takov\u00e9m sc\u00e9n\u00e1\u0159i\u00a0se\u00a0ceny plynu na\u00a0burze TTF mohou vy\u0161plhat a\u017e\u00a0k\u00a0\u00farovni 90 \u20ac\/MWh.<\/p>\n<p> Hormuz a\u00a0LNG <\/p>\n<p class=\"_text_yrczc_117 _size_body_1_yrczc_2731\">Takov\u00fd cenov\u00fd \u0161ok by m\u011bl p\u0159\u00edm\u00e9 dopady na\u00a0evropsk\u00fd pr\u016fmysl i\u00a0energetiku. O\u010dek\u00e1v\u00e1 se\u00a0pokles spot\u0159eby plynu v\u00a0elektr\u00e1rn\u00e1ch a\u00a0tlak na\u00a0p\u0159echod k\u00a0alternativn\u00edm paliv\u016fm, stejn\u011b jako omezen\u00ed v\u00fdroby v\u00a0energeticky n\u00e1ro\u010dn\u00fdch odv\u011btv\u00edch.<\/p>\n<p class=\"_text_yrczc_117 _size_body_1_yrczc_2731\">P\u0159esto je aktu\u00e1ln\u00ed situace st\u00e1le m\u00e9n\u011b dramatick\u00e1 ne\u017e b\u011bhem vrcholu energetick\u00e9 krize po\u00a0rusk\u00e9 invazi na\u00a0Ukrajinu. Trh je stabiln\u011bj\u0161\u00ed, ale z\u00e1rove\u0148 citliv\u011bj\u0161\u00ed na\u00a0geopolitick\u00e9 \u0161oky \u2014 a\u00a0pr\u00e1v\u011b Hormuz a\u00a0LNG trh se\u00a0nyn\u00ed st\u00e1vaj\u00ed kl\u00ed\u010dov\u00fdmi faktory, kter\u00e9 rozhodnou o\u00a0cen\u00e1ch i\u00a0dostupnosti plynu v\u00a0nadch\u00e1zej\u00edc\u00ed zim\u011b.<\/p>\n<p><a href=\"https:\/\/www.tydenikhrot.cz\/clanek\/evropa-energeticka-krize-usa-iran-hormuz-HYxMM\" target=\"_self\" rel=\"nofollow noopener\"><img loading=\"lazy\" decoding=\"async\" src=\"https:\/\/www.europesays.com\/cz\/wp-content\/uploads\/2026\/05\/1779722774_350_CROP.webp\"  width=\"292\" height=\"164\" class=\"_image_m7o9x_1 aspect-16\/9 @lg:w-[292px] @2xl:w-[343px] w-full\" alt=\"Evropa \u010del\u00ed nov\u00e9 energetick\u00e9 krizi: zav\u0159en\u00e1 Hormuzsk\u00e1 \u00fa\u017eina zdra\u017euje energie a brzd\u00ed r\u016fst\"\/><\/a><\/p>\n","protected":false},"excerpt":{"rendered":"Evropa vstupuje do\u00a0letn\u00ed f\u00e1ze\u00a0dopl\u0148ov\u00e1n\u00ed z\u00e1sob plynu v\u00a0oslaben\u00e9 pozici. Z\u00e1sobn\u00edky jsou pln\u011bj\u0161\u00ed ne\u017e po\u00a0zim\u011b, ale st\u00e1le hluboko pod\u00a0historick\u00fdm pr\u016fm\u011brem,&hellip;\n","protected":false},"author":2,"featured_media":96822,"comment_status":"","ping_status":"","sticky":false,"template":"","format":"standard","meta":{"footnotes":"","_share_on_mastodon":"0"},"categories":[3],"tags":[29159,4495,1705,7872,24649,29154,11926,3143,29162,16971,29156,20235,25073,109,108,106,25076,9508,29160,11006,3768,4075,6387,29165,2043,29158,29151,29157,29164,26550,29155,22620,29149,29161,29167,29163,29166,22884,29152,20789,29150,2156,29153],"class_list":["post-96821","post","type-post","status-publish","format-standard","has-post-thumbnail","category-evropa","tag-asijska-poptavka","tag-blizky-vychod","tag-ceny-energii","tag-ceny-plynu","tag-dodavky-plynu","tag-doplnovani-zasob","tag-energeticka-bezpecnost","tag-energeticka-krize","tag-energeticka-volatilita","tag-energeticka-zavislost","tag-energeticke-zasoby","tag-energeticky-sok","tag-equinor","tag-europa","tag-europe","tag-evropa","tag-evropa-energetika","tag-evropa-plyn","tag-evropa-zasoby","tag-evropska-energetika","tag-fosilni-paliva","tag-geopolitika","tag-hormuzsky-pruliv","tag-italie-plyn","tag-lng","tag-lng-import","tag-lng-trh","tag-lng-zasilky","tag-nemecko-plyn","tag-obchod-s-plynem","tag-plynarensky-trh","tag-plynarenstvi","tag-plynova-krize","tag-plynove-kontrakty","tag-prumysl-evropa","tag-regulace-trhu","tag-skladovani-plynu","tag-topna-sezona","tag-ttf","tag-zasobniky-plynu","tag-zasoby-plynu","tag-zemni-plyn","tag-zimni-sezona"],"share_on_mastodon":{"url":"","error":"Validation failed: Text character limit of 500 exceeded"},"_links":{"self":[{"href":"https:\/\/www.europesays.com\/cz\/wp-json\/wp\/v2\/posts\/96821","targetHints":{"allow":["GET"]}}],"collection":[{"href":"https:\/\/www.europesays.com\/cz\/wp-json\/wp\/v2\/posts"}],"about":[{"href":"https:\/\/www.europesays.com\/cz\/wp-json\/wp\/v2\/types\/post"}],"author":[{"embeddable":true,"href":"https:\/\/www.europesays.com\/cz\/wp-json\/wp\/v2\/users\/2"}],"replies":[{"embeddable":true,"href":"https:\/\/www.europesays.com\/cz\/wp-json\/wp\/v2\/comments?post=96821"}],"version-history":[{"count":0,"href":"https:\/\/www.europesays.com\/cz\/wp-json\/wp\/v2\/posts\/96821\/revisions"}],"wp:featuredmedia":[{"embeddable":true,"href":"https:\/\/www.europesays.com\/cz\/wp-json\/wp\/v2\/media\/96822"}],"wp:attachment":[{"href":"https:\/\/www.europesays.com\/cz\/wp-json\/wp\/v2\/media?parent=96821"}],"wp:term":[{"taxonomy":"category","embeddable":true,"href":"https:\/\/www.europesays.com\/cz\/wp-json\/wp\/v2\/categories?post=96821"},{"taxonomy":"post_tag","embeddable":true,"href":"https:\/\/www.europesays.com\/cz\/wp-json\/wp\/v2\/tags?post=96821"}],"curies":[{"name":"wp","href":"https:\/\/api.w.org\/{rel}","templated":true}]}}