{"id":97091,"date":"2026-05-25T20:12:10","date_gmt":"2026-05-25T20:12:10","guid":{"rendered":"https:\/\/www.europesays.com\/cz\/97091\/"},"modified":"2026-05-25T20:12:10","modified_gmt":"2026-05-25T20:12:10","slug":"na-cervenku-a-spol-se-piskalo-cesky-kolaps-proti-norsku-boli","status":"publish","type":"post","link":"https:\/\/www.europesays.com\/cz\/97091\/","title":{"rendered":"Na \u010cervenku a\u00a0spol. se p\u00edskalo. \u010cesk\u00fd kolaps proti Norsku bol\u00ed"},"content":{"rendered":"<p class=\"e_bX\">U\u017e b\u011bhem z\u00e1pasu se ozval p\u00edskot. Kdy\u017e utk\u00e1n\u00ed skon\u010dilo, \u010de\u0161t\u00ed fanou\u0161ci ve Fribourgu p\u00edskali. Nen\u00ed to b\u011b\u017en\u00fd jev, lid\u00e9 jezd\u00ed za hokejovou <a data-dot=\"atm-tag-link\" href=\"https:\/\/www.seznamzpravy.cz\/tag\/ceska-hokejova-reprezentace-56119\" class=\"e_n atm-tag-link\" rel=\"nofollow noopener\" target=\"_blank\">reprezentac\u00ed<\/a> po cel\u00e9 Evrop\u011b. N\u011bkdy se prohraje, stane se. Ale te\u010f to bylo jin\u00e9. Norsko \u010desk\u00fd t\u00fdm hern\u011b zni\u010dilo.<\/p>\n<p><a data-dot=\"mol-article-card-media\" aria-hidden=\"true\" tabindex=\"-1\" href=\"https:\/\/www.seznamzpravy.cz\/clanek\/sport-hokej-ms-v-hokeji-2026-program-vysledky-284414\" class=\"e_n f_l1\" rel=\"nofollow noopener\" target=\"_blank\"><img fetchpriority=\"high\" height=\"1555\"   width=\"2765\" src=\"https:\/\/www.europesays.com\/cz\/wp-content\/uploads\/2026\/05\/1779515830_390_sula-hokej-mistrovstvi-sveta.jpeg\" loading=\"eager\" decoding=\"sync\" class=\"e_aa e_Z\"\/><\/a><\/p>\n<p class=\"e_bX\">\u201eM\u00e1m pro lidi pochopen\u00ed, o\u00a0tomhle jsem mluvil i\u00a0v kabin\u011b,\u201c nedivil se tren\u00e9r <a data-dot=\"atm-tag-link\" href=\"https:\/\/www.seznamzpravy.cz\/tag\/radim-rulik-96406\" class=\"e_n atm-tag-link\" rel=\"nofollow noopener\" target=\"_blank\">Radim Rul\u00edk,<\/a> \u017ee fanou\u0161ci se ozvali.<\/p>\n<p class=\"e_bX\">Tohle nebyl z\u00e1pas s\u00a0It\u00e1li\u00ed, kter\u00fd t\u00fdm nakonec oto\u010dil, ale m\u011bl aspo\u0148 hodn\u011b st\u0159el. Nejednalo se ani o\u00a0z\u00e1pas se Slovinskem, kter\u00fd reprezentace sice prohr\u00e1la poprv\u00e9 v\u00a0historii, ale aspo\u0148 m\u011bla v\u00edc \u0161anc\u00ed a\u00a0soupe\u0159 moc ne.<\/p>\n<p class=\"e_bX\">Norsko v\u00e1lelo. Nejsmutn\u011bj\u0161\u00ed obr\u00e1zek pro \u010desk\u00fd t\u00fdm nastal ve t\u0159et\u00ed t\u0159etin\u011b, kdy prohr\u00e1val 1:2.\u00a0\u010cekal se n\u00e1por, m\u00edsto toho byl k\u00a0vid\u011bn\u00ed tot\u00e1ln\u00ed \u010desk\u00fd rozklad, pouh\u00e9 \u010dty\u0159i st\u0159ely a\u00a0dva norsk\u00e9 g\u00f3ly.<\/p>\n<p class=\"e_bX\">\u201eJo, tohle je t\u011b\u017ek\u00fd,\u201c vydechl kapit\u00e1n Roman \u010cervenka, kdy\u017e proch\u00e1zel jako jeden z\u00a0prvn\u00edch hr\u00e1\u010d\u016f mixz\u00f3nou po por\u00e1\u017ece 1:4. \u201eTla\u010d\u00edme to stra\u0161n\u011b do kopce, ned\u00e1me g\u00f3ly, d\u011bl\u00e1me \u0161patn\u00e1 rozhodnut\u00ed. V\u0161echno se na sebe nabaluje. Nen\u00ed to ono,\u201c sypal ze sebe d\u00e1l \u010cervenka.<\/p>\n<p class=\"e_bX\">Na p\u0159edz\u00e1pasov\u00e9m tr\u00e9ninku si Rul\u00edk zavolal k\u00a0sob\u011b hr\u00e1\u010de do hlou\u010dku. \u201eChci v\u00e1m pod\u011bkovat za z\u00e1pas se Slovenskem, jakou bojovnost\u00ed jste ho dok\u00e1zali urvat,\u201c \u0159\u00edkal t\u00fdmu klidn\u00fdm hlasem. \u201eAle v\u0161ichni v\u00edme, \u017ee m\u00e1me je\u0161t\u011b rezervy, v\u00fdkon m\u016f\u017ee b\u00fdt lep\u0161\u00ed. Na minulost ale zapomeneme a\u00a0poj\u010fme v\u0161echno sm\u011b\u0159ovat k\u00a0p\u0159\u00ed\u0161t\u00edmu z\u00e1pasu, celkov\u011b ke \u010dtvrtfin\u00e1le,\u201c ukon\u010dil proslov tren\u00e9r.<\/p>\n<p class=\"e_bX\">Po v\u00fdh\u0159e nad Slovenskem sv\u00edtila nad\u011bje. Proti Norsku se v\u0161echno zlomilo opa\u010dn\u00fdm sm\u011brem.<\/p>\n<p class=\"e_bX\">Kdybyste cht\u011bli sly\u0161et, co m\u00e1 \u010desk\u00fd hokej zlep\u0161it, na jednoduchou ot\u00e1zku existuje jednoduch\u00e1 odpov\u011b\u010f: \u00fapln\u011b v\u0161echno. \u201eMy si n\u011bco \u0159\u00edk\u00e1me po ka\u017ed\u00e9m z\u00e1pase. Jen\u017ee po\u0159\u00e1d to tam nen\u00ed. Jestli se b\u011bhem dvou z\u00e1pas\u016f nezlep\u0161\u00edme, bude konec,\u201c na rovinu pronesl \u010cervenka.<\/p>\n<p class=\"e_bX\">T\u00fdm tr\u00e1p\u00ed na turnaji ztr\u00e1ty kotou\u010d\u016f. \u010casto soupe\u0159\u016fm nab\u00edz\u00ed \u0161ance s\u00e1m. S\u00a0Norskem byly znovu vid\u011bt zbyte\u010dn\u00e9 ztr\u00e1ty a\u00a0soupe\u0159 rychle vedl 2:0.<\/p>\n<p><a data-dot=\"mol-article-card-media\" aria-hidden=\"true\" tabindex=\"-1\" href=\"https:\/\/www.seznamzpravy.cz\/clanek\/sport-hokej-ms-v-hokeji-umi-klicky-ktere-motaji-hlavu-na-ms-se-ale-galvas-kroti-306912\" class=\"e_n f_l1\" rel=\"nofollow noopener\" target=\"_blank\"><img height=\"1012\"   width=\"1800\" src=\"https:\/\/www.europesays.com\/cz\/wp-content\/uploads\/2026\/05\/1779739929_397_foto.jpeg\" loading=\"eager\" decoding=\"sync\" class=\"e_aa e_Z\"\/><\/a><\/p>\n<p class=\"e_bX\">P\u0159esilovka m\u00e1 po\u0159\u00e1d nebezpe\u010d\u00ed vanilkov\u00e9ho pudingu.<\/p>\n<p class=\"e_bX\">Kdy\u017e se mluv\u00ed o\u00a0neust\u00e1l\u00e9m nasazen\u00ed a\u00a0ne\u00fastupnosti v\u00a0souboj\u00edch, upoutal Jaroslav Chmela\u0159, Nory skl\u00e1dal k\u00a0ledu i\u00a0Jan \u0160\u010dotka. D\u00e1l hra p\u016fsobila, jak kdyby se t\u00fdm na n\u011bco \u0161et\u0159il.<\/p>\n<p class=\"e_bX\">\u010cesko se p\u0159\u00edstupem pasovalo do role outsidera.<\/p>\n<p class=\"e_bX\">Norsko nen\u00ed stejn\u00fdm Norskem jako v\u00a0roce 2010, kdy na \u0161ampion\u00e1tu poprv\u00e9 porazilo \u010desk\u00fd t\u00fdm. Tehdy se to dalo br\u00e1t jako \u0161ok, \u017ee um\u00ed zahr\u00e1t tak dob\u0159e a\u00a0probr\u00e1nit se k\u00a0v\u00fdsledku.<\/p>\n<p class=\"e_bX\">Te\u010f m\u00e1 skv\u011blou generaci hr\u00e1\u010d\u016f od 18\u00a0do 21\u00a0let, z\u00a0nich\u017e p\u011bt borc\u016f pro\u0161lo draftem NHL. V\u0161ichni jsou na mistrovstv\u00ed a\u00a0Norsko hraje na turnaji skv\u011ble od prvn\u00edho z\u00e1pasu. V\u00fdhrou nad \u010ceskem postoupilo do \u010dtvrtfin\u00e1le.<\/p>\n<p class=\"e_bX\">\u201eMy jsme mal\u00e1 hokejov\u00e1 zem\u011b, douf\u00e1m, \u017ee to pro n\u00e1s bude zase dal\u0161\u00ed vzpruha,\u201c vykl\u00e1dal s\u00a0bla\u017een\u00fdm \u00fasm\u011bvem kapit\u00e1n norsk\u00e9ho t\u00fdmu Andreas Martinsen. P\u0159id\u00e1val v\u011bty o\u00a0hrdosti na cel\u00fd soubor, jak pracuje, d\u0159e, sr\u00e1\u017e\u00ed se.<\/p>\n<p class=\"e_bX\">Za chv\u00edli p\u0159i\u0161el Radim Rul\u00edk a\u00a0rozeb\u00edral, jak tohle v\u0161echno \u010desk\u00e9mu t\u00fdmu chyb\u00ed. Po p\u0159edchoz\u00edch utk\u00e1n\u00edch si ob\u010das posteskl, jak t\u00fdmu ode\u0161la kolem poloviny z\u00e1pasu energie. Te\u010f chyb\u011bla od za\u010d\u00e1tku.<\/p>\n<p class=\"e_bX\">\u201eS t\u00edmhle p\u0159\u00edstupem by z\u00e1pas pro n\u00e1s stejn\u011b nedopadl dob\u0159e, i\u00a0kdybychom ty dv\u011b ztr\u00e1ty puku na za\u010d\u00e1tku nem\u011bli. S\u00a0men\u0161\u00ed bojovnost\u00ed by se to stejn\u011b oto\u010dilo proti n\u00e1m. Byli jsme jednozna\u010dn\u011b hor\u0161\u00edm t\u00fdmem a\u00a0lep\u0161\u00ed v\u00fdsledek si nezaslou\u017eili,\u201c pronesl Rul\u00edk.<\/p>\n<p>Vyhr\u00e1vaj\u00ed hr\u00e1\u010di, prohr\u00e1v\u00e1 tren\u00e9r<\/p>\n<p class=\"e_bX\">O z\u00e1pase p\u0159i\u0161el mluvit pozd\u011bji proto, \u017ee u\u017e stihl mluvit s\u00a0hr\u00e1\u010di. Podobn\u00fd moment se stal i\u00a0na olympi\u00e1d\u011b v\u00a0It\u00e1lii, kdy \u010desk\u00fd t\u00fdm vypadal syrov\u011b. P\u0159ed \u010dtvrtfin\u00e1le s\u00a0Kanadou Radim Rul\u00edk p\u0159iznal, \u017ee hr\u00e1\u010de \u010dek\u00e1 vichr.<\/p>\n<p class=\"e_bX\">Te\u010f mluvil jinak: \u201eN\u011bco prob\u011bhlo. Co zazn\u011blo v\u00a0kabin\u011b, nech\u00e1me ale tam.\u201c<\/p>\n<p class=\"e_bX\">\u010cesko m\u011blo m\u00edt na turnaji skv\u011bl\u00fd pohyb. Hr\u00e1\u010di typu Mat\u011bje Bl\u00fcmela m\u011bli b\u00fdt rakety, kter\u00e9 let\u00ed jako torp\u00e9da do obrany soupe\u0159e. Zat\u00edm tyhle momenty vid\u011bt nejsou v\u016fbec. Rul\u00edk\u016fv t\u00fdm v\u00a0brusla\u0159sk\u00fdch dovednostech sp\u00ed\u0161 zaost\u00e1v\u00e1. \u201eNel\u00e9t\u00e1me, nev\u00edm, \u010d\u00edm to je. Samoz\u0159ejm\u011b bych si to p\u0159edstavil malinko jinak, ale nen\u00ed to tam,\u201c odv\u011btil hlavn\u00ed kou\u010d.<\/p>\n<p>Osobn\u011b to neberu. Ale u\u017e jsem n\u011bkolikr\u00e1t \u0159\u00edkal, \u017ee hr\u00e1\u010di vyhr\u00e1vaj\u00ed a\u00a0tren\u00e9\u0159i prohr\u00e1vaj\u00ed. Tak to je.<\/p>\n<p>Radim Rul\u00edk, tren\u00e9r reprezentace<\/p>\n<p class=\"e_bX\">Znovu h\u00fdbal sestavou, progres ale vid\u011bt nebyl, v\u0161ichni v\u00a0hale sledovali p\u00e1d. \u201eOsobn\u011b to neberu. Ale u\u017e jsem n\u011bkolikr\u00e1t \u0159\u00edkal, \u017ee hr\u00e1\u010di vyhr\u00e1vaj\u00ed a\u00a0tren\u00e9\u0159i prohr\u00e1vaj\u00ed. Tak to je,\u201c komentoval Rul\u00edk sou\u010dasn\u00fd stav.<\/p>\n<p class=\"e_bX\">\u010cesko mohlo v\u00fdhrou nad Norskem vysko\u010dit na druh\u00e9 m\u00edsto, zajistit si, \u017ee z\u016fstane ve Fribourgu a\u00a0t\u0159et\u00ed t\u00fdm skupiny z\u00a0Curychu by p\u0159ijel ve \u010dtvrtek za n\u00edm.<\/p>\n<p class=\"e_bX\">V za\u0161modrchan\u00e9 skupin\u011b n\u00e1rodn\u00ed t\u00fdm m\u016f\u017ee skon\u010dit na druh\u00e9m a\u017e \u010dtvrt\u00e9m m\u00edst\u011b. Ka\u017edop\u00e1dn\u011b \u00fatern\u00ed z\u00e1pas s\u00a0Kanadou (20:20) bude posledn\u00edm testem p\u0159ed \u010dtvrtfin\u00e1le.<\/p>\n<p class=\"e_bX\">\u201eProti \u0160v\u00e9d\u016fm jsme uk\u00e1zali, \u017ee to relativn\u011b \u0161lo. Um\u011bli jsme zahr\u00e1t dob\u0159e, kdy\u017e jsme m\u011bli ze soupe\u0159e v\u00a0hlav\u011b respekt. \u010cekalo se, \u017ee prohrajeme, a\u00a0my jsme podali skv\u011bl\u00fd t\u00fdmov\u00fd v\u00fdkon,\u201c douf\u00e1 kapit\u00e1n \u010cervenka, \u017ee se povede rychl\u00fd restart. \u201eJe pot\u0159eba pochopit, \u017ee tady m\u00e1me t\u00fdm, jak\u00fd m\u00e1me. Mus\u00edme d\u00e1vat g\u00f3ly z\u00a0p\u0159edbrankov\u00e9ho prostoru, chodit do t\u011bch m\u00edst a\u00a0d\u011blat poctiv\u00e9 v\u011bci, bez kter\u00fdch vyhr\u00e1t nejde,\u201c doplnil je\u0161t\u011b.<\/p>\n<p class=\"e_bX\">\u201eTo byl nejhor\u0161\u00ed hokej, kter\u00fd jsem vid\u011bla,\u201c ulevila si mlad\u00e1 fanynka na ochozu tribuny, kdy\u017e m\u00ed\u0159ila ke schod\u016fm.<\/p>\n<p class=\"e_bX\">M\u00e1lokdo z\u00a0\u010desk\u00fdch fans cestou do hotelu mluvil. Podle v\u00fdraz\u016f se jim v\u00a0hlav\u00e1ch ale zrovna pozitivn\u00ed obrazy netvo\u0159ily. V\u00a0\u00fater\u00fd v\u011bt\u0161ina z\u00a0nich p\u0159ijde zas, na Kanadu.<\/p>\n<p><a data-dot=\"mol-article-card-media\" aria-hidden=\"true\" tabindex=\"-1\" href=\"https:\/\/www.seznamzpravy.cz\/clanek\/sport-hokej-ms-v-hokeji-ukrajina-se-vraci-mezi-elitu-hokej-hraje-i-pod-hrozbou-raket-306869\" class=\"e_n f_l1\" rel=\"nofollow noopener\" target=\"_blank\"><img height=\"1012\"   width=\"1800\" src=\"https:\/\/www.europesays.com\/cz\/wp-content\/uploads\/2026\/05\/1779722590_303_foto.jpeg\" loading=\"eager\" decoding=\"sync\" class=\"e_aa e_Z\"\/><\/a><a data-dot=\"mol-article-card-media\" aria-hidden=\"true\" tabindex=\"-1\" href=\"https:\/\/www.seznamzpravy.cz\/clanek\/sport-hokej-ms-v-hokeji-cesko-na-ms-nevladne-zato-vyhrava-rodi-se-tym-ktery-umi-prezit-306881\" class=\"e_n f_l1\" rel=\"nofollow noopener\" target=\"_blank\"><img height=\"1012\"   width=\"1800\" src=\"https:\/\/www.europesays.com\/cz\/wp-content\/uploads\/2026\/05\/1779708735_102_foto.jpeg\" loading=\"eager\" decoding=\"sync\" class=\"e_aa e_Z\"\/><\/a><\/p>\n","protected":false},"excerpt":{"rendered":"U\u017e b\u011bhem z\u00e1pasu se ozval p\u00edskot. Kdy\u017e utk\u00e1n\u00ed skon\u010dilo, \u010de\u0161t\u00ed fanou\u0161ci ve Fribourgu p\u00edskali. Nen\u00ed to b\u011b\u017en\u00fd jev,&hellip;\n","protected":false},"author":2,"featured_media":97092,"comment_status":"","ping_status":"","sticky":false,"template":"","format":"standard","meta":{"footnotes":"","_share_on_mastodon":"0"},"categories":[15],"tags":[28,29,27,18757,450,139,94,93,898],"class_list":["post-97091","post","type-post","status-publish","format-standard","has-post-thumbnail","category-sport","tag-ceska-hokejova-reprezentace","tag-hokej","tag-kanada","tag-mistrovstvi-sveta-v-hokeji","tag-radim-rulik","tag-roman-cervenka","tag-sport","tag-sports","tag-svycarsko"],"share_on_mastodon":{"url":"https:\/\/pubeurope.com\/@cz\/116637043724957330","error":""},"_links":{"self":[{"href":"https:\/\/www.europesays.com\/cz\/wp-json\/wp\/v2\/posts\/97091","targetHints":{"allow":["GET"]}}],"collection":[{"href":"https:\/\/www.europesays.com\/cz\/wp-json\/wp\/v2\/posts"}],"about":[{"href":"https:\/\/www.europesays.com\/cz\/wp-json\/wp\/v2\/types\/post"}],"author":[{"embeddable":true,"href":"https:\/\/www.europesays.com\/cz\/wp-json\/wp\/v2\/users\/2"}],"replies":[{"embeddable":true,"href":"https:\/\/www.europesays.com\/cz\/wp-json\/wp\/v2\/comments?post=97091"}],"version-history":[{"count":0,"href":"https:\/\/www.europesays.com\/cz\/wp-json\/wp\/v2\/posts\/97091\/revisions"}],"wp:featuredmedia":[{"embeddable":true,"href":"https:\/\/www.europesays.com\/cz\/wp-json\/wp\/v2\/media\/97092"}],"wp:attachment":[{"href":"https:\/\/www.europesays.com\/cz\/wp-json\/wp\/v2\/media?parent=97091"}],"wp:term":[{"taxonomy":"category","embeddable":true,"href":"https:\/\/www.europesays.com\/cz\/wp-json\/wp\/v2\/categories?post=97091"},{"taxonomy":"post_tag","embeddable":true,"href":"https:\/\/www.europesays.com\/cz\/wp-json\/wp\/v2\/tags?post=97091"}],"curies":[{"name":"wp","href":"https:\/\/api.w.org\/{rel}","templated":true}]}}