{"id":97145,"date":"2026-05-26T02:48:52","date_gmt":"2026-05-26T02:48:52","guid":{"rendered":"https:\/\/www.europesays.com\/cz\/97145\/"},"modified":"2026-05-26T02:48:52","modified_gmt":"2026-05-26T02:48:52","slug":"evropa-musi-prevzit-vetsi-roli-trump-chce-snizit-objem-vojenske-pomoci-spojencum-v-nato","status":"publish","type":"post","link":"https:\/\/www.europesays.com\/cz\/97145\/","title":{"rendered":"Evropa mus\u00ed p\u0159evz\u00edt v\u011bt\u0161\u00ed roli: Trump chce sn\u00ed\u017eit objem vojensk\u00e9 pomoci spojenc\u016fm v NATO"},"content":{"rendered":"<p>Spojen\u00e9 st\u00e1ty podle agentury Reuters zmen\u0161\u00ed objem vojensk\u00fdch sil, kter\u00e9 by daly k dispozici na pomoc evropsk\u00fdm \u010dlen\u016fm NATO v p\u0159\u00edpad\u011b velk\u00e9 krize, jakou by byl nap\u0159\u00edklad \u00fatok na n\u011bkter\u00fd z t\u011bchto st\u00e1t\u016f. Sv\u016fj z\u00e1m\u011br chce Washington spojenc\u016fm ozn\u00e1mit v p\u00e1tek, uvedla agentura s odvol\u00e1n\u00edm na t\u0159i zdroje obezn\u00e1men\u00e9 s americk\u00fdmi pl\u00e1ny.<\/p>\n<p>Krok je podle Reuters konkr\u00e9tn\u00edm v\u00fdsledkem politiky americk\u00e9ho prezidenta Donalda Trumpa, kter\u00fd opakovan\u011b d\u00e1v\u00e1 najevo, \u017ee hlavn\u00ed odpov\u011bdnost za bezpe\u010dnost Evropy maj\u00ed od USA p\u0159evz\u00edt evropsk\u00e9 zem\u011b, od nich\u017e tak\u00e9 dlouhodob\u011b po\u017eaduje v\u00fdrazn\u011b vy\u0161\u0161\u00ed v\u00fddaje na zbrojen\u00ed.<\/p>\n<p>Americk\u00fd z\u00e1m\u011br se t\u00fdk\u00e1 sil, kter\u00e9 \u010dlensk\u00e9 st\u00e1ty d\u00e1vaj\u00ed k dispozici, aby mohly b\u00fdt aktivov\u00e1ny b\u011bhem konfliktu nebo jin\u00e9 z\u00e1va\u017en\u00e9 krize, nap\u0159\u00edklad p\u0159i vojensk\u00e9m \u00fatoku na \u010dlena NATO. P\u0159esn\u00e9 slo\u017een\u00ed t\u011bchto sil je podle Reuters p\u0159\u00edsn\u011b st\u0159e\u017een\u00fdm tajemstv\u00edm, Pentagon se v\u0161ak rozhodl sv\u016fj z\u00e1vazek v\u00fdrazn\u011b omezit.<\/p>\n<p>\t\t\t\t\t\t\t\t\t<a href=\"https:\/\/www.blesk.cz\/clanek\/zpravy-valka-na-ukrajine\/839792\/putinovi-uz-neveri-ani-cina-si-tin-pching-mel-pred-trumpem-prekvapit-ostrymi-slovy.html\" class=\"image-container\" data-io-canonical-url=\"&quot;https:\/\/www.blesk.cz\/clanek\/839792&quot;\" rel=\"nofollow noopener\" target=\"_blank\"><\/p>\n<p>        <img decoding=\"async\" src=\"https:\/\/www.europesays.com\/cz\/wp-content\/uploads\/2026\/05\/1779763730_898_9841537.jpg\" alt=\"Putinovi u\u017e nev\u011b\u0159\u00ed ani \u010c\u00edna? Si \u0164in-pching m\u011bl p\u0159ed Trumpem p\u0159ekvapit ostr\u00fdmi slovy\" title=\"\" width=\"330\" height=\"175\" class=\"lazyload \" loading=\"lazy\"\/><\/p>\n<p>\t\t\t\t\t\t\t\t\t\t\t<\/a><\/p>\n<p>\u0160\u00e9f Severoatlantick\u00e9 aliance Mark Rutte dnes novin\u00e1\u0159\u016fm podle agentury DPA \u0159ekl, \u017ee o americk\u00fdch pl\u00e1nech zat\u00edm nem\u016f\u017ee p\u0159esn\u011b informovat. Pro NATO podle n\u011bj ale nejsou p\u0159ekvapiv\u00e9, proto\u017ee debata o zm\u011bn\u00e1ch ve fungov\u00e1n\u00ed aliance za\u010dala p\u0159ed v\u00edce ne\u017e rokem. \u201eEvropa mus\u00ed p\u0159evz\u00edt v\u011bt\u0161\u00ed roli. C\u00edlem je siln\u011bj\u0161\u00ed Evropa v siln\u011bj\u0161\u00edm NATO,\u201c \u0159ekl.<\/p>\n<p>Aliance podle Reuters \u010del\u00ed bezprecedentn\u00edmu tlaku a n\u011bkter\u00e9 evropsk\u00e9 zem\u011b se ob\u00e1vaj\u00ed, \u017ee se Washington m\u016f\u017ee st\u00e1hnout \u00fapln\u011b. V uplynul\u00fdch t\u00fddnech Trumpova administrativa ozn\u00e1mila pl\u00e1ny st\u00e1hnout asi 5000 americk\u00fdch voj\u00e1k\u016f z N\u011bmecka a tak\u00e9 zru\u0161ila rozhodnut\u00ed vyslat arm\u00e1dn\u00ed brig\u00e1du do Polska.<\/p>\n<p>          <img decoding=\"async\" class=\"obrazekKomentatoraImg\" width=\"50px\" height=\"50px\" src=\"https:\/\/www.europesays.com\/cz\/wp-content\/uploads\/2026\/05\/2_4d59dc42900515f500a69c1fc4d77c0c.jpg\" title=\"Blesk Zpr\u00e1vy\"\/><\/p>\n<p>D\u011bkujeme za pozornost, se kterou sledujete n\u00e1\u0161 online p\u0159enos v\u011bnovan\u00fd konfliktu na Ukrajin\u011b a ud\u00e1lostem s n\u00edm souvisej\u00edc\u00edm. Dal\u0161\u00ed \u010derstv\u00e9 zpr\u00e1vy m\u016f\u017eete o\u010dek\u00e1vat op\u011bt z\u00edtra r\u00e1no. Do t\u00e9 doby p\u0159ejeme dobrou noc.<\/p>\n<p>          <img decoding=\"async\" class=\"obrazekKomentatoraImg\" width=\"50px\" height=\"50px\" src=\"https:\/\/www.europesays.com\/cz\/wp-content\/uploads\/2026\/05\/288_21cc9481f98b41272548897525acce27.png\" title=\"Rusko\"\/><\/p>\n<p>Rusk\u00fd ministr zahrani\u010d\u00ed Sergej Lavrov dnes telefonicky informoval sv\u00e9ho americk\u00e9ho kolegu Marka Rubia o p\u0159ipravovan\u00e9m rusk\u00e9m \u00faderu na Kyjev. Informovala o tom agentura Reuters s odvol\u00e1n\u00edm na prohl\u00e1\u0161en\u00ed rusk\u00e9 diplomacie.\u00a0<\/p>\n<p>Lavrov podle komunik\u00e9 \u0159ekl Rubiovi, \u017ee tento krok je \u201eodpov\u011bd\u00ed na pokra\u010duj\u00edc\u00ed teroristick\u00e9 \u00fatoky kyjevsk\u00e9ho re\u017eimu proti m\u00edrumilovn\u00e9 populaci a civiln\u00edm objekt\u016fm na rusk\u00e9m \u00fazem\u00ed\u201c.<\/p>\n<p>          <img decoding=\"async\" class=\"obrazekKomentatoraImg\" width=\"50px\" height=\"50px\" src=\"https:\/\/www.europesays.com\/cz\/wp-content\/uploads\/2026\/05\/200_0f1771e6d53cc78e0a197886cb0b7ce2.jpg\" title=\"Vladimir Putin\"\/><\/p>\n<p>Rusk\u00fd prezident Vladimir Putin dnes podepsal z\u00e1kon, kter\u00fd mu poskytuje pravomoc nasadit ozbrojen\u00e9 s\u00edly na obranu Rus\u016f zat\u010den\u00fdch, uv\u011bzn\u011bn\u00fdch \u010di trestn\u011b st\u00edhan\u00fdch v zahrani\u010d\u00ed na z\u00e1klad\u011b rozhodnut\u00ed ciz\u00edch soud\u016f bez \u00fa\u010dasti Ruska. Z\u00e1kon tak\u00e9 ji\u017e zve\u0159ejnil \u00fa\u0159edn\u00ed port\u00e1l, a tak za deset dn\u00ed vstoup\u00ed v platnost, uvedl list Kommersant na sv\u00e9m webu.<\/p>\n<p>Server The Moscow Times p\u0159ed \u010dasem spojil n\u00e1vrh z\u00e1kona se snahami postavit p\u0159ed soud pr\u00e1v\u011b Putina a jeho spolupracovn\u00edky za napaden\u00ed\u00a0Ukrajiny\u00a0p\u0159ed v\u00edce ne\u017e \u010dty\u0159mi lety. Pr\u00e1vn\u00ed experti podle serveru BBC pokl\u00e1daj\u00ed z\u00e1kon p\u0159edev\u0161\u00edm za \u201edopl\u0148kovou odstra\u0161uj\u00edc\u00ed akci\u201c.<\/p>\n<p>    <a href=\"https:\/\/www.blesk.cz\/clanek\/zpravy-valka-na-ukrajine\/702030\/online-tri-mrtvi-a-23-zranenych-na-severu-ukrajiny-rusove-zautocili-raketou-na-civilisty.html\" class=\"bottom-link\" rel=\"nofollow noopener\" target=\"_blank\">Zobrazit cel\u00fd online <\/a><\/p>\n<p>    <a href=\"https:\/\/www.blesk.cz\/galerie\/zpravy-svet\/1477651\/evropa-musi-prevzit-vetsi-roli-trump-chce-snizit-objem-vojenske-pomoci-spojencum-v-nato\" rel=\"nofollow noopener\" target=\"_blank\"><\/p>\n<p>          <img decoding=\"async\" src=\"https:\/\/www.europesays.com\/cz\/wp-content\/uploads\/2026\/05\/9847647.jpg\" alt=\"USA evropsk\u00fdm \u010dlen\u016fm NATO sn\u00ed\u017e\u00ed vojenskou podporu pro p\u0159\u00edpad velk\u00e9 krize.\" title=\"\" height=\"333\" width=\"630\" class=\"lazyload \" loading=\"lazy\" \/><\/p>\n<p>    <\/a><\/p>\n","protected":false},"excerpt":{"rendered":"Spojen\u00e9 st\u00e1ty podle agentury Reuters zmen\u0161\u00ed objem vojensk\u00fdch sil, kter\u00e9 by daly k dispozici na pomoc evropsk\u00fdm \u010dlen\u016fm&hellip;\n","protected":false},"author":2,"featured_media":97146,"comment_status":"","ping_status":"","sticky":false,"template":"","format":"standard","meta":{"footnotes":"","_share_on_mastodon":"0"},"categories":[3],"tags":[212,109,108,106,1001,6294,895,375,117,29240,113,8862,2139],"class_list":["post-97145","post","type-post","status-publish","format-standard","has-post-thumbnail","category-evropa","tag-donald-trump","tag-europa","tag-europe","tag-evropa","tag-mark-rutte","tag-ministerstvo-obrany-spojenych-statu-americkych","tag-nato","tag-nemecko","tag-polsko","tag-svetove-krize","tag-usa","tag-vlada-donalda-trumpa","tag-washington-d-c"],"share_on_mastodon":{"url":"https:\/\/pubeurope.com\/@cz\/116638604578351871","error":""},"_links":{"self":[{"href":"https:\/\/www.europesays.com\/cz\/wp-json\/wp\/v2\/posts\/97145","targetHints":{"allow":["GET"]}}],"collection":[{"href":"https:\/\/www.europesays.com\/cz\/wp-json\/wp\/v2\/posts"}],"about":[{"href":"https:\/\/www.europesays.com\/cz\/wp-json\/wp\/v2\/types\/post"}],"author":[{"embeddable":true,"href":"https:\/\/www.europesays.com\/cz\/wp-json\/wp\/v2\/users\/2"}],"replies":[{"embeddable":true,"href":"https:\/\/www.europesays.com\/cz\/wp-json\/wp\/v2\/comments?post=97145"}],"version-history":[{"count":0,"href":"https:\/\/www.europesays.com\/cz\/wp-json\/wp\/v2\/posts\/97145\/revisions"}],"wp:featuredmedia":[{"embeddable":true,"href":"https:\/\/www.europesays.com\/cz\/wp-json\/wp\/v2\/media\/97146"}],"wp:attachment":[{"href":"https:\/\/www.europesays.com\/cz\/wp-json\/wp\/v2\/media?parent=97145"}],"wp:term":[{"taxonomy":"category","embeddable":true,"href":"https:\/\/www.europesays.com\/cz\/wp-json\/wp\/v2\/categories?post=97145"},{"taxonomy":"post_tag","embeddable":true,"href":"https:\/\/www.europesays.com\/cz\/wp-json\/wp\/v2\/tags?post=97145"}],"curies":[{"name":"wp","href":"https:\/\/api.w.org\/{rel}","templated":true}]}}