{"id":97332,"date":"2026-05-26T07:18:13","date_gmt":"2026-05-26T07:18:13","guid":{"rendered":"https:\/\/www.europesays.com\/cz\/97332\/"},"modified":"2026-05-26T07:18:13","modified_gmt":"2026-05-26T07:18:13","slug":"kia-niro-ma-po-faceliftu-oblibene-suv-sazi-na-jediny-pohon-a-pozor-elektricky-neni","status":"publish","type":"post","link":"https:\/\/www.europesays.com\/cz\/97332\/","title":{"rendered":"Kia Niro m\u00e1 po faceliftu. Obl\u00edben\u00e9 SUV s\u00e1z\u00ed na jedin\u00fd pohon. A\u00a0pozor, elektrick\u00fd nen\u00ed"},"content":{"rendered":"<p class=\"b_bq\">Kia omladila druhou generaci kompaktn\u00edho <a data-dot=\"atm-link\" target=\"_blank\" href=\"https:\/\/www.garaz.cz\/clanek\/novinky-kia-na-spalovaci-motory-nezapomnela-modernizovane-niro-je-fesnejsi-a-porad-mu-chutna-benzin-21016272\" class=\"b_X\" rel=\"nofollow noopener\">SUV Niro<\/a>. Designov\u00e9 zm\u011bny se nesou v\u00a0duchu sou\u010dasn\u00e9ho jazyka zna\u010dky, proto m\u00e1 v\u016fz uhlazen\u011bj\u0161\u00ed tvary, vylep\u0161enou aerodynamiku a\u00a0styl sjednocen\u00fd s\u00a0ostatn\u00edmi korejsk\u00fdmi novinkami.<\/p>\n<p><a data-dot=\"atm-link\" aria-hidden=\"true\" tabindex=\"-1\" href=\"https:\/\/www.garaz.cz\/clanek\/novinky-prima-suv-s-normalnimi-motory-pokracuje-kia-xceed-ukazala-omlazenou-tvar-brzy-prijede-do-ceska-21016944\" class=\"b_X o_gS\" rel=\"nofollow noopener\" target=\"_blank\"><img fetchpriority=\"high\" height=\"1406\"   width=\"2499\" src=\"https:\/\/www.europesays.com\/cz\/wp-content\/uploads\/2026\/05\/kia-xceed.webp\" loading=\"eager\" decoding=\"sync\" class=\"b_D b_B\"\/><\/a><\/p>\n<p class=\"b_bq\">Vedle toho se model dlouh\u00fd 4\u00a0430\u00a0mm s\u00a0rozvorem 2\u00a0720\u00a0mm do\u010dkal vylep\u0161en\u00fdch design\u016f kol o\u00a0velikostech 16\u00a0a\u00a018\u00a0palc\u016f.<\/p>\n<p><img height=\"1280\"   width=\"1920\" src=\"https:\/\/www.europesays.com\/cz\/wp-content\/uploads\/2026\/05\/kia-niro.jpeg\" loading=\"eager\" decoding=\"sync\" class=\"b_D b_B\"\/>Foto: KIA<\/p>\n<p class=\"b_bq\">Uvnit\u0159 najdete nov\u00fd volant, displeje, palubku, konzoli\u2026<\/p>\n<p class=\"b_bq\">Do interi\u00e9ru se nast\u011bhoval nov\u00fd volant s\u00a0fyzick\u00fdmi tla\u010d\u00edtky, p\u0159epracovan\u00e1 palubn\u00ed deska, st\u0159edov\u00e1 konzole a\u00a0sdru\u017een\u00e9 displeje infosyst\u00e9mu a\u00a0bud\u00edk\u016f. Nechyb\u00ed podpora <a data-dot=\"atm-link\" target=\"_blank\" href=\"https:\/\/www.garaz.cz\/clanek\/servis-auta-jak-na-to-android-auto-apple-carplay-bezdratove-21009900\" class=\"b_X\" rel=\"nofollow noopener\">Apple CarPlay a\u00a0Android Auto<\/a>, digit\u00e1ln\u00edho kl\u00ed\u010de nebo bezdr\u00e1tov\u00fdch aktualizac\u00ed.<\/p>\n<p>Videobox Kia<\/p>\n<p class=\"b_bq\">Pod\u00edvejte se na nejnov\u011bj\u0161\u00ed video s\u00a0vozem <a data-dot=\"atm-tag-link\" href=\"https:\/\/www.garaz.cz\/tag\/kia-367\" class=\"b_X atm-tag-link\" rel=\"nofollow noopener\" target=\"_blank\">Kia<\/a>:<\/p>\n<p class=\"b_bq\">Nov\u00fd komb\u00edk Kia K4Video: Kia<\/p>\n<p class=\"b_bq\">V z\u00e1kladu m\u00e1 auto objem kufru 430\u00a0litr\u016f, ta\u017enou kapacitu 1\u00a0010\u00a0kg i\u00a0bal\u00edk asistent\u016f, ov\u0161em v\u00a0nab\u00eddce nechyb\u00ed ani head-up displej, pr\u00e9miov\u00e9 audio \u010di d\u00e1lkov\u00e9 parkov\u00e1n\u00ed pomoc\u00ed mobilu, co\u017e p\u0159ijde vhod t\u0159eba v\u00a0\u00fazk\u00fdch podzemn\u00edch gar\u00e1\u017e\u00edch.<\/p>\n<p class=\"b_bq\">P\u016fvodn\u011b jste SUV koupili jako hybrid, <a data-dot=\"atm-link\" target=\"_blank\" href=\"https:\/\/www.garaz.cz\/tag\/plug-in-hybrid-phev-42370\" class=\"b_X\" rel=\"nofollow noopener\">plug-in hybrid<\/a> a\u00a0plnou elektriku, nicm\u00e9n\u011b elektrick\u00e9 portfolio m\u00e1 Kia rozjet\u00e9 modely EV2\u00a0a\u017e EV9\u00a0a\u00a0plug-in hybrid m\u00e1lokdo cht\u011bl. Po modernizaci tak Niro pokra\u010duje v\u00fdhradn\u011b jako samonab\u00edjec\u00ed hybrid.<\/p>\n<p><img height=\"1080\"   width=\"1920\" src=\"https:\/\/www.europesays.com\/cz\/wp-content\/uploads\/2026\/05\/1779779892_46_kia-niro.jpeg\" loading=\"eager\" decoding=\"sync\" class=\"b_D b_B\"\/>Foto: KIA<\/p>\n<p class=\"b_bq\">Pohonn\u00fd syst\u00e9m spojuje benzinov\u00fd \u010dty\u0159v\u00e1lec 1,6\u00a0litru o\u00a0v\u00fdkonu 102\u00a0kon\u00ed, elektromotor o\u00a0v\u00fdkonu 43,5\u00a0kon\u011b, mal\u00fd trak\u010dn\u00ed akumul\u00e1tor a\u00a0\u0161estirychlostn\u00ed automat. Vyprodukovan\u00fd syst\u00e9mov\u00fd v\u00fdkon 138\u00a0kon\u00ed rozt\u00e1\u010d\u00ed p\u0159edn\u00ed kola a\u017e do rychlosti 170\u00a0km\/h.<\/p>\n<p><a data-dot=\"atm-link\" aria-hidden=\"true\" tabindex=\"-1\" href=\"https:\/\/www.novinky.cz\/clanek\/auto-konecne-i-pro-nestandardni-tvary-displeju-android-auto-dostane-novy-vzhled-40578550\" class=\"b_X o_gS\" rel=\"nofollow noopener\" target=\"_blank\"><img height=\"690\"   width=\"1228\" src=\"https:\/\/www.europesays.com\/cz\/wp-content\/uploads\/2026\/05\/1779779893_134_android-auto-google.jpeg\" loading=\"eager\" decoding=\"sync\" class=\"b_D b_B\"\/><\/a><\/p>\n<p class=\"b_bq\">Slu\u0161\u00ed se zm\u00ednit, \u017ee od uveden\u00ed Nira na evropsk\u00e9m trhu automobilka prodala 620\u00a0000\u00a0kus\u016f a\u00a0pr\u00e1v\u011b hybridn\u00ed varianta mezi z\u00e1kazn\u00edky p\u0159eva\u017eovala.<\/p>\n","protected":false},"excerpt":{"rendered":"Kia omladila druhou generaci kompaktn\u00edho SUV Niro. Designov\u00e9 zm\u011bny se nesou v\u00a0duchu sou\u010dasn\u00e9ho jazyka zna\u010dky, proto m\u00e1 v\u016fz&hellip;\n","protected":false},"author":2,"featured_media":97333,"comment_status":"","ping_status":"","sticky":false,"template":"","format":"standard","meta":{"footnotes":"","_share_on_mastodon":"0"},"categories":[12],"tags":[67,68,71,7930,16935],"class_list":["post-97332","post","type-post","status-publish","format-standard","has-post-thumbnail","category-byznys","tag-business","tag-byznys","tag-hybridy-hev","tag-kia","tag-kia-niro"],"share_on_mastodon":{"url":"https:\/\/pubeurope.com\/@cz\/116639662464565902","error":""},"_links":{"self":[{"href":"https:\/\/www.europesays.com\/cz\/wp-json\/wp\/v2\/posts\/97332","targetHints":{"allow":["GET"]}}],"collection":[{"href":"https:\/\/www.europesays.com\/cz\/wp-json\/wp\/v2\/posts"}],"about":[{"href":"https:\/\/www.europesays.com\/cz\/wp-json\/wp\/v2\/types\/post"}],"author":[{"embeddable":true,"href":"https:\/\/www.europesays.com\/cz\/wp-json\/wp\/v2\/users\/2"}],"replies":[{"embeddable":true,"href":"https:\/\/www.europesays.com\/cz\/wp-json\/wp\/v2\/comments?post=97332"}],"version-history":[{"count":0,"href":"https:\/\/www.europesays.com\/cz\/wp-json\/wp\/v2\/posts\/97332\/revisions"}],"wp:featuredmedia":[{"embeddable":true,"href":"https:\/\/www.europesays.com\/cz\/wp-json\/wp\/v2\/media\/97333"}],"wp:attachment":[{"href":"https:\/\/www.europesays.com\/cz\/wp-json\/wp\/v2\/media?parent=97332"}],"wp:term":[{"taxonomy":"category","embeddable":true,"href":"https:\/\/www.europesays.com\/cz\/wp-json\/wp\/v2\/categories?post=97332"},{"taxonomy":"post_tag","embeddable":true,"href":"https:\/\/www.europesays.com\/cz\/wp-json\/wp\/v2\/tags?post=97332"}],"curies":[{"name":"wp","href":"https:\/\/api.w.org\/{rel}","templated":true}]}}