{"id":97668,"date":"2026-05-26T11:13:12","date_gmt":"2026-05-26T11:13:12","guid":{"rendered":"https:\/\/www.europesays.com\/cz\/97668\/"},"modified":"2026-05-26T11:13:12","modified_gmt":"2026-05-26T11:13:12","slug":"jednou-hamplova-jednou-novotny-poslankyne-vzpomina-jak-nasali-vsechny","status":"publish","type":"post","link":"https:\/\/www.europesays.com\/cz\/97668\/","title":{"rendered":"Jednou Hamplov\u00e1, jednou Novotn\u00fd. Poslankyn\u011b vzpom\u00edn\u00e1, jak \u201enas*ali v\u0161echny\u201c"},"content":{"rendered":"<p>&#13;<br \/>\n\tD\u00edky Bohu za alternativn\u00ed m\u00e9dia<\/p>\n<p>&#13;<br \/>\n\tV posledn\u00edch \u010dty\u0159ech letech jsem nat\u00e1\u010dela s Filipem Turkem, sou\u010dasn\u00fdm vl\u00e1dn\u00edm zmocn\u011bncem pro Green Deal po\u0159ad Po \u017dn\u00edch k Turkovi. V dob\u00e1ch, kdy po\u0159ad za\u010dal vych\u00e1zet, jsme ani jeden z n\u00e1s netu\u0161ili, \u017ee za p\u00e1r let budeme sed\u011bt vedle sebe v poslaneck\u00e9 lavici. Vlastn\u011b jsme se p\u0159edt\u00edm ani neznali, prost\u011b n\u00e1s oba bavila politika a cht\u011bli jsme ji z na\u0161eho pohledu komentovat.<\/p>\n<p>&#13;<\/p>\n<p>\t\t\t\t<a href=\"https:\/\/www.parlamentnilisty.cz\/profily\/profil.aspx?id=156530\" rel=\"nofollow noopener\" target=\"_blank\"><br \/>\n\t\t\t\t\t<img decoding=\"async\" src=\"https:\/\/www.europesays.com\/cz\/wp-content\/uploads\/2026\/02\/156530-turek_profil_top.jpg\" alt=\"\" style=\"width: 100%\"\/><\/a><\/p>\n<p>&#13;<br \/>\n\tV\u0161echno to zpunktoval Petr Kubel\u00edk, kter\u00fd zalo\u017eil nez\u00e1vislou internetovou televizi V.O.X. TV a heslem \u201eNasereme v\u00e1s v\u0161echny\u201c se sna\u017eil nazna\u010dit, \u017ee chce d\u00e1t na sv\u00e9 platform\u011b prostor v\u0161em a diverzit\u011b n\u00e1zor\u016f. Tehdy m\u011b p\u0159ibral do veden\u00ed a dal mi na starost publicistiku. Neb\u00e1li jsme se toho.<\/p>\n<p>&#13;<br \/>\n\tZvali jsme si do r\u016fzn\u00fdch po\u0159ad\u016f nejenom politiky ze v\u0161ech stran, ale d\u00e1vali jsme prostor i t\u011bm, co byli jinde ostrakizovan\u00ed. Sv\u00fdm zp\u016fsobem jsme se sna\u017eili suplovat mainstreamov\u00e1 m\u00e9dia, kter\u00e1 by m\u011bla lidem p\u0159in\u00e1\u0161et ob\u011b strany mince, aby si lid\u00e9 mohli ud\u011blat vlastn\u00ed n\u00e1zor na v\u011bc. Vzpom\u00edn\u00e1m si, jak jsme poskytli prostor sen\u00e1torce Jan\u011b Zwyrtek Hamplov\u00e9 v dob\u011b, kdy j\u00ed t\u00e9m\u011b\u0159 nikdo jin\u00fd v televizi prostor pro vyj\u00e1d\u0159en\u00ed ned\u00e1val. Zpov\u00eddali jsme Petra Drul\u00e1ka v dob\u011b, kdy byl nejv\u00edce ostrakizov\u00e1n. Zve\u0159ejnili jsme rozhovor s Mark\u00e9tou Dobi\u00e1\u0161ovou t\u011bsn\u011b pot\u00e9, co praskla \u0161ikana na Wollnera. Neb\u00e1li jsme se toho. A p\u0159esn\u011b proto jsem tu pr\u00e1ci milovala. \u0160li jsme do toho i za cenu toho, \u017ee n\u00e1s mor\u00e1ln\u00ed maj\u00e1ci nehodnot\u00ed zrovna lichotiv\u011b. Sna\u017eili jsme se ov\u0161em po celou dobu vyva\u017eovat. Kdy\u017e jsme na\u0161tvali jednu stranu t\u00edm, \u017ee jsme do debaty pozvali Janu Zwyrtek Hamplovou, hned druh\u00fd den jsme vyto\u010dili druhou stranu t\u00edm, \u017ee jsme pozvali do debaty Pavla Novotn\u00e9ho.<\/p>\n<p>&#13;<\/p>\n<p>\t\t\t\t<a href=\"https:\/\/www.parlamentnilisty.cz\/profily\/profil.aspx?id=12318\" rel=\"nofollow noopener\" target=\"_blank\"><br \/>\n\t\t\t\t\t<img decoding=\"async\" src=\"https:\/\/www.europesays.com\/cz\/wp-content\/uploads\/2026\/05\/1779587116_322_60629-9_profil_top.jpg\" alt=\"\" style=\"width: 100%\"\/><\/a><\/p>\n<p>&#13;<br \/>\n\t<img decoding=\"async\" alt=\"\" data-orig-style=\"width: 1170px; height: 1352px;\" src=\"https:\/\/www.europesays.com\/cz\/wp-content\/uploads\/2026\/05\/708488288_1331258835570150_6582401737309610185_n.jpg\" style=\"\"\/><\/p>\n<p>&#13;<br \/>\n\tS Filipem Turkem jsme nat\u00e1\u010deli ka\u017ed\u00fd t\u00fdden po dobu n\u011bkolika let. Bylo to fajn. Sledovanost jsme nem\u011bli malou, pr\u016fm\u011brn\u011b se pohybovala kolem 200 000. Se spoustou fanou\u0161k\u016f jsem si vytvo\u0159ila dodnes p\u0159\u00e1telsk\u00e9 vztahy a nikdy na to obdob\u00ed nezapomenu. Ostatn\u011b je t\u0159eba p\u0159iznat si, \u017ee to byl mo\u017en\u00e1 jeden z d\u016fvod\u016f, pro\u010d dnes sed\u00edme ve sn\u011bmovn\u011b. Byli jsme na \u010desk\u00e9m trhu jedn\u00edm z prvn\u00edch podobn\u00fdch form\u00e1t\u016f po\u0159adu. Dnes je takov\u00fd form\u00e1t, kdy si dvojice prost\u011b pov\u00edd\u00e1 o politice, zcela b\u011b\u017en\u00fd. \u010c\u00e1ste\u010dn\u011b si dovol\u00edm popl\u00e1cat se po ramenou, \u017ee jsme \u201ezm\u011bnili politickou kulturu\/reklamu\u201c. Byli jsme v\u017edy otev\u0159en\u00ed, up\u0159\u00edmn\u00ed, neb\u00e1li jsme se vyslovit nepopul\u00e1rn\u00ed n\u00e1zory.<\/p>\n<p>&#13;<br \/>\n\tPosledn\u00ed d\u00edl po\u0159adu Po \u017dn\u00edch k Turkovi<\/p>\n<p>&#13;<br \/>\n\t<img decoding=\"async\" alt=\"\" data-orig-style=\"width: 1170px; height: 877px;\" src=\"https:\/\/www.europesays.com\/cz\/wp-content\/uploads\/2026\/05\/708752705_769468642823826_2544766929111127832_n.jpg\" style=\"\"\/><\/p>\n<p>&#13;<br \/>\n\tTento t\u00fdden jsme nato\u010dili posledn\u00ed d\u00edl. Bylo to, jak si jist\u011b dok\u00e1\u017eete p\u0159edstavit, velmi nostalgick\u00e9, z\u00e1rove\u0148 smutn\u00e9. U\u010dinili jsme tak po dlouh\u00e9m zva\u017eov\u00e1n\u00ed, proto\u017ee nechceme V.O.X. TV, na\u0161i srdcovou z\u00e1le\u017eitost, vystavovat zbyte\u010dn\u00e9 kritice. Ve chv\u00edli, kdy by se Kubel\u00edkovi poda\u0159ilo z\u00edskat opozi\u010dn\u00ed dvojici, nap\u0159\u00edklad Fialu s Decroix, aby u n\u011bj m\u011bli po\u0159ad podobn\u00e9ho typu, mohli bychom setrvat. Pak by to bylo vyv\u00e1\u017een\u00e9. Ale v dob\u011b, kdy jsme oba vl\u00e1dn\u00edmi poslanci, V.O.X. \u010delil obrovsk\u00e9 kritice, kec\u016fm o zaujatosti, atd. A p\u0159itom Kubel\u00edk mnohokr\u00e1t nab\u00edzel prostor \u201edruh\u00e9 stran\u011b\u201c.<\/p>\n<p>&#13;<br \/>\n\tJe zaj\u00edmav\u00e9, jak si liber\u00e1ln\u00ed mor\u00e1ln\u00ed maj\u00e1ci \u0159eknou: \u201ek v\u00e1m do televize nejdu, vy prosazujete blb\u00e9 n\u00e1zory a j\u00e1 v\u00e1s nechci legitimizovat\u201c, ale p\u0159itom, kdy\u017e pak odm\u00edtnu j\u00e1 j\u00edt nap\u0159\u00edklad k Bastlov\u00e9 do \u201ePt\u00e1m se j\u00e1\u201c, proto\u017ee nech\u00e1pu, pro\u010d bych m\u011bla dobrovoln\u011b chodit na vlastn\u00ed jatka, je to okam\u017eit\u011b ozna\u010deno za zbab\u011blost. Co kdy\u017e ji ale taky nechci legitimizovat?<\/p>\n<p>&#13;<br \/>\n\tA tak jsme ofici\u00e1ln\u011b ukon\u010dili jednu \u00e9ru. \u00c9ru po\u0159adu Po \u017en\u00edch k Turkovi, kter\u00fdm jsme p\u0159ibli\u017eovali nejen politiku Evropsk\u00e9 unie. Dovol\u00edm si neskromn\u011b tvrdit, \u017ee i d\u00edky n\u00e1m bylo u voleb do Evropsk\u00e9ho parlamentu historicky nejv\u00edce voli\u010d\u016f. Ale jak se to \u0159\u00edk\u00e1? Kdy\u017e n\u011bco kon\u010d\u00ed, n\u011bco za\u010d\u00edn\u00e1! S Filipem Turkem m\u00e1me v pl\u00e1nu v podobn\u00e9m form\u00e1tu po\u0159adu pokra\u010dovat. Sami na sebe a trochu jinak. Nad\u00e1le ale chceme lidem p\u0159ibli\u017eovat i z\u00e1kulisn\u00ed fungov\u00e1n\u00ed politiky.<\/p>\n<p>&#13;<br \/>\n\tZaslou\u017een\u00e1 dovolen\u00e1<\/p>\n<p>&#13;<br \/>\n\tO tot\u00e9\u017e se pokou\u0161\u00edm pravideln\u011b tak\u00e9 t\u00edmto den\u00edkem. Dnes bude ov\u0161em relativn\u011b kr\u00e1tk\u00fd. Na rovinu se v\u00e1m toti\u017e mus\u00edm p\u0159iznat, odjela jsem na \u010dty\u0159denn\u00ed dovolenou.<\/p>\n<p>&#13;<br \/>\n\tLoni slavila moje tchyn\u011b 70. narozeniny. Cht\u011bli jsme j\u00ed s partnerem a \u0161vagrem darovat n\u011bco unik\u00e1tn\u00edho, n\u011bco, co b\u011b\u017en\u011b nedostane, n\u011bco, na co nezapomene. Uv\u011bdomili jsme si, \u017ee je to typick\u00e1 \u017eena od velk\u00e9 rodiny, kter\u00e1 se v\u017edycky ob\u011btovala pro druh\u00e9. Sama si m\u00e1lokdy n\u011bco dop\u0159\u00e1la, snad nikdy nebyla na po\u0159\u00e1dn\u00e9 dovolen\u00e9. A proto\u017ee jsme v\u0161ichni v\u011b\u0159\u00edc\u00ed, milovn\u00edci historie, rozhodli jsme se pro n\u00e1v\u0161t\u011bvu Vatik\u00e1nu.<\/p>\n<p>&#13;<br \/>\n\t<img decoding=\"async\" alt=\"\" data-orig-style=\"width: 1170px; height: 877px;\" src=\"https:\/\/www.europesays.com\/cz\/wp-content\/uploads\/2026\/05\/705398421_1694624214900551_7982818049450499555_n.jpg\" style=\"\"\/><\/p>\n<p>&#13;<br \/>\n\tSic narozeniny slavila u\u017e loni, museli jsme dovolenou odlo\u017eit kv\u016fli sn\u011bmovn\u011b na neur\u010dito. To v\u00edte, kdy\u017e nastoup\u00edte do takov\u00e9ho byrokratick\u00e9ho kolosu, jak\u00fdm je sn\u011bmovna, chv\u00edli trv\u00e1, ne\u017e se rozkouk\u00e1te, a kdy\u017e se rozkouk\u00e1te, u\u017e je na stole tolik pr\u00e1ce, \u017ee si odjet nem\u016f\u017eete dovolit. Kdy\u017e jsem vid\u011bla, jak\u00e9 obstrukce se ve sn\u011bmovn\u011b d\u011bj\u00ed, ob\u00e1vala jsem se, \u017ee budu dovolenou odkl\u00e1dat do nekone\u010dna, cel\u00e9 \u010dty\u0159i roky. Nakonec jsem ale vypozorovala, \u017ee pokud poslanec pot\u0159ebuje odjet, nap\u0159\u00edklad za rodinou, proto\u017ee p\u0159es sn\u011bmovn\u00ed t\u00fdden se s n\u00ed nem\u00e1te \u0161anci vid\u011bt, jedin\u00e1 mo\u017enost je vyu\u017e\u00edt tzv. \u201eposlaneck\u00fd t\u00fdden\u201c, kter\u00fd m\u016f\u017eete tr\u00e1vit ve sv\u00e9m kraji.<\/p>\n<p>&#13;<br \/>\n\tNa\u0161li jsme tedy p\u0159ijateln\u00fd term\u00edn, kdy bylo jist\u00e9, \u017ee do n\u011bj nevkro\u010d\u00ed sn\u011bmovn\u00ed pl\u00e9num ani \u017e\u00e1dn\u00fd v\u00fdbor, ani sch\u016fze pracovn\u00ed skupiny. Napl\u00e1novali jsme si kr\u00e1tkou dovolenou a abych m\u011bla \u010dist\u00e9 sv\u011bdom\u00ed, proto\u017ee jako poslanec nem\u00e1te volno nikdy, zastupitelem jste neust\u00e1le, brala jsem si do \u0158\u00edma s sebou tablet a tr\u00e1vila v\u011bt\u0161inu \u010dasu na telefonu. S kolegy poslanci jsem neust\u00e1le komunikovala p\u0159ipravovan\u00e9 z\u00e1kony, s resorty nebo s \u00fa\u0159adem vl\u00e1dy jsem visela na telefonu kv\u016fli Evropsk\u00e9 komisi a transpozic\u00edm z\u00e1kon\u016f z EU.<\/p>\n<p>&#13;<br \/>\n\tD\u011blo se tedy vcelku b\u011b\u017en\u011b, \u017ee mi rodina ukazovala kr\u00e1sn\u00e9 fresky na st\u011bn\u00e1ch, malby strop\u016f, a j\u00e1 p\u0159itom koukala do mobilu a odepisovala na SMSky. I tak jsem si \u0158\u00edm a Vatik\u00e1n, alespo\u0148 na p\u00e1r okam\u017eik\u016f, moc u\u017eila. Pokud v\u00e1s zaj\u00edm\u00e1 bl\u00ed\u017ee, jak jsem tr\u00e1vila dovolenou, s konkr\u00e9tn\u00edmi poznatky a tipy na v\u00fdlet do \u0158\u00edma, <a href=\"https:\/\/www.facebook.com\/gabriella.sedlackova\" rel=\"nofollow noopener\" target=\"_blank\">sledujte m\u011b pros\u00edm na Facebooku<\/a>, kde o tom p\u00ed\u0161i velmi konkr\u00e9tn\u00ed a dlouh\u00e9 posty.<\/p>\n<p>&#13;<br \/>\n\t<img decoding=\"async\" alt=\"\" data-orig-style=\"width: 1170px; height: 878px;\" src=\"https:\/\/www.europesays.com\/cz\/wp-content\/uploads\/2026\/05\/708014863_1932550617445236_4697717639983521863_n.jpg\" style=\"\"\/><\/p>\n<p>&#13;<br \/>\n\tP\u0159esto, \u017ee jsem polovinu dovolen\u00e9 str\u00e1vila na telefonu (a m\u00e1 rodina v\u00e1m to nejsp\u00ed\u0161 znechucen\u011b potvrd\u00ed), jsem se po n\u00e1vratu setkala s n\u011bkolika nen\u00e1vistn\u00fdmi koment\u00e1\u0159i, co \u017ee si to dovoluji n\u011bkam v m\u00e9m mand\u00e1tu cestovat, kdy\u017e m\u00e1m slou\u017eit lidem?!<\/p>\n<p>&#13;<br \/>\n\tM\u00e1 poslanec dovolenou? <\/p>\n<p>&#13;<br \/>\n\tMinule jsem objas\u0148ovala v\u00fdplaty a (ne)benefity pro asistenty, nyn\u00ed bych r\u00e1da objasnila dovolenou. Poslanec nem\u00e1 ze z\u00e1kona n\u00e1rok na klasickou placenou dovolenou s ur\u010den\u00fdm po\u010dtem dn\u00ed jako b\u011b\u017en\u00ed zam\u011bstnanci, proto\u017ee nen\u00ed v klasick\u00e9m pracovn\u00edm pom\u011bru. N\u00e1\u0161 mand\u00e1t trv\u00e1 nep\u0159etr\u017eit\u011b, prost\u011b 24\/7, a \u010derp\u00e1n\u00ed volna si organizujeme sami bez nutnosti schvalov\u00e1n\u00ed nad\u0159\u00edzen\u00fdm. Je samoz\u0159ejm\u00e9, \u017ee se rad\u00edme v klubu a na koali\u010dn\u00ed rad\u011b, kdy si m\u016f\u017eeme dovolit chyb\u011bt.<\/p>\n<p>&#13;<br \/>\n\tJe to logick\u00e9, proto\u017ee nem\u00e1me ani pevnou pracovn\u00ed dobu. Kdybychom ji m\u011bli, sn\u011bmovna by nikam nepokro\u010dila. U\u017e to \u00fapln\u011b vid\u00edm. Jak \u00faderem p\u00e1t\u00e9 odpoledn\u00ed bal\u00edme sv\u00e9 saky paky a miz\u00edme ze sn\u011bmovny, a\u0165 se d\u011bje, co se d\u011bje. Jako d\u011bti\u010dky p\u0159i posledn\u00edm zvon\u011bn\u00ed ve t\u0159\u00edd\u011b. K\u00e9\u017e by! V\u011bt\u0161inou tam mus\u00edme sed\u011bt do ve\u010dera, mnohdy do noci, n\u011bkdy do r\u00e1na. Spoust\u011b poslanc\u016f se dom\u016f ze sn\u011bmovny v\u016fbec nevyplat\u00ed jezdit. Kdy\u017e jim toti\u017e cesta dom\u016f zabere t\u0159eba hodinu a p\u016fl, r\u00e1no d\u00edky z\u00e1cp\u00e1m mnohem v\u00edc, kon\u010d\u00edme o p\u016flnoci a za\u010d\u00edn\u00e1me v dev\u011bt, je jednodu\u0161\u0161\u00ed rozt\u00e1hnout spac\u00e1k ve sn\u011bmovn\u011b a z\u016fstat tam. Rad\u011bji naspat alespo\u0148 \u0161est hodin, ne\u017e cestovat dom\u016f, naspat hodiny t\u0159i, riskovat, \u017ee zasp\u00edme, atd.\u2026<\/p>\n<p>&#13;<br \/>\n\tJsem sn\u011bmovn\u00edm rekordmanem v po\u010dtu v\u00fdbor\u016f, podv\u00fdbor\u016f, delegac\u00ed a komis\u00ed. Nen\u00ed to nic ke chluben\u00ed, \u017e\u00e1dn\u00fd rekord, kter\u00fdm se py\u0161n\u00edm. Sp\u00ed\u0161e konstatuji. Prost\u011b to tak vy\u0161lo. Tak\u017ee jestli m\u00e1 n\u011bkdo pr\u00e1ce opravdu spoustu a mus\u00ed tr\u00e1vit ve sn\u011bmovn\u011b ka\u017edi\u010dk\u00fd den, v\u010detn\u011b v\u00fdb\u011brov\u00e9ho t\u00fddne, pak jsem to pr\u00e1v\u011b j\u00e1. Moje \u00fa\u010dast na hlasov\u00e1n\u00ed se pohybuje neust\u00e1le okolo 95 %. Chyb\u011bla jsem jednou, kdy\u017e m\u011b akutn\u011b operovali na s\u00e1le. Po sedmi m\u011bs\u00edc\u00edch bez pauzy jsem si dovolila p\u00e1r voln\u00fdch dn\u00ed o V\u00e1noc\u00edch a t\u0159i voln\u00e9 dny s rodinou. P\u0159esto \u010del\u00edm kritice n\u011bkter\u00fdch nen\u00e1vistn\u00fdch ob\u010dan\u016f, co \u017ee si to dovoluji zneu\u017e\u00edvat m\u00e9ho postaven\u00ed a jezdit si po sv\u011bt\u011b.<\/p>\n<p>&#13;<br \/>\n\tNejd\u0159\u00edv m\u011b to tr\u00e1pilo, u\u017e u\u017e jsem za\u010dala p\u0159em\u00fd\u0161let, \u017ee u\u017e nikdy nebudu odpo\u010d\u00edvat, abych neklamala lidi kolem sebe. A pak hned jsem si uv\u011bdomila ten zn\u00e1m\u00fd fakt, \u017ee politik je to nejneobl\u00edben\u011bj\u0161\u00ed povol\u00e1n\u00ed na sv\u011bt\u011b. R\u016fzn\u00e9 pr\u016fzkumy ve\u0159ejn\u00e9ho m\u00edn\u011bn\u00ed konan\u00e9 v cel\u00e9m sv\u011bt\u011b v\u010detn\u011b \u010cesk\u00e9 republiky dlouhodob\u011b potvrzuj\u00ed, \u017ee povol\u00e1n\u00ed politika se v \u017eeb\u0159\u00ed\u010dc\u00edch d\u016fv\u011bryhodnosti a presti\u017ee opakovan\u011b umis\u0165uje na \u00fapln\u00e9m chvostu. Ka\u017ed\u00fd politik m\u00e1 vedle sv\u00fdch p\u0159\u00edznivc\u016f tak\u00e9 velkou skupinu odp\u016frc\u016f. Vlastn\u011b bych byla \u0161patn\u00fdm politikem, kdyby se nena\u0161el n\u011bkdo, kdo m\u011b zkritizuje za p\u00e1r dn\u00ed dovolen\u00e9, znamenalo by to toti\u017e, \u017ee jsem neviditeln\u00e1.<\/p>\n<p>&#13;<br \/>\n\tJsem vd\u011b\u010dna za v\u0161echnu va\u0161i kritiku, kdy\u017e je konstruktivn\u00ed, o to sp\u00ed\u0161. A d\u011bkuji za va\u0161i trp\u011blivost v odpov\u00edd\u00e1n\u00ed na va\u0161e dotazy (v tom sn\u011bmovn\u00edm tempu se na to n\u011bkdy t\u011b\u017eko hled\u00e1 \u010das). Za\u010dala jsem tento den\u00edk jak\u00fdmsi pomysln\u00fdm pod\u011bkov\u00e1n\u00edm V.O.X. TV jako svobodn\u00e9mu m\u00e9diu. Chci ho ukon\u010dit pod\u011bkov\u00e1n\u00edm Parlamentn\u00edm list\u016fm, \u017ee mi tento prostor poskytuj\u00ed a nech\u00e1vaj\u00ed v\u00e1s, \u010dten\u00e1\u0159e, pt\u00e1t se na cokoliv, co v\u00e1s napadne. D\u00edky Bohu za alternativn\u00ed a svobodn\u00e1 m\u00e9dia.<\/p>\n<p>\u00a0<\/p>\n<p>Zdroje:<\/p>\n<p>https:\/\/www.facebook.com\/gabriella.sedlackova<\/p>\n","protected":false},"excerpt":{"rendered":"&#13; D\u00edky Bohu za alternativn\u00ed m\u00e9dia &#13; V posledn\u00edch \u010dty\u0159ech letech jsem nat\u00e1\u010dela s Filipem Turkem, sou\u010dasn\u00fdm vl\u00e1dn\u00edm&hellip;\n","protected":false},"author":2,"featured_media":97669,"comment_status":"","ping_status":"","sticky":false,"template":"","format":"standard","meta":{"footnotes":"","_share_on_mastodon":"0"},"categories":[11],"tags":[4332,1471,13823,4012,4328,54,3567,29332,53,52,11662],"class_list":["post-97668","post","type-post","status-publish","format-standard","has-post-thumbnail","category-svet","tag-denik-poslankyne","tag-dovolena","tag-hamplova","tag-novotny","tag-sedlackova","tag-svet","tag-turek","tag-vox","tag-world","tag-world-news","tag-zwyrtek-hamplova"],"share_on_mastodon":{"url":"https:\/\/pubeurope.com\/@cz\/116640586703589012","error":""},"_links":{"self":[{"href":"https:\/\/www.europesays.com\/cz\/wp-json\/wp\/v2\/posts\/97668","targetHints":{"allow":["GET"]}}],"collection":[{"href":"https:\/\/www.europesays.com\/cz\/wp-json\/wp\/v2\/posts"}],"about":[{"href":"https:\/\/www.europesays.com\/cz\/wp-json\/wp\/v2\/types\/post"}],"author":[{"embeddable":true,"href":"https:\/\/www.europesays.com\/cz\/wp-json\/wp\/v2\/users\/2"}],"replies":[{"embeddable":true,"href":"https:\/\/www.europesays.com\/cz\/wp-json\/wp\/v2\/comments?post=97668"}],"version-history":[{"count":0,"href":"https:\/\/www.europesays.com\/cz\/wp-json\/wp\/v2\/posts\/97668\/revisions"}],"wp:featuredmedia":[{"embeddable":true,"href":"https:\/\/www.europesays.com\/cz\/wp-json\/wp\/v2\/media\/97669"}],"wp:attachment":[{"href":"https:\/\/www.europesays.com\/cz\/wp-json\/wp\/v2\/media?parent=97668"}],"wp:term":[{"taxonomy":"category","embeddable":true,"href":"https:\/\/www.europesays.com\/cz\/wp-json\/wp\/v2\/categories?post=97668"},{"taxonomy":"post_tag","embeddable":true,"href":"https:\/\/www.europesays.com\/cz\/wp-json\/wp\/v2\/tags?post=97668"}],"curies":[{"name":"wp","href":"https:\/\/api.w.org\/{rel}","templated":true}]}}