{"id":97784,"date":"2026-05-26T13:13:16","date_gmt":"2026-05-26T13:13:16","guid":{"rendered":"https:\/\/www.europesays.com\/cz\/97784\/"},"modified":"2026-05-26T13:13:16","modified_gmt":"2026-05-26T13:13:16","slug":"jedine-divadlo-v-cesku-s-hvezdarskou-kopuli-oprava-stala-139-milionu","status":"publish","type":"post","link":"https:\/\/www.europesays.com\/cz\/97784\/","title":{"rendered":"Jedin\u00e9 divadlo v\u00a0\u010cesku s\u00a0hv\u011bzd\u00e1\u0159skou kopul\u00ed. Oprava st\u00e1la 139\u00a0milion\u016f"},"content":{"rendered":"<p class=\"e_bX\">T\u011b\u0161\u00ednsk\u00e9 divadlo je jedin\u00e9 v\u00a0\u010cesku, kter\u00e9 disponuje hv\u011bzd\u00e1\u0159skou kopul\u00ed. Ta u\u017e ale jako skute\u010dn\u00e1 hv\u011bzd\u00e1rna fungovat nebude, p\u016fvodn\u00ed astronomick\u00e9 za\u0159\u00edzen\u00ed bylo odvezeno. Pozorov\u00e1n\u00ed oblohy bude mo\u017en\u00e9 s\u00a0pomoc\u00ed p\u0159enosn\u00fdch dalekohled\u016f a\u00a0projektoru. <\/p>\n<p class=\"e_bX\">Nov\u011b otev\u0159en\u00e1 st\u0159e\u0161n\u00ed terasa s\u00a0kapacitou a\u017e 60\u00a0lid\u00ed m\u00e1 slou\u017eit koncert\u016fm,\u00a0autorsk\u00fdm ve\u010der\u016fm,\u00a0tematick\u00fdm p\u0159edn\u00e1\u0161k\u00e1m a\u00a0pozorov\u00e1n\u00ed oblohy. <\/p>\n<p class=\"e_bX\">Hv\u011bzd\u00e1rna nab\u00eddne komorn\u00ed prostor pro 38\u00a0n\u00e1v\u0161t\u011bvn\u00edk\u016f a\u00a0umo\u017en\u00ed po\u0159\u00e1d\u00e1n\u00ed divadeln\u00edch p\u0159edstaven\u00ed, projekc\u00ed, workshop\u016f nebo prezentac\u00ed.<\/p>\n<p class=\"e_bX\">\u201eDivadlo je obvykle m\u00edstem, kde div\u00e1k pro\u017eije siln\u00fd okam\u017eik b\u011bhem jedn\u00e9 inscenace. Tady ale vznikl prostor, kter\u00fd \u017eije neust\u00e1le. Lid\u00e9 sem mohou p\u0159ij\u00edt za kulturou, za setk\u00e1n\u00edm, za inspirac\u00ed i\u00a0za oby\u010dejn\u00fdm zastaven\u00edm a\u00a0pohledem na no\u010dn\u00ed oblohu,\u201c \u0159\u00edk\u00e1 \u0159editel divadla Petr Kracik.<\/p>\n<p class=\"e_bX\">Patronka pond\u011bln\u00edho ceremoni\u00e1lu, here\u010dka a\u00a0moder\u00e1torka Tereza Kostkov\u00e1, ocenila poetiku projektu i\u00a0propojen\u00ed kultury s\u00a0atmosf\u00e9rou hv\u011bzdn\u00e9 oblohy. \u201eJe kr\u00e1sn\u00e9, kdy\u017e kultura nez\u016fst\u00e1v\u00e1 jen na jevi\u0161ti,\u201c uvedla p\u0159i slavnostn\u00edm otev\u0159en\u00ed.<\/p>\n<p><img fetchpriority=\"high\" height=\"1200\"   width=\"1800\" src=\"https:\/\/www.europesays.com\/cz\/wp-content\/uploads\/2026\/05\/tesinske-divadlo.jpeg\" loading=\"eager\" decoding=\"sync\" class=\"e_aa e_Z\"\/>Foto: Profimedia.cz<\/p>\n<p class=\"e_bX\">\u201eJe kr\u00e1sn\u00e9, kdy\u017e kultura nez\u016fst\u00e1v\u00e1 jen na jevi\u0161ti,\u201c uvedla p\u0159i slavnostn\u00edm otev\u0159en\u00ed here\u010dka a\u00a0moder\u00e1torka Tereza Kostkov\u00e1.<\/p>\n<p class=\"e_bX\">Jeho sou\u010d\u00e1st\u00ed je v\u00fdstava fotografa Martina Pod\u017eorn\u00e9ho, kter\u00e1 n\u00e1v\u0161t\u011bvn\u00edk\u016fm nab\u00edz\u00ed sn\u00edmky no\u010dn\u00ed oblohy a\u00a0vesm\u00edrn\u00fdch sceneri\u00ed. Vznikla speci\u00e1ln\u011b pro T\u011b\u0161\u00ednsk\u00e9 divadlo. Prvn\u00ed akce pro ve\u0159ejnost se na st\u0159e\u0161n\u00ed terase uskute\u010dn\u00ed 31.\u00a0kv\u011btna.<\/p>\n<p class=\"e_bX\">Rozs\u00e1hl\u00e1 oprava T\u011b\u0161\u00ednsk\u00e9ho divadla skon\u010dila loni v\u00a0prosinci. Trvala 18\u00a0m\u011bs\u00edc\u016f a\u00a0st\u00e1la 139\u00a0milion\u016f korun. V\u00a0jej\u00edm r\u00e1mci vzniklo kreativn\u00ed T\u011b\u0161\u00ednsk\u00e9 divadeln\u00ed a\u00a0kulturn\u00ed centrum, kter\u00e9 propoj\u00ed profesion\u00e1ln\u00ed divadeln\u00ed provoz, vzd\u011bl\u00e1vac\u00ed programy a\u00a0komunitn\u00ed aktivity.<\/p>\n<p class=\"e_bX\">Divadlo v\u00a0\u010cesk\u00e9m T\u011b\u0161\u00edn\u011b funguje od roku 1945.\u00a0\u010ceskou sc\u00e9nu o\u00a0\u0161est let pozd\u011bji doplnila polsk\u00e1. Od roku 2008\u00a0je sou\u010d\u00e1st\u00ed instituce loutkov\u00e1 sc\u00e9na Bajka. <\/p>\n<p class=\"e_bX\">T\u011b\u0161\u00ednsk\u00e9 divadlo jako jedin\u00e9 v\u00a0\u010cesku disponuje t\u0159emi um\u011bleck\u00fdmi soubory hraj\u00edc\u00edmi ve dvou r\u016fzn\u00fdch jazyc\u00edch. To souvis\u00ed se silnou polskou men\u0161inou na T\u011b\u0161\u00ednsku. Divadlem pro\u0161lo mnoho hereck\u00fdch osobnost\u00ed, jako byli Kv\u011bta Fialov\u00e1, Bo\u0159ivoj Navr\u00e1til \u010di Josef Somr.<\/p>\n","protected":false},"excerpt":{"rendered":"T\u011b\u0161\u00ednsk\u00e9 divadlo je jedin\u00e9 v\u00a0\u010cesku, kter\u00e9 disponuje hv\u011bzd\u00e1\u0159skou kopul\u00ed. Ta u\u017e ale jako skute\u010dn\u00e1 hv\u011bzd\u00e1rna fungovat nebude, p\u016fvodn\u00ed&hellip;\n","protected":false},"author":2,"featured_media":97785,"comment_status":"","ping_status":"","sticky":false,"template":"","format":"standard","meta":{"footnotes":"","_share_on_mastodon":"0"},"categories":[7],"tags":[43,42,29358,41,40,1172,1373,29357],"class_list":["post-97784","post","type-post","status-publish","format-standard","has-post-thumbnail","category-cesko","tag-ceska-republika","tag-cesko","tag-cesky-tesin","tag-czech-republic","tag-czechia","tag-divadelni-predstaveni","tag-rekonstrukce","tag-tesinske-divadlo"],"share_on_mastodon":{"url":"https:\/\/pubeurope.com\/@cz\/116641058496026326","error":""},"_links":{"self":[{"href":"https:\/\/www.europesays.com\/cz\/wp-json\/wp\/v2\/posts\/97784","targetHints":{"allow":["GET"]}}],"collection":[{"href":"https:\/\/www.europesays.com\/cz\/wp-json\/wp\/v2\/posts"}],"about":[{"href":"https:\/\/www.europesays.com\/cz\/wp-json\/wp\/v2\/types\/post"}],"author":[{"embeddable":true,"href":"https:\/\/www.europesays.com\/cz\/wp-json\/wp\/v2\/users\/2"}],"replies":[{"embeddable":true,"href":"https:\/\/www.europesays.com\/cz\/wp-json\/wp\/v2\/comments?post=97784"}],"version-history":[{"count":0,"href":"https:\/\/www.europesays.com\/cz\/wp-json\/wp\/v2\/posts\/97784\/revisions"}],"wp:featuredmedia":[{"embeddable":true,"href":"https:\/\/www.europesays.com\/cz\/wp-json\/wp\/v2\/media\/97785"}],"wp:attachment":[{"href":"https:\/\/www.europesays.com\/cz\/wp-json\/wp\/v2\/media?parent=97784"}],"wp:term":[{"taxonomy":"category","embeddable":true,"href":"https:\/\/www.europesays.com\/cz\/wp-json\/wp\/v2\/categories?post=97784"},{"taxonomy":"post_tag","embeddable":true,"href":"https:\/\/www.europesays.com\/cz\/wp-json\/wp\/v2\/tags?post=97784"}],"curies":[{"name":"wp","href":"https:\/\/api.w.org\/{rel}","templated":true}]}}