{"id":97965,"date":"2026-05-26T16:16:13","date_gmt":"2026-05-26T16:16:13","guid":{"rendered":"https:\/\/www.europesays.com\/cz\/97965\/"},"modified":"2026-05-26T16:16:13","modified_gmt":"2026-05-26T16:16:13","slug":"petka-sz-proc-kfc-na-chvili-zavrelo-vsechny-pobocky-a-stihany-starosta","status":"publish","type":"post","link":"https:\/\/www.europesays.com\/cz\/97965\/","title":{"rendered":"P\u011btka SZ: Pro\u010d KFC na chv\u00edli zav\u0159elo v\u0161echny pobo\u010dky a\u00a0st\u00edhan\u00fd starosta"},"content":{"rendered":"<p class=\"e_bX\">Dobr\u00e9 odpoledne, je 26.\u00a0kv\u011btna a\u00a0tady je va\u0161e P\u011btka Seznam Zpr\u00e1v. P\u011bt hlavn\u00edch ud\u00e1lost\u00ed dne a\u00a0p\u016fvodn\u00edch zji\u0161t\u011bn\u00ed, kter\u00e9 by v\u00e1s nem\u011bly minout. P\u0159ipravil je pro v\u00e1s \u0161\u00e9feditor Vojt\u011bch Krasnick\u00fd.<\/p>\n<p>St\u00edh\u00e1n\u00ed dlouholet\u00e9ho starosty<\/p>\n<p class=\"e_bX\">T\u0159i des\u00edtky let d\u011blal starostu st\u0159edo\u010desk\u00fdch Zlatn\u00edk\u016f-Hodkovic a\u00a0d\u011bn\u00ed v\u00a0obci m\u011bl tak \u0159\u00edkaj\u00edc pod palcem. Te\u010f za\u010dali policist\u00e9 Ji\u0159\u00edho Rezka st\u00edhat za\u00a0zneu\u017eit\u00ed pravomoci a\u00a0v\u00edce ne\u017e dvoumilionovou \u0161kodu: Nechal podle nich vybudovat silnici do pr\u016fmyslov\u00e9 z\u00f3ny na\u010derno a\u00a0p\u0159es ciz\u00ed pozemek. Starosta v\u00a0minulosti nav\u00edc objedn\u00e1val pro obec mnohamilionov\u00e9 slu\u017eby, podle pozd\u011bj\u0161\u00edch kontrol bez smluv a\u00a0sout\u011b\u017e\u00ed. V\u00edce v\u00a0\u010dl\u00e1nku investigativn\u00edho report\u00e9ra Vojt\u011bcha Bla\u017eka, kter\u00fd p\u0159\u00edpad dlouhodob\u011b sleduje:<\/p>\n<p><a data-dot=\"mol-article-card-media\" aria-hidden=\"true\" tabindex=\"-1\" href=\"https:\/\/www.seznamzpravy.cz\/clanek\/domaci-kauzy-problemovy-starosta-postavil-silnici-nacerno-a-na-cizim-stiha-ho-policie-306536\" class=\"e_n f_l1\" rel=\"nofollow noopener\" target=\"_blank\"><img fetchpriority=\"high\" height=\"987\"   width=\"1755\" src=\"https:\/\/www.europesays.com\/cz\/wp-content\/uploads\/2026\/05\/1779812170_864_jiri-rezek.png\" loading=\"eager\" decoding=\"sync\" class=\"e_aa e_Z\"\/><\/a>Arm\u00e1d\u011b chyb\u00ed z\u00e1soby krve <\/p>\n<p class=\"e_bX\">\u010cesk\u00e1 arm\u00e1da se pot\u00fdk\u00e1 s\u00a0probl\u00e9mem, kter\u00fd ji v\u00a0p\u0159\u00edpadn\u00e9m ostr\u00e9m nasazen\u00ed m\u016f\u017ee citeln\u011b oslabit: Nem\u00e1 dostatek vlastn\u00edch z\u00e1sob krve. Jak ve sv\u00e9m \u010dl\u00e1nku p\u00ed\u0161e Kate\u0159ina Gruntov\u00e1, arm\u00e1da m\u00e1 v\u00a0sou\u010dasnosti k\u00a0dispozici jen zlomek pot\u0159ebn\u00fdch z\u00e1sob. St\u00e1tn\u00ed rezervy nem\u016f\u017ee vyu\u017e\u00edt, podle z\u00e1kona to jde a\u017e v\u00a0nejvy\u0161\u0161\u00edch krizov\u00fdch stavech. Arm\u00e1da to chce zm\u011bnit a\u00a0sna\u017e\u00ed se zatla\u010dit na ministerstvo zdravotnictv\u00ed, aby \u010derp\u00e1n\u00ed st\u00e1tn\u00edch rezerv umo\u017enilo.<\/p>\n<p><a data-dot=\"mol-article-card-media\" aria-hidden=\"true\" tabindex=\"-1\" href=\"https:\/\/www.seznamzpravy.cz\/clanek\/domaci-zivot-v-cesku-armada-nema-dost-krve-pro-vojaky-uz-ted-chce-zasoby-pro-konflikt-s-putinem-307003\" class=\"e_n f_l1\" rel=\"nofollow noopener\" target=\"_blank\"><img height=\"576\"   width=\"1024\" src=\"https:\/\/www.europesays.com\/cz\/wp-content\/uploads\/2026\/05\/1779812170_15_armada-cr.jpeg\" loading=\"eager\" decoding=\"sync\" class=\"e_aa e_Z\"\/><\/a>Nervozita kremelsk\u00fdch elit roste<\/p>\n<p class=\"e_bX\">V\u00e1lka na Ukrajin\u011b se t\u00e1hne p\u00e1t\u00fdm rokem a\u00a0Rusko nedosahuje na front\u011b \u017e\u00e1dn\u00fdch nov\u00fdch v\u00fdznamn\u00fdch v\u00edt\u011bzstv\u00ed. Rusk\u00e1 spole\u010dnost je v\u016f\u010di re\u017eimu apatick\u00e1, p\u0159esto kv\u016fli propadaj\u00edc\u00ed se ekonomice nar\u016fst\u00e1 nespokojenost. Vladimir Putin se podle z\u00e1padn\u00edch expert\u016f boj\u00ed o\u00a0svou bezpe\u010dnost a\u00a0v \u0159ad\u00e1ch kremelsk\u00e9 elity doch\u00e1z\u00ed k\u00a0rozpor\u016fm. P\u0159esto, jak p\u00ed\u0161e Anna Hrdinov\u00e1, sou\u010dasn\u00fd stav kremelsk\u00fdm kruh\u016fm \u010d\u00e1ste\u010dn\u011b vyhovuje: Na Putina maj\u00ed nav\u00e1zanou svoji moc.<\/p>\n<p><a data-dot=\"mol-article-card-media\" aria-hidden=\"true\" tabindex=\"-1\" href=\"https:\/\/www.seznamzpravy.cz\/clanek\/zahranicni-putin-zije-ve-strachu-kremelske-elity-jsou-nespokojene-a-nervozni-306820\" class=\"e_n f_l1\" rel=\"nofollow noopener\" target=\"_blank\"><img height=\"995\"   width=\"1769\" src=\"https:\/\/www.europesays.com\/cz\/wp-content\/uploads\/2026\/05\/1779812172_675_vladimir-putin-putin.jpeg\" loading=\"eager\" decoding=\"sync\" class=\"e_aa e_Z\"\/><\/a>Zka\u017een\u00e9 maso a\u00a0zav\u0159en\u00e9 pobo\u010dky<\/p>\n<p class=\"e_bX\">\u0158et\u011bzec rychl\u00e9ho ob\u010derstven\u00ed KFC se od lo\u0148ska sna\u017e\u00ed z\u00edskat zp\u011bt d\u016fv\u011bru z\u00e1kazn\u00edk\u016f po skand\u00e1lu s\u00a0p\u0159episov\u00e1n\u00edm minim\u00e1ln\u00ed trvanlivosti a\u00a0pou\u017e\u00edv\u00e1n\u00edm zka\u017een\u00e9ho \u010di zap\u00e1chaj\u00edc\u00edho ku\u0159ec\u00edho masa. Dnes proto na n\u011bkolik hodin zav\u0159el v\u0161echny sv\u00e9 pobo\u010dky v\u00a0\u010cesku kv\u016fli p\u0159echodu na nov\u00e9 digit\u00e1ln\u00ed syst\u00e9my. \u0160\u00e9fka \u010desk\u00e9ho KFC Ivana Makalov\u00e1 Dlouh\u00e1 v\u00a0rozhovoru se Zuzanou Hodkovou p\u0159iznala, \u017ee n\u00e1vrat z\u00e1kazn\u00edk\u016f bude trvat a\u00a0\u017ee p\u0159edchoz\u00ed komunikace firmy d\u016fv\u011b\u0159e lid\u00ed nepomohla.<\/p>\n<p><a data-dot=\"mol-article-card-media\" aria-hidden=\"true\" tabindex=\"-1\" href=\"https:\/\/www.seznamzpravy.cz\/clanek\/ekonomika-byznys-rozhovory-kfc-dnes-na-dve-hodiny-zavre-kvuli-potizim-s-kvalitou-masa-meni-system-306947\" class=\"e_n f_l1\" rel=\"nofollow noopener\" target=\"_blank\"><img height=\"1125\"   width=\"2000\" src=\"https:\/\/www.europesays.com\/cz\/wp-content\/uploads\/2026\/05\/eLCBJ.jpeg\" loading=\"eager\" decoding=\"sync\" class=\"e_aa e_Z\"\/><\/a>Jak prob\u00edhal soud s\u00a0Ferim<\/p>\n<p class=\"e_bX\">Exposlance TOP 09\u00a0Dominika Feriho teplick\u00fd soud podm\u00edne\u010dn\u011b propustil na svobodu. Ve v\u011bzen\u00ed si odpyk\u00e1val t\u0159\u00edlet\u00fd trest za dv\u011b zn\u00e1siln\u011bn\u00ed a\u00a0jeden pokus o\u00a0n\u011bj. Z\u00e1stupce po\u0161kozen\u00fdch \u017een byl proti, podle n\u011bj maj\u00ed st\u00e1le strach a\u00a0obavy. Co p\u0159esn\u011b Feri provedl a\u00a0jak se choval u\u00a0p\u0159edchoz\u00edch soudn\u00edch st\u00e1n\u00ed, si p\u0159e\u010dt\u011bte v\u00a0\u010dl\u00e1nku Vojt\u011bcha Bla\u017eka.<\/p>\n<p><a data-dot=\"mol-article-card-media\" aria-hidden=\"true\" tabindex=\"-1\" href=\"https:\/\/www.seznamzpravy.cz\/clanek\/domaci-kauzy-lzou-soudu-primo-do-oci-rikal-feri-o-obetech-ted-jde-na-svobodu-307070\" class=\"e_n f_l1\" rel=\"nofollow noopener\" target=\"_blank\"><img height=\"2304\"   width=\"4096\" src=\"https:\/\/www.europesays.com\/cz\/wp-content\/uploads\/2026\/05\/1779812173_305_ed53.jpeg\" loading=\"eager\" decoding=\"sync\" class=\"e_aa e_Z\"\/><\/a><\/p>\n<p class=\"e_bX\">A co dal\u0161\u00edho jsme pro v\u00e1s p\u0159ipravili? T\u0159eba \u010dl\u00e1nek o\u00a0tom, jak Rusko vid\u00ed mistrovstv\u00ed sv\u011bta v\u00a0hokeji, na kter\u00e9m op\u011bt nehraje.<\/p>\n<p><a data-dot=\"mol-article-card-media\" aria-hidden=\"true\" tabindex=\"-1\" href=\"https:\/\/www.seznamzpravy.cz\/clanek\/sport-urazene-a-nechtene-hokejove-rusko-se-jezi-ale-pokoutne-sleduje-ms-306928\" class=\"e_n f_l1\" rel=\"nofollow noopener\" target=\"_blank\"><img height=\"1012\"   width=\"1800\" src=\"https:\/\/www.europesays.com\/cz\/wp-content\/uploads\/2026\/05\/1779812173_559_hokej-oveckin.jpeg\" loading=\"eager\" decoding=\"sync\" class=\"e_aa e_Z\"\/><\/a><\/p>\n<p class=\"e_bX\">Sledujte Seznam Zpr\u00e1vy a\u00a0budete m\u00edt p\u0159ehled.<\/p>\n<p>P\u011btka SZ<\/p>\n<p class=\"e_bX\">P\u011btka Seznam Zpr\u00e1v: P\u0159ehled p\u011bti nejd\u016fle\u017eit\u011bj\u0161\u00edch ud\u00e1lost\u00ed a\u00a0p\u016fvodn\u00edch zji\u0161t\u011bn\u00ed. V\u00a0p\u011bt hodin odpoledne. P\u011bt dn\u00ed v\u00a0t\u00fddnu.<\/p>\n<p class=\"e_bX\">Od pond\u011bl\u00ed do \u010dtvrtka pro v\u00e1s <a data-dot=\"atm-link\" target=\"_blank\" href=\"https:\/\/www.seznamzpravy.cz\/tag\/petka-newsletter-125004\" class=\"e_n\" rel=\"nofollow noopener\">P\u011btku SZ<\/a> tvo\u0159\u00ed \u0161\u00e9fedito\u0159i a\u00a0v p\u00e1tek pak autorsk\u00e9 osobnosti Seznam Zpr\u00e1v v\u00a0podob\u011b newsletteru, kter\u00fd m\u016f\u017eete <a data-dot=\"atm-link\" target=\"_blank\" href=\"https:\/\/www.seznamzpravy.cz\/clanek\/newslettery-seznam-zprav-142756\" class=\"e_n\" rel=\"nofollow noopener\">odeb\u00edrat e-mailem<\/a>.<\/p>\n","protected":false},"excerpt":{"rendered":"Dobr\u00e9 odpoledne, je 26.\u00a0kv\u011btna a\u00a0tady je va\u0161e P\u011btka Seznam Zpr\u00e1v. P\u011bt hlavn\u00edch ud\u00e1lost\u00ed dne a\u00a0p\u016fvodn\u00edch zji\u0161t\u011bn\u00ed, kter\u00e9 by&hellip;\n","protected":false},"author":2,"featured_media":97966,"comment_status":"","ping_status":"","sticky":false,"template":"","format":"standard","meta":{"footnotes":"","_share_on_mastodon":"0"},"categories":[7],"tags":[922,43,42,41,40,11999,29381,18757,861,56,29242],"class_list":["post-97965","post","type-post","status-publish","format-standard","has-post-thumbnail","category-cesko","tag-armada-cr","tag-ceska-republika","tag-cesko","tag-czech-republic","tag-czechia","tag-dominik-feri","tag-kfc","tag-mistrovstvi-sveta-v-hokeji","tag-petka-sz","tag-valka-rusko-ukrajina","tag-zlatniky-hodkovice"],"share_on_mastodon":{"url":"https:\/\/pubeurope.com\/@cz\/116641778094275613","error":""},"_links":{"self":[{"href":"https:\/\/www.europesays.com\/cz\/wp-json\/wp\/v2\/posts\/97965","targetHints":{"allow":["GET"]}}],"collection":[{"href":"https:\/\/www.europesays.com\/cz\/wp-json\/wp\/v2\/posts"}],"about":[{"href":"https:\/\/www.europesays.com\/cz\/wp-json\/wp\/v2\/types\/post"}],"author":[{"embeddable":true,"href":"https:\/\/www.europesays.com\/cz\/wp-json\/wp\/v2\/users\/2"}],"replies":[{"embeddable":true,"href":"https:\/\/www.europesays.com\/cz\/wp-json\/wp\/v2\/comments?post=97965"}],"version-history":[{"count":0,"href":"https:\/\/www.europesays.com\/cz\/wp-json\/wp\/v2\/posts\/97965\/revisions"}],"wp:featuredmedia":[{"embeddable":true,"href":"https:\/\/www.europesays.com\/cz\/wp-json\/wp\/v2\/media\/97966"}],"wp:attachment":[{"href":"https:\/\/www.europesays.com\/cz\/wp-json\/wp\/v2\/media?parent=97965"}],"wp:term":[{"taxonomy":"category","embeddable":true,"href":"https:\/\/www.europesays.com\/cz\/wp-json\/wp\/v2\/categories?post=97965"},{"taxonomy":"post_tag","embeddable":true,"href":"https:\/\/www.europesays.com\/cz\/wp-json\/wp\/v2\/tags?post=97965"}],"curies":[{"name":"wp","href":"https:\/\/api.w.org\/{rel}","templated":true}]}}