{"id":98197,"date":"2026-05-26T20:51:12","date_gmt":"2026-05-26T20:51:12","guid":{"rendered":"https:\/\/www.europesays.com\/cz\/98197\/"},"modified":"2026-05-26T20:51:12","modified_gmt":"2026-05-26T20:51:12","slug":"dluhopisy-republiky-jsou-hit-spocitali-jsme-kdy-se-vyplati-koupit-a-kdy-uz-nebudou-hospodarske-noviny","status":"publish","type":"post","link":"https:\/\/www.europesays.com\/cz\/98197\/","title":{"rendered":"Dluhopisy republiky jsou hit. Spo\u010d\u00edtali jsme, kdy se vyplat\u00ed koupit a kdy u\u017e nebudou &#8211; Hospod\u00e1\u0159sk\u00e9 noviny"},"content":{"rendered":"<p><a href=\"https:\/\/news.google.com\/rss\/articles\/CBMitgFBVV95cUxOTWprbUNSSW1aa3hEdFRyNFJWak9BeUk5NmU2VldaazZYSllTQzQyc29iOElQdjg1WDdZOERaTVMyaFl2NFZCYmowOFdyb2Zsak5ZLWoxdHJ1X2tiRkxTRFB5V2cycjEzdHNfcGFEQmxVUzVpWFFjdGw0TTNfZ3ZfeV9PN1pWVi1rM1pSWlFvWWNXaHMwVVRXTjNyNGhjd0Z0dFg3LVFoMkpDQ3lXaVNTWjhFZWJKQQ?oc=5\" target=\"_blank\" rel=\"nofollow noopener\">Dluhopisy republiky jsou hit. Spo\u010d\u00edtali jsme, kdy se vyplat\u00ed koupit a kdy u\u017e nebudou<\/a>&nbsp;&nbsp;Hospod\u00e1\u0159sk\u00e9 noviny<a href=\"https:\/\/news.google.com\/rss\/articles\/CBMi0AFBVV95cUxOUEZkTmU1bnV0eS1RdmlQV0VTVWFYTHFhbVJReVlueG9GV1JXOEJ1SGFka0tMR2paUVRJNTdDX1pMU1BQbTJPY0l1VENUeDVxU2pncjB4X1p3bm5lSkpjNWg0aEpGMXN4QWQ0czFKbHYyc0ZuQndXMXFxb01xMnh3dE12X21FN24tc2lPa3FTT0pkU0JtcnRHNDl6MXNhMHRlYzRwN01RTHlBM2t5aFdHZUJid3J4alVTd21ITFdRRWNTUzVacndaaWZUVXpON2NL?oc=5\" target=\"_blank\" rel=\"nofollow noopener\">Po dluhopisech se zapr\u00e1\u0161ilo, st\u00e1t nab\u00edz\u00ed dal\u0161\u00ed. Vyplat\u00ed se je\u0161t\u011b nasko\u010dit?<\/a>&nbsp;&nbsp;Seznam Zpr\u00e1vy<a href=\"https:\/\/news.google.com\/rss\/articles\/CBMi3AFBVV95cUxPRGwyRjFEa0lHTVJkdVJYMndpcGFHSGVKX0JrSk1iT3VMVEpUQUhxT01xSklLTFdoMTFnMUNwWlJyTzNZUklNVUQyVktTODhEbm9BMklTMklGUGkwTFM2X0VhOEg4bld2QzdoVUZGWmlVUmtoOWJDdjA0bDhadTVFVWpuU013U2J3YjFoSzl0MHg3eWc3S21WdzJkT1dVUnd1U0wwSWFRRU9VUXBVODJ3SmlkN2dOdmdJY0VSRHI5NldldThGdGtVaW5LdWU4MG9rV3ViV0NycUdCOTVk?oc=5\" target=\"_blank\" rel=\"nofollow noopener\">Ob\u010dansk\u00e1 z\u00e1lo\u017ena pro vl\u00e1du: St\u00e1t chce z\u00edskat od lid\u00ed 20 miliard a l\u00e1k\u00e1 na v\u00fdhodn\u011bj\u0161\u00ed dluhopisy<\/a>&nbsp;&nbsp;Reflex.cz<a href=\"https:\/\/news.google.com\/rss\/articles\/CBMiyAFBVV95cUxPa3ZqX0dQYWdhUDZDMTFXUE1HT2ktUDQzMFB6SUIyVmdXa1F3d3RCZXZXVzJnQWlOYmgyTG10c1A1amZPYy15SjVSbU5yc1Q1TV9UaU00NWIzUXAyTGloQzI3XzBVVjNlSkFYbmdBb3lqWHdULUdlLTM1MDk1dno2TDR3cGM1N1g4SVNqTVFBTHpEeTlPVWdMbHg1MEptbHdrX2h5QnhpZTBXZVptc3lPRnFKUTFhaUI4bWpod280MW5JTENHY1Bieg?oc=5\" target=\"_blank\" rel=\"nofollow noopener\">Lid\u00e9 zat\u00edm objednali \u010desk\u00e9 dluhopisy za 44,3 miliardy. Dvojn\u00e1sobek pl\u00e1novan\u00e9 emise<\/a>&nbsp;&nbsp;Novinky<a href=\"https:\/\/news.google.com\/rss\/articles\/CBMiiwFBVV95cUxQaktReDZMSi1FZDBVdzI1RFUwM21CdWNUMUZTcUlhY05DcUwzT1o4akZhTXFNTGw4N2s0SFNTbmJCS0pUYUVyTTR3R0dWbWt2RHZ5YVkwUkxvREc5emxLNzM1bEZObGtjcFh2ZXNTWTNsYWpsRzNyY1NBTUZjYVRlN2VvM0VUbUt1UW1B?oc=5\" target=\"_blank\" rel=\"nofollow noopener\">Dluhopisy Republiky. Dobr\u00e1 nab\u00eddka, \u0161patn\u00e9 rozhodnut\u00ed?<\/a>&nbsp;&nbsp;Zpr\u00e1vy Kurzy.cz<\/p>\n","protected":false},"excerpt":{"rendered":"Dluhopisy republiky jsou hit. Spo\u010d\u00edtali jsme, kdy se vyplat\u00ed koupit a kdy u\u017e nebudou&nbsp;&nbsp;Hospod\u00e1\u0159sk\u00e9 novinyPo dluhopisech se zapr\u00e1\u0161ilo,&hellip;\n","protected":false},"author":2,"featured_media":98198,"comment_status":"","ping_status":"","sticky":false,"template":"","format":"standard","meta":{"footnotes":"","_share_on_mastodon":"0"},"categories":[10],"tags":[3311,3903,17,21,69,16,29411,16047,18,19,22,20],"class_list":["post-98197","post","type-post","status-publish","format-standard","has-post-thumbnail","category-zpravy","tag-dluh","tag-dluhopisy","tag-headlines","tag-hlavni-udalosti","tag-investice","tag-news","tag-republika","tag-stat","tag-top-news","tag-top-stories","tag-udalosti-dne","tag-zpravy"],"share_on_mastodon":{"url":"https:\/\/pubeurope.com\/@cz\/116642859218374457","error":""},"_links":{"self":[{"href":"https:\/\/www.europesays.com\/cz\/wp-json\/wp\/v2\/posts\/98197","targetHints":{"allow":["GET"]}}],"collection":[{"href":"https:\/\/www.europesays.com\/cz\/wp-json\/wp\/v2\/posts"}],"about":[{"href":"https:\/\/www.europesays.com\/cz\/wp-json\/wp\/v2\/types\/post"}],"author":[{"embeddable":true,"href":"https:\/\/www.europesays.com\/cz\/wp-json\/wp\/v2\/users\/2"}],"replies":[{"embeddable":true,"href":"https:\/\/www.europesays.com\/cz\/wp-json\/wp\/v2\/comments?post=98197"}],"version-history":[{"count":0,"href":"https:\/\/www.europesays.com\/cz\/wp-json\/wp\/v2\/posts\/98197\/revisions"}],"wp:featuredmedia":[{"embeddable":true,"href":"https:\/\/www.europesays.com\/cz\/wp-json\/wp\/v2\/media\/98198"}],"wp:attachment":[{"href":"https:\/\/www.europesays.com\/cz\/wp-json\/wp\/v2\/media?parent=98197"}],"wp:term":[{"taxonomy":"category","embeddable":true,"href":"https:\/\/www.europesays.com\/cz\/wp-json\/wp\/v2\/categories?post=98197"},{"taxonomy":"post_tag","embeddable":true,"href":"https:\/\/www.europesays.com\/cz\/wp-json\/wp\/v2\/tags?post=98197"}],"curies":[{"name":"wp","href":"https:\/\/api.w.org\/{rel}","templated":true}]}}