{"id":98317,"date":"2026-05-27T04:13:22","date_gmt":"2026-05-27T04:13:22","guid":{"rendered":"https:\/\/www.europesays.com\/cz\/98317\/"},"modified":"2026-05-27T04:13:22","modified_gmt":"2026-05-27T04:13:22","slug":"skoda-chysta-prekvapeni-fabii-ceka-velka-modernizace-a-zrejme-i-hybridni-pohon","status":"publish","type":"post","link":"https:\/\/www.europesays.com\/cz\/98317\/","title":{"rendered":"\u0160koda chyst\u00e1 p\u0159ekvapen\u00ed. Fabii \u010dek\u00e1 velk\u00e1 modernizace a\u00a0z\u0159ejm\u011b i\u00a0hybridn\u00ed pohon"},"content":{"rendered":"<p class=\"c_bz\">\u010ctvrt\u00e1 generace modelu \u0160koda Fabia se za\u010dala vyr\u00e1b\u011bt v\u00a0roce 2021, p\u0159i\u010dem\u017e podle p\u016fvodn\u00edch o\u010dek\u00e1v\u00e1n\u00ed m\u011bla b\u00fdt jej\u00ed v\u00fdroba ukon\u010dena s\u00a0n\u00e1stupem emisn\u00ed normy Euro 7, tedy zhruba do roku 2027.\u00a0V\u00a0lo\u0148sk\u00e9m roce v\u0161ak automobilka ozn\u00e1mila, \u017ee aktu\u00e1ln\u011b nejmen\u0161\u00ed hatchback v\u00a0nab\u00eddce z\u016fstane na trhu i\u00a0v nov\u00e9m desetilet\u00ed, kter\u00e9 m\u011blo p\u016fvodn\u011b pat\u0159it jen elektromobil\u016fm.<\/p>\n<p class=\"c_bz\">Druh\u00fd nej\u00fasp\u011b\u0161n\u011bj\u0161\u00ed model mladoboleslavsk\u00e9 zna\u010dky tak \u010dek\u00e1 p\u0159ekvapiv\u011b velk\u00e1 modernizace, kter\u00e1 by m\u011bla v\u016fz uzp\u016fsobit modern\u00edm trend\u016fm, pot\u0159eb\u00e1m z\u00e1kazn\u00edk\u016f i\u00a0emisn\u00edm po\u017eadavk\u016fm. \u201eNem\u016f\u017eete jen tak prodlou\u017eit \u017eivotnost a\u00a0myslet si, \u017ee si nikdo nev\u0161imne, jak je to star\u00e9,\u201c uvedl gener\u00e1ln\u00ed \u0159editel zna\u010dky Klaus Zellmer pro britsk\u00fd <a data-dot=\"atm-link\" target=\"_blank\" rel=\"noopener nofollow\" href=\"https:\/\/www.autoexpress.co.uk\/skoda\/fabia\/369649\/new-skoda-fabia-facelift-transform-sensible-supermini-more-style-and-hybrid-tech\" class=\"c_N\">Auto Express<\/a>.<\/p>\n<p class=\"c_bz\">Modernizace se tak nejsp\u00ed\u0161 dotkne \u0159ady aspekt\u016f, v\u010detn\u011b designu. Modernizovan\u00e1 Fabia m\u016f\u017ee p\u0159evz\u00edt prvky nov\u00e9ho designov\u00e9ho stylu Modern Solid. To by mohlo b\u00fdt patrn\u00e9 jak na tvarech n\u00e1razn\u00edk\u016f \u010di blatn\u00edk\u016f, tak na sv\u011btlech. Symbol ok\u0159\u00eddlen\u00e9ho \u0161\u00edpu na kapot\u011b pak m\u016f\u017ee nahradit n\u00e1pis \u0160koda.<\/p>\n<p><a data-dot=\"atm-link\" target=\"_self\" href=\"https:\/\/www.novinky.cz\/clanek\/auto-skoda-octavia-dostane-dva-hybridni-pohony-jeden-zcela-novy-40579090\" class=\"c_N\" rel=\"nofollow noopener\"><img fetchpriority=\"high\" height=\"2304\" width=\"4096\" src=\"https:\/\/www.europesays.com\/cz\/wp-content\/uploads\/2026\/05\/1779855199_930_skoda-octavia-skoda-octavia.jpeg\" loading=\"eager\" decoding=\"sync\" class=\"c_t c_r\"\/><\/a><\/p>\n<p class=\"c_bz\">Roz\u0161\u00ed\u0159en\u00ed se do\u010dk\u00e1 nab\u00eddka palubn\u00edch asisten\u010dn\u00edch syst\u00e9m\u016f, z\u0159ejm\u011b nejv\u011bt\u0161\u00ed zm\u011bnou v\u0161ak bude elektrifikace pohonn\u00e9ho \u00fastroj\u00ed. Jako nejpravd\u011bpodobn\u011bj\u0161\u00ed se p\u0159itom zd\u00e1 instalace mild-hybridn\u00ed motorizace, kter\u00e1 sice neumo\u017en\u00ed \u010dist\u011b elektrickou j\u00edzdu, pom\u00e1h\u00e1 v\u0161ak spalovac\u00edmu motoru, \u010d\u00edm\u017e sni\u017euje spot\u0159ebu i\u00a0emise a\u00a0zlep\u0161uje odezvu.<\/p>\n<p class=\"c_bz\">Podobn\u00e9 zm\u011bny jako u\u00a0Fabie lze p\u0159itom o\u010dek\u00e1vat tak\u00e9 u\u00a0dal\u0161\u00edch model\u016f na platform\u011b MQB-A0, za kterou nyn\u00ed nese mladoboleslavsk\u00e1 automobilka odpov\u011bdnost. Tato platforma je p\u0159itom z\u00e1kladem tak\u00e9 u\u00a0model\u016f Kamiq, Scala \u010di Volkswagen Polo, Seat Ibiza a\u00a0Seat Arona.<\/p>\n<p><img height=\"1280\"   width=\"1920\" src=\"https:\/\/www.europesays.com\/cz\/wp-content\/uploads\/2026\/05\/1779855199_890_skoda-fabia-130.jpeg\" loading=\"eager\" decoding=\"sync\" class=\"c_t c_r\"\/>Foto: \u0160koda Auto<\/p>\n<p class=\"c_bz\">\u0160koda Fabia 130, aktu\u00e1ln\u011b nejv\u00fdkonn\u011bj\u0161\u00ed proveden\u00ed mal\u00e9ho hatchbacku<\/p>\n<p class=\"c_bz\">Johannes Neft, \u0161\u00e9f technick\u00e9ho v\u00fdvoje zna\u010dky \u0160koda, pro Auto Express potvrdil odhalen\u00ed tohoto mild-hybridn\u00edho syst\u00e9mu na konec p\u0159\u00ed\u0161t\u00edho roku. Tak\u00e9 zna\u010dka Seat ji\u017e v\u00a0lo\u0148sk\u00e9m roce p\u0159isl\u00edbila mild-hybridn\u00ed techniku pro modely Ibiza a\u00a0Arona na rok 2027.<\/p>\n<p class=\"c_bz\">Na ot\u00e1zku, kolik let na trhu \u0160koda Fabia modernizac\u00ed z\u00edsk\u00e1, nepadla konkr\u00e9tn\u00ed odpov\u011b\u010f. \u0160koda v\u0161ak pl\u00e1nuje modernizovat vozy na platform\u011b MQB-A0\u00a0tak dlouho, dokud to bude mo\u017en\u00e9. Budoucnost tak bude z\u00e1viset p\u0159edev\u0161\u00edm na legislativ\u011b, zejm\u00e9na pak na limitech CO2\u00a0po roce 2035, kter\u00e9 bude stanovovat EU.<\/p>\n<p class=\"c_bz\">P\u0159edstaven\u00ed modernizovan\u00e9 \u0160kody Fabia s\u00a0mild-hybridn\u00ed motorizac\u00ed se p\u0159edb\u011b\u017en\u011b o\u010dek\u00e1v\u00e1 b\u011bhem p\u0159\u00ed\u0161t\u00edho roku. Ve stejn\u00e9 dob\u011b pravd\u011bpodobn\u011b prob\u011bhne tak\u00e9 premi\u00e9ra modernizovan\u00fdch voz\u016f Kamiq a\u00a0Scala.<\/p>\n<p><a data-dot=\"atm-link\" target=\"_self\" href=\"https:\/\/www.novinky.cz\/clanek\/auto-skoda-predstavila-svuj-nejdostupnejsi-elektromobil-epiq-40578534\" class=\"c_N\" rel=\"nofollow noopener\"><img height=\"2304\" width=\"4096\" src=\"https:\/\/www.europesays.com\/cz\/wp-content\/uploads\/2026\/05\/1779520515_815_skoda-epiq-elektromobil.jpeg\" loading=\"eager\" decoding=\"sync\" class=\"c_t c_r\"\/><\/a><a data-dot=\"atm-link\" target=\"_self\" href=\"https:\/\/www.garaz.cz\/clanek\/zajimavosti-predchudce-skody-yeti-i-fabie-combi-jako-zaklad-poslouzila-skoda-105-vysledek-vlastne-stoji-za-to-21016188\" class=\"c_N\" rel=\"nofollow noopener\"><img height=\"864\" width=\"1536\" src=\"https:\/\/www.europesays.com\/cz\/wp-content\/uploads\/2026\/05\/skoda-105-ai.jpeg\" loading=\"eager\" decoding=\"sync\" class=\"c_t c_r\"\/><\/a><\/p>\n","protected":false},"excerpt":{"rendered":"\u010ctvrt\u00e1 generace modelu \u0160koda Fabia se za\u010dala vyr\u00e1b\u011bt v\u00a0roce 2021, p\u0159i\u010dem\u017e podle p\u016fvodn\u00edch o\u010dek\u00e1v\u00e1n\u00ed m\u011bla b\u00fdt jej\u00ed v\u00fdroba&hellip;\n","protected":false},"author":2,"featured_media":98318,"comment_status":"","ping_status":"","sticky":false,"template":"","format":"standard","meta":{"footnotes":"","_share_on_mastodon":"0"},"categories":[12],"tags":[67,68,5538,10280,5455,317,3829],"class_list":["post-98317","post","type-post","status-publish","format-standard","has-post-thumbnail","category-byznys","tag-business","tag-byznys","tag-elektrifikace","tag-mild-hybrid-mhev","tag-modernizace","tag-skoda-auto","tag-skoda-fabia"],"share_on_mastodon":{"url":"https:\/\/pubeurope.com\/@cz\/116644597667466894","error":""},"_links":{"self":[{"href":"https:\/\/www.europesays.com\/cz\/wp-json\/wp\/v2\/posts\/98317","targetHints":{"allow":["GET"]}}],"collection":[{"href":"https:\/\/www.europesays.com\/cz\/wp-json\/wp\/v2\/posts"}],"about":[{"href":"https:\/\/www.europesays.com\/cz\/wp-json\/wp\/v2\/types\/post"}],"author":[{"embeddable":true,"href":"https:\/\/www.europesays.com\/cz\/wp-json\/wp\/v2\/users\/2"}],"replies":[{"embeddable":true,"href":"https:\/\/www.europesays.com\/cz\/wp-json\/wp\/v2\/comments?post=98317"}],"version-history":[{"count":0,"href":"https:\/\/www.europesays.com\/cz\/wp-json\/wp\/v2\/posts\/98317\/revisions"}],"wp:featuredmedia":[{"embeddable":true,"href":"https:\/\/www.europesays.com\/cz\/wp-json\/wp\/v2\/media\/98318"}],"wp:attachment":[{"href":"https:\/\/www.europesays.com\/cz\/wp-json\/wp\/v2\/media?parent=98317"}],"wp:term":[{"taxonomy":"category","embeddable":true,"href":"https:\/\/www.europesays.com\/cz\/wp-json\/wp\/v2\/categories?post=98317"},{"taxonomy":"post_tag","embeddable":true,"href":"https:\/\/www.europesays.com\/cz\/wp-json\/wp\/v2\/tags?post=98317"}],"curies":[{"name":"wp","href":"https:\/\/api.w.org\/{rel}","templated":true}]}}