{"id":99609,"date":"2026-05-28T08:40:12","date_gmt":"2026-05-28T08:40:12","guid":{"rendered":"https:\/\/www.europesays.com\/cz\/99609\/"},"modified":"2026-05-28T08:40:12","modified_gmt":"2026-05-28T08:40:12","slug":"eva-pavlova-velka-vlasova-promena-prvni-damy","status":"publish","type":"post","link":"https:\/\/www.europesays.com\/cz\/99609\/","title":{"rendered":"Eva Pavlov\u00e1: Velk\u00e1 vlasov\u00e1 prom\u011bna prvn\u00ed d\u00e1my"},"content":{"rendered":"<p class=\"b_br\">Na st\u00e1tn\u00ed n\u00e1v\u0161t\u011bvu Estonska Eva Pavlov\u00e1 doprov\u00e1z\u00ed sv\u00e9ho mu\u017ee, prezidenta Petra Pavla, kter\u00fd tu m\u00e1 s\u00a0estonsk\u00fdm prezidentem Alarem Karisem a\u00a0premi\u00e9rem Kristenem Michalem prob\u00edrat bezpe\u010dnostn\u00ed situaci v\u00a0Evrop\u011b. Hned na prvn\u00edm setk\u00e1n\u00ed obou prezidentsk\u00fdch p\u00e1r\u016f <a data-dot=\"atm-link\" target=\"_blank\" href=\"https:\/\/www.prozeny.cz\/tag\/eva-pavlova-78784\" class=\"b_g\" rel=\"nofollow noopener\">Eva Pavlov\u00e1<\/a> p\u0159ekvapila nov\u00fdm \u00fa\u010desem.<\/p>\n<p class=\"b_br\">Sv\u00e9 blond vlasy m\u011bla \u010derstv\u011b zesv\u011btlen\u00e9 do platinova a\u00a0t\u00f3novan\u00e9 a\u017e do lehce fialov\u00e9 barvy. Tou se ne\u010dekan\u011b sladila s\u00a0levandulov\u00fdm kost\u00fdmem, kter\u00fd obl\u00e9kla man\u017eelka estonsk\u00e9ho prezidenta Sirje.<\/p>\n<p class=\"b_br\">Eva Pavlov\u00e1 naopak p\u0159i\u0161la ve v\u00fdrazn\u011b <a data-dot=\"atm-link\" target=\"_blank\" href=\"https:\/\/www.prozeny.cz\/clanek\/zdravi-a-zivotni-styl-zaujalo-nas-co-maji-spolecneho-pavlova-hanychova-a-vignerova-vsazi-na-tento-modni-hit-mate-ho-uz-taky-102966\" class=\"b_g\" rel=\"nofollow noopener\">\u010derven\u00e9m blejzru<\/a> s\u00a0ozdobn\u00fdm v\u00e1z\u00e1n\u00edm, pod kter\u00fd obl\u00e9kla tlumen\u011b b\u00edl\u00fd top a\u00a0spl\u00fdvav\u00e9 \u0161irok\u00e9 kalhoty. \u010cerven\u00e1 m\u016f\u017ee b\u00fdt vn\u00edm\u00e1na jako barva moci a\u00a0ne ka\u017ed\u00fd ji unese, ale pr\u00e1v\u011b off-white z\u00e1klad, p\u0159es n\u011bj\u017e prvn\u00ed d\u00e1ma blejzr obl\u00e9kla, jej\u00ed v\u00fdraznost ide\u00e1ln\u011b zjemnil.<\/p>\n<p><img fetchpriority=\"high\" height=\"3123\"   width=\"2953\" src=\"https:\/\/www.europesays.com\/cz\/wp-content\/uploads\/2026\/05\/1779957612_490_eva-pavlova.jpeg\" loading=\"eager\" decoding=\"sync\" class=\"b_u b_s\"\/>Foto: \u010cTK, \u010cTK<\/p>\n<p class=\"b_br\">\u010cesk\u00fd a\u00a0estonsk\u00fd prezidensk\u00fd p\u00e1r na prvn\u00edm spole\u010dn\u00e9m setk\u00e1n\u00edFoto: \u010cTK, \u010cTK<\/p>\n<p class=\"b_br\">Zat\u00edmco hlavy st\u00e1tu prob\u00edraly bezpe\u010dnostn\u00ed a\u00a0politickou situaci na v\u00fdchod\u011b Evropy, ob\u011b prvn\u00ed d\u00e1my mapovaly <a data-dot=\"atm-link\" target=\"_blank\" rel=\"noopener nofollow\" href=\"https:\/\/cs.wikipedia.org\/wiki\/D%C4%9Bjiny_Estonska\" class=\"b_g\">estonskou historii<\/a>. Jak p\u0159\u00e1telsk\u00e9 setk\u00e1n\u00ed to bylo, nejl\u00e9pe dokl\u00e1d\u00e1 post estonsk\u00e9ho prezidenta na s\u00edti X, kter\u00fd ve sv\u00fdch instagramov\u00fdch stories sd\u00edlela i\u00a0Eva Pavlov\u00e1. Alan Karis v\u00a0n\u011bm zd\u016fraz\u0148uje, \u017ee \u010cesko a\u00a0Estonsko jsou v\u00edc ne\u017e partne\u0159i\u00a0\u2013 jsou p\u0159\u00e1tel\u00e9, kter\u00e9 spojuje l\u00e1ska ke svobod\u011b, knih\u00e1m, dobr\u00e9mu humoru a\u00a0studen\u00e9mu <a data-dot=\"atm-link\" target=\"_blank\" href=\"https:\/\/www.prozeny.cz\/clanek\/zdravi-a-zivotni-styl-desitka-za-par-kacek-a-hladinka-jako-umeni-byvalo-pivo-za-byvaleho-rezimu-opravdu-lepsi-102316\" class=\"b_g\" rel=\"nofollow noopener\">pivu<\/a>, stejn\u011b jako podobn\u00e1 historick\u00e1 zku\u0161enost, kdy je pot\u0159eba soudr\u017enost.<\/p>\n","protected":false},"excerpt":{"rendered":"Na st\u00e1tn\u00ed n\u00e1v\u0161t\u011bvu Estonska Eva Pavlov\u00e1 doprov\u00e1z\u00ed sv\u00e9ho mu\u017ee, prezidenta Petra Pavla, kter\u00fd tu m\u00e1 s\u00a0estonsk\u00fdm prezidentem Alarem&hellip;\n","protected":false},"author":2,"featured_media":99610,"comment_status":"","ping_status":"","sticky":false,"template":"","format":"standard","meta":{"footnotes":"","_share_on_mastodon":"0"},"categories":[7],"tags":[29739,29740,43,42,41,40,267,5573,580,7750,9858,1420],"class_list":["post-99609","post","type-post","status-publish","format-standard","has-post-thumbnail","category-cesko","tag-blond","tag-blondyny","tag-ceska-republika","tag-cesko","tag-czech-republic","tag-czechia","tag-estonsko","tag-eva-pavlova","tag-prezident","tag-prvni-dama","tag-vlasove-promeny-slavnych","tag-vlasy"],"share_on_mastodon":{"url":"https:\/\/pubeurope.com\/@cz\/116651309520779281","error":""},"_links":{"self":[{"href":"https:\/\/www.europesays.com\/cz\/wp-json\/wp\/v2\/posts\/99609","targetHints":{"allow":["GET"]}}],"collection":[{"href":"https:\/\/www.europesays.com\/cz\/wp-json\/wp\/v2\/posts"}],"about":[{"href":"https:\/\/www.europesays.com\/cz\/wp-json\/wp\/v2\/types\/post"}],"author":[{"embeddable":true,"href":"https:\/\/www.europesays.com\/cz\/wp-json\/wp\/v2\/users\/2"}],"replies":[{"embeddable":true,"href":"https:\/\/www.europesays.com\/cz\/wp-json\/wp\/v2\/comments?post=99609"}],"version-history":[{"count":0,"href":"https:\/\/www.europesays.com\/cz\/wp-json\/wp\/v2\/posts\/99609\/revisions"}],"wp:featuredmedia":[{"embeddable":true,"href":"https:\/\/www.europesays.com\/cz\/wp-json\/wp\/v2\/media\/99610"}],"wp:attachment":[{"href":"https:\/\/www.europesays.com\/cz\/wp-json\/wp\/v2\/media?parent=99609"}],"wp:term":[{"taxonomy":"category","embeddable":true,"href":"https:\/\/www.europesays.com\/cz\/wp-json\/wp\/v2\/categories?post=99609"},{"taxonomy":"post_tag","embeddable":true,"href":"https:\/\/www.europesays.com\/cz\/wp-json\/wp\/v2\/tags?post=99609"}],"curies":[{"name":"wp","href":"https:\/\/api.w.org\/{rel}","templated":true}]}}