{"id":99929,"date":"2026-05-28T12:56:16","date_gmt":"2026-05-28T12:56:16","guid":{"rendered":"https:\/\/www.europesays.com\/cz\/99929\/"},"modified":"2026-05-28T12:56:16","modified_gmt":"2026-05-28T12:56:16","slug":"kam-o-vikendu-tipy-na-kulturni-a-rodinne-akce-napric-republikou-15","status":"publish","type":"post","link":"https:\/\/www.europesays.com\/cz\/99929\/","title":{"rendered":"Kam o\u00a0v\u00edkendu: Tipy na kulturn\u00ed a\u00a0rodinn\u00e9 akce nap\u0159\u00ed\u010d republikou"},"content":{"rendered":"<p>Noc kostel\u016f<\/p>\n<p class=\"e_bX\">V p\u00e1tek ve\u010der se ji\u017e po osmn\u00e1ct\u00e9 uskute\u010dn\u00ed Noc kostel\u016f. Letos se jich zapoj\u00ed p\u0159es 1800\u00a0z\u00a0cel\u00e9 republiky a\u00a0nab\u00edz\u00ed netradi\u010dn\u00ed ve\u010dern\u00ed program a\u00a0prohl\u00eddky. Ve\u0159ejnost tak \u010dasto m\u016f\u017ee nav\u0161t\u00edvit i\u00a0b\u011b\u017en\u011b nep\u0159\u00edstupn\u00e9 prostory, jako jsou krypty, v\u011b\u017ee, kl\u00e1\u0161tern\u00ed rajsk\u00e9 dvory nebo k\u016fry. Novinkou pro leto\u0161n\u00ed ro\u010dn\u00edk bude takzvan\u00fd poutnick\u00fd pas v\u00a0mobiln\u00ed aplikaci, kam si ka\u017ed\u00fd n\u00e1v\u0161t\u011bvn\u00edk m\u016f\u017ee nav\u0161t\u00edven\u00e9 kostely ulo\u017eit. Seznam otev\u0159en\u00fdch pam\u00e1tek najdete na <a data-dot=\"atm-link\" target=\"_blank\" rel=\"noopener nofollow\" href=\"https:\/\/www.nockostelu.cz\/\" class=\"e_n\">webu<\/a> cel\u00e9 akce.<\/p>\n<p class=\"e_bX\">Letos m\u016f\u017eete poprv\u00e9 nav\u0161t\u00edvit nap\u0159\u00edklad kl\u00e1\u0161tern\u00ed kostel Zv\u011bstov\u00e1n\u00ed P\u00e1n\u011b v\u00a0Tepl\u00e9, kostel sv. Apolin\u00e1\u0159e na pra\u017esk\u00e9m Nov\u00e9m M\u011bst\u011b nebo katedr\u00e1lu sv. Barbory v\u00a0Kutn\u00e9 Ho\u0159e. V\u00a0okol\u00ed Plzn\u011b mohou mezi jednotliv\u00fdmi objekty n\u00e1v\u0161t\u011bvn\u00edci cestovat historick\u00fdm motor\u00e1\u010dkem zvan\u00fdm Hurv\u00ednek. Vstupn\u00e9 je v\u0161ude zdarma.<\/p>\n<p>Muzejn\u00ed noc<\/p>\n<p class=\"e_bX\">Pokud v\u00e1s nel\u00e1kaj\u00ed kostely, zdarma sv\u00e9 dve\u0159e o\u00a0v\u00edkendu otev\u00edraj\u00ed i\u00a0n\u011bkter\u00e1 muzea. I\u00a0zde \u010dek\u00e1 z\u00e1jemce speci\u00e1ln\u00ed program a\u00a0voln\u00fd vstup. M\u016f\u017eete zav\u00edtat nap\u0159\u00edklad do \u00dast\u00ed nad Labem, kde se v\u00a0Oblastn\u00edm muzeu v\u00a0p\u00e1tek ve\u010der otev\u0159e v\u00fdstava na t\u00e9ma Zjeven\u00ed svat\u00e9ho V\u00e1clava. N\u00e1sleduje st\u0159edov\u011bk\u00fd pr\u016fvod s\u00a0povozem a\u00a0j\u00edzdn\u00ed dru\u017einou od muzea ke kostelu, \u00fa\u010dastn\u00edci ve st\u0159edov\u011bk\u00e9m kost\u00fdmu z\u00edskaj\u00ed pam\u011btn\u00ed minci. <\/p>\n<p class=\"e_bX\">V\u00a0Prachatick\u00e9m muzeu bude noc v\u011bnov\u00e1na m\u00edstn\u00edm ostrost\u0159elc\u016fm a\u00a0sou\u010d\u00e1st\u00ed speci\u00e1ln\u00edho programu bude i\u00a0st\u0159elba na ter\u010d o\u00a0r\u016fzn\u00e9 ceny. Na Strakonick\u00e9m hrad\u011b bude noc ve znamen\u00ed loutkov\u00e9ho divadla a\u00a0n\u00e1v\u0161t\u011bvn\u00edci se mohou t\u011b\u0161it i\u00a0na koncerty, oh\u0148ovou show nebo r\u016fzn\u00e9 tvo\u0159iv\u00e9 d\u00edlny.<\/p>\n<p class=\"e_bX\">Muzejn\u00ed noc se ale tento v\u00edkend nekon\u00e1 v\u00a0Praze, Brn\u011b ani v\u00a0Ostrav\u011b. V\u00a0Brn\u011b prob\u011bhla u\u017e 17.\u00a0kv\u011btna, Ostravu \u010dek\u00e1 6.\u00a0\u010dervna a\u00a0Prahu 13.\u00a0\u010dervna.<\/p>\n<p><a data-dot=\"mol-article-card-media\" aria-hidden=\"true\" tabindex=\"-1\" href=\"https:\/\/www.seznamzpravy.cz\/clanek\/magazin-cestovani-mozartuv-klavir-simulace-dolu-na-letne-i-papirova-praha-poznejte-zajimava-muzea-277702\" class=\"e_n f_l1\" rel=\"nofollow noopener\" target=\"_blank\"><img fetchpriority=\"high\" height=\"1012\"   width=\"1800\" src=\"https:\/\/www.europesays.com\/cz\/wp-content\/uploads\/2026\/05\/langweiluv-model-prahy-praha-model.jpeg\" loading=\"eager\" decoding=\"sync\" class=\"e_aa e_Z\"\/><\/a>Hudba a\u00a0divadlo Mezi ploty a\u00a0Khamoro<\/p>\n<p class=\"e_bX\">V Praze prob\u011bhnou o\u00a0v\u00edkendu hned t\u0159i tradi\u010dn\u00ed akce. V\u00a0sobotu zakon\u010d\u00ed festival romsk\u00e9 hudby Khamoro sv\u016fj program v\u00a0SaSaZu: fin\u00e1lov\u00fd galakoncert nab\u00eddne vystoupen\u00ed v\u0161ech kapel, kter\u00e9 se v\u00a0p\u0159edchoz\u00edch dnech p\u0159edstavily. Na jednom p\u00f3diu usly\u0161\u00edte romskou hudbu z\u00a0r\u016fzn\u00fdch kout\u016f sv\u011bta\u00a0\u2013 od \u010dap\u00e1\u0161\u016f a\u00a0flamenca a\u017e po balk\u00e1nskou dechovku.<\/p>\n<p class=\"e_bX\">Po oba v\u00edkendov\u00e9 dny se tak\u00e9 kon\u00e1 dvoudenn\u00ed divadeln\u00ed a\u00a0hudebn\u00ed festival Mezi Ploty v\u00a0prostor\u00e1ch psychiatrick\u00e9 l\u00e9\u010debny v\u00a0Bohnic\u00edch. Ned\u011ble mimo jin\u00e9 nab\u00eddne i\u00a0zakon\u010den\u00ed 26.\u00a0ro\u010dn\u00edku dobro\u010dinn\u00e9 akce B\u011bh Pro Paraple, kter\u00e9 odstartuje ve 13\u00a0hodin na atletick\u00e9m stadionu Slavia Praha. Tradi\u010dn\u00ed b\u011bh a\u00a0doprovodn\u00fd program vyvrchol\u00ed koncertem skupiny Tata Bojs v\u00a017:00.<\/p>\n<p>Do zoo na Den d\u011bt\u00ed<\/p>\n<p class=\"e_bX\">Den d\u011bt\u00ed p\u0159ipad\u00e1 letos na pond\u011bl\u00ed, slavit ale m\u016f\u017eete u\u017e o\u00a0v\u00edkendu &#8211; nap\u0159\u00edklad n\u00e1v\u0161t\u011bvou n\u011bkter\u00e9 zoo. Mnoh\u00e9 z\u00a0nich nab\u00edzej\u00ed d\u011btem voln\u00e9 nebo symbolick\u00e9 vstupn\u00e9 a\u00a0netradi\u010dn\u00ed z\u00e1\u017eitky. U\u017e v\u00a0sobotu se m\u016f\u017eete vydat na Den d\u011bt\u00ed do zoo v\u00a0T\u00e1bo\u0159e, Liberci nebo Praze (tady maj\u00ed ov\u0161em na vstup zdarma n\u00e1rok jen d\u011bti v\u00a0masce pandy). Zoo v\u00a0Hlubok\u00e9 nad Vltavou zase nab\u00edz\u00ed a\u017e do 5.\u00a0\u010dervna r\u016fzn\u00e1 divadeln\u00ed p\u0159edstaven\u00ed. V\u00a0pond\u011bl\u00ed, p\u0159\u00edmo na sv\u00e1tek d\u011bt\u00ed, se pak m\u016f\u017eete na d\u011btsk\u00fd den vydat do Ostravy nebo D\u011b\u010d\u00edna.<\/p>\n<p>J\u00edzda kr\u00e1l\u016f ve Vl\u010dnov\u011b<\/p>\n<p class=\"e_bX\">Posledn\u00ed kv\u011btnov\u00e1 ned\u011ble tradi\u010dn\u011b pat\u0159\u00ed j\u00edzd\u011b kr\u00e1l\u016f ve Vl\u010dnov\u011b. Program je p\u0159ipraven na oba dny, v\u00a0sobotu za\u010d\u00edn\u00e1 u\u017e dopoledne jarmarkem s\u00a0tradi\u010dn\u00edmi v\u00fdrobky i\u00a0ob\u010derstven\u00edm, odpoledne se konaj\u00ed koncerty nebo sout\u011b\u017e v\u00a0tradi\u010dn\u00edm tanci zvan\u00e9m verbu\u0148k. Hlavn\u00ed program pak p\u0159ipad\u00e1 na ned\u011bli. Po dopoledn\u00edm pr\u016fvodu kr\u00e1lovsk\u00e9 dru\u017einy a\u00a0strojen\u00ed kon\u00ed za\u010dne samotn\u00fd pr\u016fvod v\u00a0prav\u00e9 poledne.<\/p>\n<p>Rozz\u00e1\u0159en\u00e1 obloha nad Brnem<\/p>\n<p class=\"e_bX\">V sobotu bude ve sportovn\u00edm are\u00e1lu Hn\u011bvkovsk\u00e9ho v\u00a0Brn\u011b zah\u00e1jena sv\u011btov\u00e1 sout\u011b\u017e um\u011bleck\u00fdch oh\u0148ostroj\u016f Ignis Brunensis. \u00davodn\u00ed show cel\u00e9ho festivalu se ponese v\u00a0italsk\u00e9m stylu a\u00a0rytmu, chyb\u011bt nebudou ani obl\u00edben\u00e9 hity \u201eSara Perche Ti Amo\u201c nebo \u201eBella Ciao\u201c. <\/p>\n<p class=\"e_bX\">Hlavn\u00ed sout\u011b\u017e prob\u011bhne za necel\u00fd m\u011bs\u00edc, kdy se festival p\u0159esune nad Brn\u011bnskou p\u0159ehradu. P\u0159edstav\u00ed se t\u0159i velkolep\u00e9 pyromuzik\u00e1ly um\u011blc\u016f z\u00a0\u010ceska, ze \u0160v\u00fdcarska a\u00a0poprv\u00e9 i\u00a0z Finska. T\u011b\u0161it se m\u016f\u017eete tak\u00e9 na dronovou show \u201eZrozen\u00ed \u017eivota\u201c. Oproti minul\u00fdm ro\u010dn\u00edk\u016fm se letos nad hladinu p\u0159ehrady vznese t\u00e9m\u011b\u0159 dvojn\u00e1sobek sv\u011bteln\u00fdch stroj\u016f, kter\u00e9 budou vid\u011bt ze v\u0161ech b\u0159eh\u016f hlavn\u00edho jezera.<\/p>\n<p>Pozorov\u00e1n\u00ed mot\u00fdl\u016f<\/p>\n<p class=\"e_bX\">Pokud m\u00e1te r\u00e1di mot\u00fdly a\u00a0jste ochotni jim v\u011bnovat p\u016fl hodiny sv\u00e9ho \u010dasu, m\u016f\u017eete se od 1.\u00a0do 7.\u00a0\u010dervna z\u00fa\u010dastnit takzvan\u00e9 mot\u00fdl\u00ed p\u016flhodinky. V\u00a0\u010dem spo\u010d\u00edv\u00e1? Sta\u010d\u00ed si vybrat den, kdy m\u00e1 b\u00fdt dobr\u00e9 po\u010das\u00ed, m\u00edsto, kde chcete pozorovat, a\u00a0dop\u0159edu nastudovat, jak n\u011bkte\u0159\u00ed mot\u00fdli vypadaj\u00ed. <\/p>\n<p class=\"e_bX\">A\u00a0pak u\u017e sta\u010d\u00ed jen sed\u011bt a\u00a0zapisovat, co kolem v\u00e1s prolet\u011blo. \u00dadaje, kter\u00e9 jsou pro v\u011bdce velmi cenn\u00e9, pak zad\u00e1te na web. <a data-dot=\"atm-link\" target=\"_blank\" rel=\"noopener nofollow\" href=\"https:\/\/skupinajaro.cz\/motyli-pulhodinka\/\" class=\"e_n\">Na internetov\u00fdch str\u00e1nk\u00e1ch akce najdete<\/a> podrobn\u011bj\u0161\u00ed informace, pokud byste si netroufli na pozorov\u00e1n\u00ed sami a\u00a0m\u00e1te to bl\u00edzko do Jarom\u011b\u0159e na Z\u00e1chrannou stanici, m\u016f\u017eete se po cel\u00fd den na mot\u00fdl\u00ed proch\u00e1zku vydat p\u0159\u00edmo s\u00a0organiz\u00e1tory akce.<\/p>\n<p><a data-dot=\"mol-article-card-media\" aria-hidden=\"true\" tabindex=\"-1\" href=\"https:\/\/www.seznamzpravy.cz\/clanek\/magazin-zivotni-styl-babocka-admiral-nebo-okac-lucni-zkuste-si-kviz-zda-poznate-motyla-na-obrazku-302799\" class=\"e_n f_l1\" rel=\"nofollow noopener\" target=\"_blank\"><img height=\"1080\"   width=\"1920\" src=\"https:\/\/www.europesays.com\/cz\/wp-content\/uploads\/2026\/05\/kviz-motyli.jpeg\" loading=\"eager\" decoding=\"sync\" class=\"e_aa e_Z\"\/><\/a>Historick\u00e1 auta v\u00a0Plzni a\u00a0okol\u00ed<\/p>\n<p class=\"e_bX\">Ji\u017e 36.\u00a0ro\u010dn\u00edk j\u00edzdy historick\u00fdch aut prob\u011bhne tuto sobotu v\u00a0okol\u00ed Plzn\u011b. Start i\u00a0c\u00edl jsou v\u00a0kempu u\u00a0rybn\u00edku Bolev\u00e1k. Podle informac\u00ed po\u0159adatele se o\u010dek\u00e1v\u00e1\u00a0\u00fa\u010dast a\u017e 120\u00a0pos\u00e1dek, v\u011bt\u0161inou v\u00a0dobov\u00fdch kost\u00fdmech, kter\u00e9 se na m\u00edsto budou sj\u00ed\u017ed\u011bt od osm\u00e9 hodiny rann\u00ed. Prvn\u00ed z\u00a0automobil\u016f a\u00a0motocykl\u016f v\u0161ech mo\u017en\u00fdch zna\u010dek z\u00a0minul\u00e9ho stolet\u00ed vyraz\u00ed na tra\u0165 po des\u00e1t\u00e9 hodin\u011b. J\u00edzda bude prob\u00edhat formou orienta\u010dn\u00edho z\u00e1vodu (<a data-dot=\"atm-link\" target=\"_blank\" rel=\"noopener nofollow\" href=\"https:\/\/www.vccplzen.eu\/tiskova_zprava_2026_v2.pdf\" class=\"e_n\">podrobn\u011bj\u0161\u00ed trasu najdete zde<\/a>) se sout\u011b\u017en\u00edmi \u00fakoly. Celou akci zakon\u010d\u00ed koncert rockov\u00e9 hudby.<\/p>\n<p>Bitva u\u00a0Lipan<\/p>\n<p class=\"e_bX\">Rekonstrukce slavn\u00e9 husitsk\u00e9 bitvy u\u00a0Lipan prob\u011bhne v\u00a0sobotu na Lipsk\u00e9 ho\u0159e nedaleko m\u011bsta Kou\u0159im. Cel\u00e1 akce za\u010d\u00edn\u00e1 v\u00a0jeden\u00e1ct hodin dopoledne otev\u0159en\u00edm historick\u00e9ho tr\u017ei\u0161t\u011b. V\u00a0r\u00e1mci doprovodn\u00e9ho programu budou k\u00a0vid\u011bn\u00ed uk\u00e1zky boje, bojov\u00fdch technik, \u0161ermu, d\u011blost\u0159elby i\u00a0st\u0159elby z\u00a0jin\u00fdch paln\u00fdch zbran\u00ed. Lipskou horu z\u00e1rove\u0148 o\u017eiv\u00ed hudba kapely Peregrin a\u00a0v\u00fduka historick\u00fdch tanc\u016f. Samotn\u00e1 bitva vypukne ve t\u0159i hodiny odpoledne. Pro d\u011bti je na akci vstup zdarma.<\/p>\n<p>Hudba v\u00a0D\u011b\u010d\u00edn\u011b, \u0160umperku a\u00a0Led\u010di nad S\u00e1zavou<\/p>\n<p class=\"e_bX\">V\u011bt\u0161ina maj\u00e1les\u016f se odehr\u00e1v\u00e1 za\u010d\u00e1tkem kv\u011btna, v\u00a0n\u011bkter\u00fdch m\u011bstech ho ale m\u016f\u017eete stihnout je\u0161t\u011b tento v\u00edkend. V\u00a0\u0160umperku m\u00e1 podobu hudebn\u00edho festivalu, kde se m\u016f\u017eete t\u011b\u0161it na zp\u011bva\u010dku Pam Rabbit, Sofiana Medjmedje \u010di skupinu Wohnout, fanou\u0161ci rapu na PTK, Lboye, Doriana nebo Bena Cristovao. <\/p>\n<p class=\"e_bX\">Posledn\u00ed kv\u011btnov\u00fd p\u00e1tek m\u016f\u017eete na maj\u00e1les zav\u00edtat i\u00a0do Led\u010de nad S\u00e1zavou. Koncerty nab\u00edz\u00ed i\u00a0Labefest v\u00a0D\u011b\u010d\u00edn\u011b, kde je na programu nap\u0159\u00edklad skupina Ka\u0161p\u00e1rek v\u00a0rohl\u00edku, zp\u011bva\u010dka Sharlota nebo Richard M\u00fcller.<\/p>\n<p>Open House Boskovice<\/p>\n<p class=\"e_bX\">Popul\u00e1rn\u00ed festival Open House Brno p\u0159ed t\u00fddnem skon\u010dil, u\u017e v\u00a0sobotu ale poprv\u00e9 vyr\u00e1\u017e\u00ed za hranice moravsk\u00e9 metropole v\u00a0r\u00e1mci projektu s\u00a0n\u00e1zvem \u201eOpen House Brno objevuje\u2026\u201c. Na prvn\u00ed \u201epop-up\u201c festivalu se m\u016f\u017eete vydat do Boskovic. Prohl\u00eddky v\u00e1s \u010dekaj\u00ed nap\u0159\u00edklad v\u00a0administrativn\u00edm s\u00eddle technologick\u00e9 spole\u010dnosti LANIK, otev\u0159en bude i\u00a0evangelick\u00fd kostel, m\u011bstsk\u00e9 l\u00e1zn\u011b, \u00fa\u0159ad, knihovna a\u00a0dal\u0161\u00ed stavby, jejich\u017e <a data-dot=\"atm-link\" target=\"_blank\" rel=\"noopener nofollow\" href=\"https:\/\/boskovice.openhousebrno.cz\/cs\/festival\" class=\"e_n\">seznam najdete na webu festivalu<\/a>.<\/p>\n","protected":false},"excerpt":{"rendered":"Noc kostel\u016f V p\u00e1tek ve\u010der se ji\u017e po osmn\u00e1ct\u00e9 uskute\u010dn\u00ed Noc kostel\u016f. Letos se jich zapoj\u00ed p\u0159es 1800\u00a0z\u00a0cel\u00e9&hellip;\n","protected":false},"author":2,"featured_media":99930,"comment_status":"","ping_status":"","sticky":false,"template":"","format":"standard","meta":{"footnotes":"","_share_on_mastodon":"0"},"categories":[7],"tags":[43,42,41,40,9838,16346,1837,3912],"class_list":["post-99929","post","type-post","status-publish","format-standard","has-post-thumbnail","category-cesko","tag-ceska-republika","tag-cesko","tag-czech-republic","tag-czechia","tag-festivaly","tag-open-house","tag-tipy-na-vylety","tag-vylety-po-cesku"],"share_on_mastodon":{"url":"https:\/\/pubeurope.com\/@cz\/116652316370538920","error":""},"_links":{"self":[{"href":"https:\/\/www.europesays.com\/cz\/wp-json\/wp\/v2\/posts\/99929","targetHints":{"allow":["GET"]}}],"collection":[{"href":"https:\/\/www.europesays.com\/cz\/wp-json\/wp\/v2\/posts"}],"about":[{"href":"https:\/\/www.europesays.com\/cz\/wp-json\/wp\/v2\/types\/post"}],"author":[{"embeddable":true,"href":"https:\/\/www.europesays.com\/cz\/wp-json\/wp\/v2\/users\/2"}],"replies":[{"embeddable":true,"href":"https:\/\/www.europesays.com\/cz\/wp-json\/wp\/v2\/comments?post=99929"}],"version-history":[{"count":0,"href":"https:\/\/www.europesays.com\/cz\/wp-json\/wp\/v2\/posts\/99929\/revisions"}],"wp:featuredmedia":[{"embeddable":true,"href":"https:\/\/www.europesays.com\/cz\/wp-json\/wp\/v2\/media\/99930"}],"wp:attachment":[{"href":"https:\/\/www.europesays.com\/cz\/wp-json\/wp\/v2\/media?parent=99929"}],"wp:term":[{"taxonomy":"category","embeddable":true,"href":"https:\/\/www.europesays.com\/cz\/wp-json\/wp\/v2\/categories?post=99929"},{"taxonomy":"post_tag","embeddable":true,"href":"https:\/\/www.europesays.com\/cz\/wp-json\/wp\/v2\/tags?post=99929"}],"curies":[{"name":"wp","href":"https:\/\/api.w.org\/{rel}","templated":true}]}}