{"id":28314,"count":3,"description":"","link":"https:\/\/www.europesays.com\/cz\/tag\/serial-pratele\/","name":"Seri\u00e1l P\u0159\u00e1tel\u00e9","slug":"serial-pratele","taxonomy":"post_tag","meta":[],"_links":{"self":[{"href":"https:\/\/www.europesays.com\/cz\/wp-json\/wp\/v2\/tags\/28314","targetHints":{"allow":["GET"]}}],"collection":[{"href":"https:\/\/www.europesays.com\/cz\/wp-json\/wp\/v2\/tags"}],"about":[{"href":"https:\/\/www.europesays.com\/cz\/wp-json\/wp\/v2\/taxonomies\/post_tag"}],"wp:post_type":[{"href":"https:\/\/www.europesays.com\/cz\/wp-json\/wp\/v2\/posts?tags=28314"}],"curies":[{"name":"wp","href":"https:\/\/api.w.org\/{rel}","templated":true}]}}