{"id":100021,"date":"2025-05-10T16:53:12","date_gmt":"2025-05-10T16:53:12","guid":{"rendered":"https:\/\/www.europesays.com\/de\/100021\/"},"modified":"2025-05-10T16:53:12","modified_gmt":"2025-05-10T16:53:12","slug":"alemannia-aachen-feiert-sieg-und-klassenerhalt-gegen-1-fc-saarbruecken","status":"publish","type":"post","link":"https:\/\/www.europesays.com\/de\/100021\/","title":{"rendered":"Alemannia Aachen feiert Sieg und Klassenerhalt gegen 1. FC Saarbr\u00fccken"},"content":{"rendered":"<p>Gro\u00dfe Party in Schwarz und Gelb <\/p>\n<p>Alemannia feiert Sieg im letzten Heimspiel gegen Saarbr\u00fccken<\/p>\n<p>10.05.2025 &#8211; 18:07 UhrLesedauer: 1 Min.<\/p>\n<p><a href=\"#focus-0\" class=\"transition-colors duration-200 focus-within:text-magenta block text-current relative\" data-sctrack=\"FocusGalleryImage.Reference\"><img fetchpriority=\"high\" data-testid=\"Opener.Image\" style=\"--lqipURL:url('https:\/\/images.t-online.de\/2025\/05\/Pt2PCZrNdRUE\/0x209:4000x2250\/fit-in\/150x0\/filters:blur(25)\/feiern-sieg-und-klassenerhalt-mit-den-fans-nils-winter-und-seine-teamkollegen-von-alemannia-aachen.jpg')\"   loading=\"eager\" src=\"https:\/\/www.europesays.com\/de\/wp-content\/uploads\/2025\/05\/feiern-sieg-und-klassenerhalt-mit-den-fans-nils-winter-und-seine-teamkollegen-von-alemannia-aachen.j.jpeg\" alt=\"Feiern Sieg und Klassenerhalt mit den Fans: Nils Winter und seine Teamkollegen von Alemannia Aachen.\" title=\"Feiern Sieg und Klassenerhalt mit den Fans: Nils Winter und seine Teamkollegen von Alemannia Aachen.\" width=\"4000\" height=\"2250\" class=\"bg-[url:var(--lqipURL)] bg-cover bg-center flex w-full max-w-full h-full\" decoding=\"async\"\/><img style=\"--width:32;--height:32\" loading=\"lazy\" src=\"https:\/\/www.europesays.com\/de\/wp-content\/uploads\/2025\/03\/zoom-in.f7dae02f.svg.svg+xml\" alt=\"Vergr\u00f6\u00dfern des Bildes\" title=\"Vergr\u00f6\u00dfern des Bildes\" class=\"&#10;        block&#10;        h-[calc(var(--height)_\/_16_*_1rem)]&#10;        w-[calc(var(--width)_\/_16_*_1rem)]&#10;        max-w-none&#10;        absolute bottom-8 right-8 rounded-4 bg-snow p-8\" decoding=\"async\"\/><\/a><\/p>\n<p>Feiern Sieg und Klassenerhalt mit den Fans: Nils Winter und seine Teamkollegen von Alemannia Aachen. (Quelle: IMAGO\/Eibner-Pressefoto\/Justin Deronde)<\/p>\n<p class=\"font-bold text-18 leading-17\">Der Klassenerhalt steht bereits vor Anpfiff fest \u2013 dennoch dreht Alemannia Aachen gegen Saarbr\u00fccken noch einmal auf. Nun gilt es, den Fokus auf das Landespokal-Finale zu richten.<\/p>\n<p class=\"text-18 leading-17\">Alemannia <a class=\"transition-colors duration-200 cursor-pointer text-inherit no-underline text-salemsfur md:hover:text-magenta md:hover:border-magenta md:focus:text-magenta border-current border-b border-solid break-words\" href=\"https:\/\/www.t-online.de\/themen\/aachen\/\" data-sctrack=\"BodyAnchor\" target=\"_blank\" rel=\"noopener\">Aachen<\/a> hat im letzten Heimspiel der Saison in der 3. Liga einen Sieg gefeiert. Die Gastgeber setzten sich am Samstagnachmittag nach Toren von Danilo Wiebe (33.), Gianluca Gaudino (52.), Bentley Baxter Bahn (69.) und Anton Heinz (85.) mit 4:2 gegen Aufstiegsaspirant 1. FC Saarbr\u00fccken durch. Die Tore f\u00fcr die G\u00e4ste erzielten Florian Kr\u00fcger (75.) und Kasim Rabihic (90.+4).<\/p>\n<p class=\"text-18 leading-17\">Bereits vor Anpfiff stand fest, dass die Alemannia auch in der n\u00e4chsten Saison in der 3. Liga spielen wird. Grund daf\u00fcr war der 1:0-Erfolg des <a class=\"transition-colors duration-200 cursor-pointer text-inherit no-underline text-salemsfur md:hover:text-magenta md:hover:border-magenta md:focus:text-magenta border-current border-b border-solid break-words\" href=\"https:\/\/www.t-online.de\/themen\/vfb-stuttgart\/\" data-sctrack=\"BodyAnchor\" target=\"_blank\" rel=\"noopener\">VfB Stuttgart<\/a> II am Freitagabend bei der Reserve von <a class=\"transition-colors duration-200 cursor-pointer text-inherit no-underline text-salemsfur md:hover:text-magenta md:hover:border-magenta md:focus:text-magenta border-current border-b border-solid break-words\" href=\"https:\/\/www.t-online.de\/themen\/borussia-dortmund\/\" data-sctrack=\"BodyAnchor\" target=\"_blank\" rel=\"noopener\">Borussia Dortmund<\/a>. Entsprechend feierten die 30.800 Zuschauer im Tivoli \u2013 mit Ausnahme der mitgereisten Anh\u00e4nger aus Saarbr\u00fccken \u2013 bereits vor dem Anpfiff eine gro\u00dfe Party in Schwarz und Gelb.<\/p>\n<p class=\"text-18 leading-17\">Am kommenden Samstag muss Aachen im sportlich bedeutungslosen letzten Saisonspiel zum <a class=\"transition-colors duration-200 cursor-pointer text-inherit no-underline text-salemsfur md:hover:text-magenta md:hover:border-magenta md:focus:text-magenta border-current border-b border-solid break-words\" href=\"https:\/\/www.t-online.de\/themen\/sv-wehen-wiesbaden\/\" data-sctrack=\"BodyAnchor\" target=\"_blank\" rel=\"noopener\">SV Wehen Wiesbaden<\/a> (Anpfiff: 13.30 Uhr). Eine Woche darauf steht dann noch das Finale im Landespokal Mittelrhein gegen Drittliga Konkurrent <a class=\"transition-colors duration-200 cursor-pointer text-inherit no-underline text-salemsfur md:hover:text-magenta md:hover:border-magenta md:focus:text-magenta border-current border-b border-solid break-words\" href=\"https:\/\/www.t-online.de\/themen\/fc-viktoria-koeln\/\" data-sctrack=\"BodyAnchor\" target=\"_blank\" rel=\"noopener\">FC Viktoria K\u00f6ln<\/a> an. Der Sieger des Duells qualifiziert sich f\u00fcr die erste Hauptrunde des DFB-Pokals in der neuen Spielzeit. Gespielt wird am Samstag, 24. Mai, im Sportpark H\u00f6henberg in <a class=\"transition-colors duration-200 cursor-pointer text-inherit no-underline text-salemsfur md:hover:text-magenta md:hover:border-magenta md:focus:text-magenta border-current border-b border-solid break-words\" href=\"https:\/\/www.t-online.de\/region\/koeln\/\" data-sctrack=\"BodyAnchor\" target=\"_blank\" rel=\"noopener\">K\u00f6ln<\/a>.<\/p>\n","protected":false},"excerpt":{"rendered":"Gro\u00dfe Party in Schwarz und Gelb Alemannia feiert Sieg im letzten Heimspiel gegen Saarbr\u00fccken 10.05.2025 &#8211; 18:07 UhrLesedauer:&hellip;\n","protected":false},"author":2,"featured_media":100022,"comment_status":"","ping_status":"","sticky":false,"template":"","format":"standard","meta":{"footnotes":""},"categories":[1853],"tags":[1424,999,3364,29,548,663,3934,30,13,14,15,1209,12],"class_list":{"0":"post-100021","1":"post","2":"type-post","3":"status-publish","4":"format-standard","5":"has-post-thumbnail","7":"category-aachen","8":"tag-aachen","9":"tag-alemannia-aachen","10":"tag-de","11":"tag-deutschland","12":"tag-eu","13":"tag-europa","14":"tag-europe","15":"tag-germany","16":"tag-headlines","17":"tag-nachrichten","18":"tag-news","19":"tag-nordrhein-westfalen","20":"tag-schlagzeilen"},"share_on_mastodon":{"url":"https:\/\/pubeurope.com\/@de\/114484583009048762","error":""},"_links":{"self":[{"href":"https:\/\/www.europesays.com\/de\/wp-json\/wp\/v2\/posts\/100021","targetHints":{"allow":["GET"]}}],"collection":[{"href":"https:\/\/www.europesays.com\/de\/wp-json\/wp\/v2\/posts"}],"about":[{"href":"https:\/\/www.europesays.com\/de\/wp-json\/wp\/v2\/types\/post"}],"author":[{"embeddable":true,"href":"https:\/\/www.europesays.com\/de\/wp-json\/wp\/v2\/users\/2"}],"replies":[{"embeddable":true,"href":"https:\/\/www.europesays.com\/de\/wp-json\/wp\/v2\/comments?post=100021"}],"version-history":[{"count":0,"href":"https:\/\/www.europesays.com\/de\/wp-json\/wp\/v2\/posts\/100021\/revisions"}],"wp:featuredmedia":[{"embeddable":true,"href":"https:\/\/www.europesays.com\/de\/wp-json\/wp\/v2\/media\/100022"}],"wp:attachment":[{"href":"https:\/\/www.europesays.com\/de\/wp-json\/wp\/v2\/media?parent=100021"}],"wp:term":[{"taxonomy":"category","embeddable":true,"href":"https:\/\/www.europesays.com\/de\/wp-json\/wp\/v2\/categories?post=100021"},{"taxonomy":"post_tag","embeddable":true,"href":"https:\/\/www.europesays.com\/de\/wp-json\/wp\/v2\/tags?post=100021"}],"curies":[{"name":"wp","href":"https:\/\/api.w.org\/{rel}","templated":true}]}}