{"id":1000422,"date":"2026-05-07T05:39:34","date_gmt":"2026-05-07T05:39:34","guid":{"rendered":"https:\/\/www.europesays.com\/de\/1000422\/"},"modified":"2026-05-07T05:39:34","modified_gmt":"2026-05-07T05:39:34","slug":"gott-mit-dir-hymnenpflicht-an-schulen-kommt","status":"publish","type":"post","link":"https:\/\/www.europesays.com\/de\/1000422\/","title":{"rendered":"&#8222;Gott mit Dir&#8230;&#8220; &#8211; Hymnenpflicht an Schulen kommt"},"content":{"rendered":"<p>&#8222;Gott mit dir, du Land der Bayern, Deutsche Erde, Vaterland&#8230;&#8220; Die ersten Zeilen der Bayernhymne gelingen vermutlich noch den meisten Bayern. Aber h\u00e4lt die Textsicherheit auch bis zum Schluss? Den Sch\u00fclerinnen und Sch\u00fclern in Bayern wird die Hymne demn\u00e4chst wieder in Erinnerung gerufen. Bei jeder Abschlussfeier einer bayerischen Schule soll k\u00fcnftig mindestens die Bayernhymne gespielt werden, dazu noch die Nationalhymne oder die Europahymne. <\/p>\n<p>CSU-Forderung mit Einschr\u00e4nkungen<\/p>\n<p>Die CSU hatte bei ihrem Parteitag vergangenen Dezember ein &#8222;verpflichtendes Spielen der Nationalhymne und der Europahymne sowie in Bayern der Bayernhymne zu gesellschaftlich relevanten Anl\u00e4ssen wie der Verleihung von Schul- und Berufsabschl\u00fcssen&#8220; beschlossen. <a href=\"https:\/\/www.br.de\/nachrichten\/bayern\/hymnen-pflicht-soll-noch-in-diesem-schuljahr-kommen,V850dZX\" rel=\"nofollow noopener\" target=\"_blank\">CSU-Chef Markus S\u00f6der <\/a>wollte die Hymnenpflicht bereits bis Juli, also Ende dieses Schuljahres durchsetzen. Das verz\u00f6gert sich nun. <\/p>\n<p>Hymne vom Band &#8211; keine Mitsingpflicht<\/p>\n<p>Ende April ging ein Schreiben des Kultusministeriums, das dem BR vorliegt, an alle weiterf\u00fchrenden Schulen in Bayern. Die Pflicht zum Abspielen von mindestens zwei Hymnen gilt ab dem kommenden Schuljahr, und damit sp\u00e4ter als von der CSU gew\u00fcnscht. <\/p>\n<p>Die Hymne muss in den Schulen nicht live gesungen oder gespielt werden. Nach Anweisung des Ministeriums k\u00f6nne sie auch eingespielt werden, und es bestehe keine Mitsingpflicht: &#8222;Durch das Aush\u00e4ndigen von Textbl\u00e4ttern solle ein textsicheres Mitsingen erm\u00f6glicht werden.&#8220;<\/p>\n<p>Kultusministerin Stolz zun\u00e4chst zur\u00fcckhaltend<\/p>\n<p>Die zust\u00e4ndige Kultusministerin Anna Stolz (Freie W\u00e4hler) trat bei der Forderung nach einer raschen Einf\u00fchrung einer Hymnenpflicht zun\u00e4chst auf die Bremse. Sie wolle dazu zuerst &#8222;mit der Schulfamilie diskutieren&#8220;, sagte sie Anfang des Jahres.  Nun aber verweist das Schreiben ihres Hauses sogar auf das Strafgesetzbuch, sollten sich Sch\u00fcler beim Singen der Hymne falsch verhalten. Denn selbstverst\u00e4ndlich, so das Ministerium, seien auch &#8222;die Schulen dazu aufgerufen, auf die Einhaltung der rechtlichen Vorgaben zu achten&#8220;.<\/p>\n<p>Verweis auf das Strafgesetzbuch &#8222;verst\u00f6rend&#8220;<\/p>\n<p>Das Kultusministerium verweist in Punkt 2 seines Schreibens, dass auf die &#8222;Einhaltung des \u00a7 90a StGB&#8220; zu achten sei. Dieser Paragraf im Strafgesetzbuch lautet:\u00a0&#8222;Wer \u00f6ffentlich, in einer Versammlung oder durch Verbreiten eines Inhalts (&#8230;) die Farben, die Flagge, das Wappen oder die Hymne der Bundesrepublik Deutschland oder eines ihrer L\u00e4nder verunglimpft, wird mit Freiheitsstrafe bis zu drei Jahren oder mit Geldstrafe bestraft.&#8220;<\/p>\n<p>Die Gewerkschaft Erziehung und Wissenschaft (GEW) findet diesen Zusatz &#8222;verst\u00f6rend&#8220;. Das Ministerium schwenke damit vorsorglich die Keule des Strafgesetzbuches, das gleiche einer p\u00e4dagogischen Bankrotterkl\u00e4rung, so die GEW.<\/p>\n<p>&#8222;Misstrauen gegen Sch\u00fcler&#8220;<\/p>\n<p>Die bildungspolitische Sprecherin der Gr\u00fcnen-Fraktion, Gabriele Triebel, sieht in dem Verweis auf das Strafgesetzbuch ein &#8222;tiefes Misstrauen gegen\u00fcber den Sch\u00fclern und den Schulen&#8220;. Zudem sollte ihrer Meinung nach jede Schule selbst entscheiden, ob sie bei der Abschlussfeier die Hymnen singt oder nicht. Simone Strohmayr von der SPD-Fraktion lehnt eine Verpflichtung zur Hymne ebenso ab und sagt, dies w\u00fcrde auch nicht mehr Gemeinschaftsgef\u00fchl, Heimatgef\u00fchl oder bessere Integration erreichen.<\/p>\n<p>Die AfD-Fraktion im bayerischen Landtag dagegen begr\u00fc\u00dft die Hymnenpflicht &#8222;au\u00dferordentlich&#8220;. Als weitere Hymne k\u00f6nne es sich nach Auffassung der AfD &#8222;nur um die Nationalhymne handeln&#8220;, so der bildungspolitische Sprecher, Oskar Atzinger.<\/p>\n<p>Weiter geht der Text der ersten Strophe der Bayernhymne \u00fcbrigens mit den Zeilen: &#8222;\u00dcber deinen weiten Gauen walte seine Segenshand. Er beh\u00fcte deine Fluren, schirme deiner St\u00e4dte Bau. Und erhalte dir die Farben seines Himmels wei\u00df und blau.&#8220;<\/p>\n","protected":false},"excerpt":{"rendered":"&#8222;Gott mit dir, du Land der Bayern, Deutsche Erde, Vaterland&#8230;&#8220; Die ersten Zeilen der Bayernhymne gelingen vermutlich noch&hellip;\n","protected":false},"author":2,"featured_media":1000423,"comment_status":"","ping_status":"","sticky":false,"template":"","format":"standard","meta":{"footnotes":"","_share_on_mastodon":"0"},"categories":[5],"tags":[331,332,185451,215979,774,3364,29,16950,30,13,771,14,15,12,52328,215978],"class_list":["post-1000422","post","type-post","status-publish","format-standard","has-post-thumbnail","category-nachrichten","tag-aktuelle-nachrichten","tag-aktuelle-news","tag-anna-stolz","tag-bayernhymne","tag-csu","tag-de","tag-deutschland","tag-freie-waehler","tag-germany","tag-headlines","tag-markus-soeder","tag-nachrichten","tag-news","tag-schlagzeilen","tag-schulpolitik","tag-verunglimpfung"],"share_on_mastodon":{"url":"https:\/\/pubeurope.com\/@de\/116531689521563833","error":""},"_links":{"self":[{"href":"https:\/\/www.europesays.com\/de\/wp-json\/wp\/v2\/posts\/1000422","targetHints":{"allow":["GET"]}}],"collection":[{"href":"https:\/\/www.europesays.com\/de\/wp-json\/wp\/v2\/posts"}],"about":[{"href":"https:\/\/www.europesays.com\/de\/wp-json\/wp\/v2\/types\/post"}],"author":[{"embeddable":true,"href":"https:\/\/www.europesays.com\/de\/wp-json\/wp\/v2\/users\/2"}],"replies":[{"embeddable":true,"href":"https:\/\/www.europesays.com\/de\/wp-json\/wp\/v2\/comments?post=1000422"}],"version-history":[{"count":0,"href":"https:\/\/www.europesays.com\/de\/wp-json\/wp\/v2\/posts\/1000422\/revisions"}],"wp:featuredmedia":[{"embeddable":true,"href":"https:\/\/www.europesays.com\/de\/wp-json\/wp\/v2\/media\/1000423"}],"wp:attachment":[{"href":"https:\/\/www.europesays.com\/de\/wp-json\/wp\/v2\/media?parent=1000422"}],"wp:term":[{"taxonomy":"category","embeddable":true,"href":"https:\/\/www.europesays.com\/de\/wp-json\/wp\/v2\/categories?post=1000422"},{"taxonomy":"post_tag","embeddable":true,"href":"https:\/\/www.europesays.com\/de\/wp-json\/wp\/v2\/tags?post=1000422"}],"curies":[{"name":"wp","href":"https:\/\/api.w.org\/{rel}","templated":true}]}}