{"id":1001254,"date":"2026-05-07T13:32:20","date_gmt":"2026-05-07T13:32:20","guid":{"rendered":"https:\/\/www.europesays.com\/de\/1001254\/"},"modified":"2026-05-07T13:32:20","modified_gmt":"2026-05-07T13:32:20","slug":"chorwerk-bringt-queen-projekt-mit-100-stimmen-auf-die-buehne-hagenbach","status":"publish","type":"post","link":"https:\/\/www.europesays.com\/de\/1001254\/","title":{"rendered":"Chorwerk bringt Queen-Projekt mit 100 Stimmen auf die B\u00fchne &#8211; Hagenbach"},"content":{"rendered":"<p class=\"rhp-dpa-teaser\"><b>Fast 100  S\u00e4nger bringen beim Queen-Projekt \u201eOne Vision\u201c bekannte Hits auf die B\u00fchne der Bienwaldhalle in Kandel.<\/b><\/p>\n<p><a href=\"https:\/\/www.rheinpfalz.de\/lokal\/kreis-germersheim_artikel,-chorwerk-zweites-queen-projekt-zum-115-geburtstag-_arid,5857349.html\" class=\"external-link-new-window\" title=\"\" target=\"_self\" rel=\"nofollow noopener\">Das s\u00fcdpf\u00e4lzische Chorprojekt \u201eOne Vision Vol. 2\u201c  vom Chorwerk Hagenbach steuert auf seinen H\u00f6hepunkt zu: <\/a>Am Samstag, 20. Juni, und Sonntag, 21. Juni,  jeweils ab  19 Uhr, Einlass ab 18 Uhr, finden in der Bienwaldhalle in <a class=\"rtr-entity\" data-rtr-entity=\"Kandel\" data-rtr-id=\"ec2ca730440441e0984b84f0ecb5d345d041998e\" data-rtr-score=\"29.07\" data-rtr-etype=\"location\" data-rtr-index=\"7\" href=\"https:\/\/www.rheinpfalz.de\/themen\/kandel?utm_source=rheinpfalz.de&amp;utm_medium=tms&amp;utm_campaign=intext\" rel=\"nofollow noopener\" target=\"_blank\">Kandel<\/a> die  Abschlusskonzerte  statt. Laut  Mitteilung  ist das Konzert am Samstag  ausverkauft. F\u00fcr  Sonntag gibt es noch Karten.<\/p>\n<p>Fast 100  S\u00e4nger wirken  mit. Rund 60 Teilnehmer aus der S\u00fcdpfalz, Baden und dem Elsass verst\u00e4rken den Stammchor vom Chorwerk <a class=\"rtr-entity\" data-rtr-entity=\"Hagenbach\" data-rtr-id=\"7ab45704a4a4556c2b53c1515c2875f91737017d\" data-rtr-score=\"38.33239436619718\" data-rtr-etype=\"location\" data-rtr-index=\"2\" href=\"https:\/\/www.rheinpfalz.de\/themen\/hagenbach?utm_source=rheinpfalz.de&amp;utm_medium=tms&amp;utm_campaign=intext\" rel=\"nofollow noopener\" target=\"_blank\">Hagenbach<\/a>, der aus etwa 35 Mitgliedern besteht. Alle  widmen  sich dem Werk der britischen Rockband Queen. Begleitet wird der Chor bei von der Band H\u00f6rensw\u00f6rth unter der  Leitung von  Julia Funk-Balzer. Das Programm umfasst Titel aus mehreren Jahrzehnten Bandgeschichte und verbindet klassische Queen-Hymnen mit moderner Chorarbeit. Gastgeber  ist der MGV Frohsinn Kandel, der auch bewirtet. <\/p>\n<p>Hinter dem Projekt steht  die Idee eines  gemeinschaftlichen Musikerlebnisses. Mitmachen konnten S\u00e4nger aus verschiedenen Ch\u00f6ren und  Interessierte ohne gr\u00f6\u00dfere Chorerfahrung. Ziel sei es, Menschen aus  \u00fcber die Musik zusammenzubringen. Die Musik von Queen eigne sich daf\u00fcr besonders, hei\u00dft es von Chorwerk. Die Songs seien generations\u00fcbergreifend bekannt und w\u00fcrden bis heute ein breites Publikum ansprechen.<\/p>\n<p>Karten f\u00fcr Sonntag, 21. Juni, k\u00f6nnen per E-Mail an <a href=\"https:\/\/www.rheinpfalz.de\/lokal\/mailto:%20chorwerk-hagenbach@web.de\" target=\"_blank\" class=\"external-link-new-window\" title=\"\" rel=\"nofollow noopener\">chorwerk-hagenbach@web.de<\/a> bestellt werden: im  Vorverkaufspreis f\u00fcr 17 Euro, an der Abendkasse f\u00fcr  19 Euro.<\/p>\n","protected":false},"excerpt":{"rendered":"Fast 100 S\u00e4nger bringen beim Queen-Projekt \u201eOne Vision\u201c bekannte Hits auf die B\u00fchne der Bienwaldhalle in Kandel. Das&hellip;\n","protected":false},"author":2,"featured_media":1001255,"comment_status":"","ping_status":"","sticky":false,"template":"","format":"standard","meta":{"footnotes":"","_share_on_mastodon":"0"},"categories":[1844],"tags":[1634,3364,29,30,32742,34959,8903,4060],"class_list":["post-1001254","post","type-post","status-publish","format-standard","has-post-thumbnail","category-karlsruhe","tag-baden-wuerttemberg","tag-de","tag-deutschland","tag-germany","tag-hagenbach","tag-kandel","tag-karlsruhe","tag-lokal"],"share_on_mastodon":{"url":"https:\/\/pubeurope.com\/@de\/116533549762579776","error":""},"_links":{"self":[{"href":"https:\/\/www.europesays.com\/de\/wp-json\/wp\/v2\/posts\/1001254","targetHints":{"allow":["GET"]}}],"collection":[{"href":"https:\/\/www.europesays.com\/de\/wp-json\/wp\/v2\/posts"}],"about":[{"href":"https:\/\/www.europesays.com\/de\/wp-json\/wp\/v2\/types\/post"}],"author":[{"embeddable":true,"href":"https:\/\/www.europesays.com\/de\/wp-json\/wp\/v2\/users\/2"}],"replies":[{"embeddable":true,"href":"https:\/\/www.europesays.com\/de\/wp-json\/wp\/v2\/comments?post=1001254"}],"version-history":[{"count":0,"href":"https:\/\/www.europesays.com\/de\/wp-json\/wp\/v2\/posts\/1001254\/revisions"}],"wp:featuredmedia":[{"embeddable":true,"href":"https:\/\/www.europesays.com\/de\/wp-json\/wp\/v2\/media\/1001255"}],"wp:attachment":[{"href":"https:\/\/www.europesays.com\/de\/wp-json\/wp\/v2\/media?parent=1001254"}],"wp:term":[{"taxonomy":"category","embeddable":true,"href":"https:\/\/www.europesays.com\/de\/wp-json\/wp\/v2\/categories?post=1001254"},{"taxonomy":"post_tag","embeddable":true,"href":"https:\/\/www.europesays.com\/de\/wp-json\/wp\/v2\/tags?post=1001254"}],"curies":[{"name":"wp","href":"https:\/\/api.w.org\/{rel}","templated":true}]}}