{"id":1001424,"date":"2026-05-07T15:09:53","date_gmt":"2026-05-07T15:09:53","guid":{"rendered":"https:\/\/www.europesays.com\/de\/1001424\/"},"modified":"2026-05-07T15:09:53","modified_gmt":"2026-05-07T15:09:53","slug":"pol-sl-nach-zwei-einbruchsversuchen-in-rehlingen-und-merzig-tatverdaechtiger-in","status":"publish","type":"post","link":"https:\/\/www.europesays.com\/de\/1001424\/","title":{"rendered":"POL-SL: Nach zwei Einbruchsversuchen in Rehlingen und Merzig \/ Tatverd\u00e4chtiger in &#8230;"},"content":{"rendered":"<p class=\"date\">07.05.2026 \u2013 14:54<\/p>\n<p class=\"customer\">\n                        <a class=\"story-customer\" title=\"weiter zum newsroom von Landespolizeidirektion Saarland\" href=\"https:\/\/www.presseportal.de\/blaulicht\/nr\/120462\" rel=\"nofollow noopener\" target=\"_blank\">Landespolizeidirektion Saarland<\/a>\n                    <\/p>\n<p><a data-category=\"citylink-story-view\" data-action=\"click\" data-label=\"Citylink in Meldungsansicht\" class=\"story-city event-trigger\" href=\"https:\/\/www.presseportal.de\/regional\/Rehlingen%252FMerzig\" title=\"News aus Rehlingen\/Merzig \" rel=\"nofollow noopener\" target=\"_blank\">Rehlingen\/Merzig<\/a> (ots)<\/p>\n<p> Gleich zwei Einbruchsversuche wurden der Polizei am gestrigen Tag zwischen 12:20 Uhr und 13:35 Uhr in Rehlingen-Siersburg sowie in Merzig-Hilbringen gemeldet. Nach Hinweisen auf ein Fluchtfahrzeug mit franz\u00f6sischen Kennzeichen sowie der Grenzn\u00e4he der beiden Tat\u00f6rtlichkeiten, ersuchte die Polizei Saarland \u00fcber das Gemeinsame Zentrum in Luxemburg die franz\u00f6sische Polizei um Mitfahndung. So konnte das zuvor gesehene Fluchtfahrzeug durch die Polizei in Frankreich aufgenommen werden. Ein 25-j\u00e4hriger S\u00fcdamerikaner wurde festgenommen. Die Fahndung nach den weiter unbekannten Mitt\u00e4tern verlief bislang ohne Erfolg. <\/p>\n<p> Gegen 12:20 Uhr begaben sich mehrere unbekannte M\u00e4nner zum r\u00fcckw\u00e4rtigen Bereich eines freistehenden Einfamilienhauses in Rehlingen-Siersburg. Dort gingen sie ein Fenster mittels Hebelwerkzeug an. Eine aufmerksame Nachbarin st\u00f6rte die Personen, so dass diese von einer weiteren Tatbegehung ablie\u00dfen und sich in unbekannte Richtung entfernten. <\/p>\n<p> Gegen 13:35 Uhr st\u00f6rte die Bewohnerin eines Anwesens in Merzig-Hilbringen ebenfalls mehrere unbekannte M\u00e4nner beim Versuch, die Terrassent\u00fcr aufzuhebeln. Als diese die Anwesenheit der Bewohnerin bemerkten, fl\u00fcchteten die Unbekannten mit einem grauen Kastenwagen mit franz\u00f6sischen Kennzeichen in Richtung Frankreich. <\/p>\n<p> Auf Grund des m\u00f6glichen Bezugs nach Frankreich informierte die Polizei Saarland \u00fcber das &#8222;Gemeinsame Zentrum f\u00fcr Polizei- und Zollzusammenarbeit in Luxemburg&#8220; die franz\u00f6sische Polizei. Deren Einsatzkr\u00e4fte meldeten gegen 14:50 Uhr, dass man das besagte Fahrzeug feststellen sowie einen Insassen festnehmen konnte. Bei dem Insassen handelte es sich um einen 25-J\u00e4hrigen mit s\u00fcdamerikanischer Herkunft. Dieser befindet sich auf Grund des dringenden Tatverdachts wegen des mehrfachen versuchten Wohnungseinbruchdiebstahls seither in Frankreich in Haft und wartet dort nun auf seine Auslieferung nach Deutschland. <\/p>\n<p> Innenminister Reinhold Jost lobte die gute Zusammenarbeit der Polizei Saarland mit den franz\u00f6sischen Kolleginnen und Kollegen: &#8222;Durch die kurzen Meldewege und die hervorragende Zusammenarbeit &#8211; insbesondere \u00fcber das Gemeinsame Zentrum in Luxemburg &#8211; gelang ein schneller Fahndungserfolg und ein Tatverd\u00e4chtiger konnte z\u00fcgig festgenommen werden. Dieser Fall zeigt erneut wie wichtig die grenz\u00fcberschreitende Zusammenarbeit der Sicherheitsbeh\u00f6rden ist. Aber auch das umsichtige Handeln einer Nachbarin in Rehlingen ist besonders erw\u00e4hnenswert, da hierdurch ein Einbruch verhindert wurde.&#8220; <\/p>\n<p> In diesem Zusammenhang weist die Polizei Saarland erneut auf die Pr\u00e4ventionsma\u00dfnahme &#8222;Vorsicht! Wachsamer Nachbar&#8220; hin. Durch gegenseitige Aufmerksamkeit in der Nachbarschaft &#8211; wie in dem Fall in Rehlingen geschehen &#8211; k\u00f6nnen Einbr\u00fcche effektiv verhindert werden. <\/p>\n<p> Im Anschluss durchgef\u00fchrte Fahndungsma\u00dfnahmen nach den weiteren fl\u00fcchtigen Personen verliefen bislang ohne Erfolg. Die Personen werden folgenderma\u00dfen be-schrieben: <\/p>\n<p>   &#8211; m\u00e4nnlich<br \/>\n   &#8211; ca. 25-30 Jahre alt<br \/>\n   &#8211; ca. 175 bis 180 cm gro\u00df<br \/>\n   &#8211; \u00fcberwiegend dunkel gekleidet<\/p>\n<p> Zeugen, welche sachdienliche Angaben machen k\u00f6nnen, werden gebeten, sich beim Kriminaldauerdienst in Saarbr\u00fccken, Tel.: 0681\/962-2133, zu melden. F\u00fcr die Hinweis\u00fcbermittlung kann auch die Onlinewache unter  <a target=\"_blank\" class=\"uri-ext outbound\" rel=\"noopener nofollow\" href=\"https:\/\/portal.onlinewache.polizei.de\/de\/\">https:\/\/portal.onlinewache.polizei.de\/de\/<\/a> genutzt werden. <\/p>\n<p class=\"contact-headline\">R\u00fcckfragen von Medienvertretern bitte an:<\/p>\n<p class=\"contact-text\">Landespolizeidirektion Saarland<br \/>Jens Dewes<br \/>Mainzer Stra\u00dfe 134-136<br \/>66121 Saarbr\u00fccken<br \/>Telefon: 0681\/ 962-8014<br \/>E-Mail: <a href=\"https:\/\/www.presseportal.de\/blaulicht\/pm\/120462\/mailto: lpd-presse@polizei.slpol.de\" class=\"uri-mailto\" rel=\"nofollow noopener\" target=\"_blank\"> lpd-presse@polizei.slpol.de<\/a><br \/>Internet: <a target=\"_blank\" class=\"uri-ext outbound\" rel=\"noopener nofollow\" href=\"https:\/\/www.polizei.saarland.de\">www.polizei.saarland.de<\/a><br \/>Twitter: <a target=\"_blank\" class=\"uri-ext outbound\" rel=\"noopener nofollow\" href=\"https:\/\/twitter.com\/polizeisaarland?lang=de\">https:\/\/twitter.com\/polizeisaarland?lang=de<\/a><br \/>Facebook: <a target=\"_blank\" class=\"uri-ext outbound\" rel=\"noopener nofollow\" href=\"https:\/\/de-de.facebook.com\/Polizei.Saarland\">https:\/\/de-de.facebook.com\/Polizei.Saarland<\/a><br \/>Instagram: <a target=\"_blank\" class=\"uri-ext outbound\" rel=\"noopener nofollow\" href=\"https:\/\/www.instagram.com\/polizei_saarland\">https:\/\/www.instagram.com\/polizei_saarland<\/a><br \/>Youtube: <a target=\"_blank\" class=\"uri-ext outbound\" rel=\"noopener nofollow\" href=\"https:\/\/www.youtube.com\/channel\/UCjrFf1AVlv7NqaGzigS1R-g\">https:\/\/www.youtube.com\/channel\/UCjrFf1AVlv7NqaGzigS1R-g<\/a><\/p>\n<p class=\"originator\">Original-Content von: Landespolizeidirektion Saarland, \u00fcbermittelt durch news aktuell<\/p>\n<p>                <script async src=\"https:\/\/platform.twitter.com\/widgets.js\" charset=\"utf-8\"><\/script><script async src=\"\/\/www.instagram.com\/embed.js\"><\/script><\/p>\n","protected":false},"excerpt":{"rendered":"07.05.2026 \u2013 14:54 Landespolizeidirektion Saarland Rehlingen\/Merzig (ots) Gleich zwei Einbruchsversuche wurden der Polizei am gestrigen Tag zwischen 12:20&hellip;\n","protected":false},"author":2,"featured_media":386213,"comment_status":"","ping_status":"","sticky":false,"template":"","format":"standard","meta":{"footnotes":"","_share_on_mastodon":"0"},"categories":[3974],"tags":[331,332,548,663,3934,3980,156,13,177,14,15,121,178,180,179,181,12,38044],"class_list":["post-1001424","post","type-post","status-publish","format-standard","has-post-thumbnail","category-frankreich","tag-aktuelle-nachrichten","tag-aktuelle-news","tag-eu","tag-europa","tag-europe","tag-france","tag-frankreich","tag-headlines","tag-kriminalitt","tag-nachrichten","tag-news","tag-polizei","tag-presse","tag-pressemeldung","tag-pressemitteilung","tag-pressemitteilungen","tag-schlagzeilen","tag-sl"],"share_on_mastodon":{"url":"https:\/\/pubeurope.com\/@de\/116533934738515284","error":""},"_links":{"self":[{"href":"https:\/\/www.europesays.com\/de\/wp-json\/wp\/v2\/posts\/1001424","targetHints":{"allow":["GET"]}}],"collection":[{"href":"https:\/\/www.europesays.com\/de\/wp-json\/wp\/v2\/posts"}],"about":[{"href":"https:\/\/www.europesays.com\/de\/wp-json\/wp\/v2\/types\/post"}],"author":[{"embeddable":true,"href":"https:\/\/www.europesays.com\/de\/wp-json\/wp\/v2\/users\/2"}],"replies":[{"embeddable":true,"href":"https:\/\/www.europesays.com\/de\/wp-json\/wp\/v2\/comments?post=1001424"}],"version-history":[{"count":0,"href":"https:\/\/www.europesays.com\/de\/wp-json\/wp\/v2\/posts\/1001424\/revisions"}],"wp:featuredmedia":[{"embeddable":true,"href":"https:\/\/www.europesays.com\/de\/wp-json\/wp\/v2\/media\/386213"}],"wp:attachment":[{"href":"https:\/\/www.europesays.com\/de\/wp-json\/wp\/v2\/media?parent=1001424"}],"wp:term":[{"taxonomy":"category","embeddable":true,"href":"https:\/\/www.europesays.com\/de\/wp-json\/wp\/v2\/categories?post=1001424"},{"taxonomy":"post_tag","embeddable":true,"href":"https:\/\/www.europesays.com\/de\/wp-json\/wp\/v2\/tags?post=1001424"}],"curies":[{"name":"wp","href":"https:\/\/api.w.org\/{rel}","templated":true}]}}