{"id":1001539,"date":"2026-05-07T16:17:11","date_gmt":"2026-05-07T16:17:11","guid":{"rendered":"https:\/\/www.europesays.com\/de\/1001539\/"},"modified":"2026-05-07T16:17:11","modified_gmt":"2026-05-07T16:17:11","slug":"karlsruhe-grosseinsatz-der-polizei-am-schlossplatz","status":"publish","type":"post","link":"https:\/\/www.europesays.com\/de\/1001539\/","title":{"rendered":"Karlsruhe: Gro\u00dfeinsatz der Polizei am Schlossplatz"},"content":{"rendered":"<p class=\"mb-6 text-xs md:text-m lg:text-l font-serif group-[.font-sans]:font-sans \">\n    Am Donnerstagnachmittag, 7. Mai, gegen 16.30 Uhr kontrolliert die Polizei <a href=\"https:\/\/www.ka-news.de\/promis\/karlsruhe-kulturlandschaft-technologieregion-und-residenz-des-rechts-die-faecherstadt-im-ueberblick-art-2783253\" target=\"_self\" class=\"underline \" rel=\"nofollow noopener\">Karlsruhe<\/a> mit mehreren Mannschaftswagen am Marktplatz und am <a href=\"https:\/\/www.ka-news.de\/region\/karlsruhe\/das-schloss-in-karlsruhe-das-wahrzeichen-der-faecherstadt-art-2806631\" target=\"_self\" class=\"underline \" rel=\"nofollow noopener\">Schlossplatz<\/a><strong class=\"font-bold\"> verd\u00e4chtige Personen<\/strong>. <a href=\"https:\/\/www.ka-news.de\/karlsruhe\/stadtgespraech\/waffenverbotszone-in-karlsruhe-an-gefaehrlichen-orten-mit-kontrollen-113239133\" target=\"_self\" class=\"underline \" rel=\"nofollow noopener\">Diese Areale werden als<strong class=\"font-bold\"> gef\u00e4hrliche Orte eingestuft<\/strong>, weshalb dort seit dem 21. Januar 2026 eine Waffenverbotszone gil<\/a>t.\n  <\/p>\n<p>            Was wird kontrolliert?<\/p>\n<p class=\"mb-6 text-xs md:text-m lg:text-l font-serif group-[.font-sans]:font-sans \">\n    Ein Sprecher der Polizei <a href=\"https:\/\/www.ka-news.de\/karlsruhe\" target=\"_self\" class=\"underline \" rel=\"nofollow noopener\">Karlsruhe<\/a> best\u00e4tigt auf Nachfrage der Redaktion die Kontrollen. Durchgef\u00fchrt werden diese von Unterst\u00fctzungskr\u00e4ften, um an den Orten das<strong class=\"font-bold\"> Messerverbot durchzusetzen, Straftaten zu erfassen und zu verhindern. <\/strong>Die Ma\u00dfnahmen erfolgen jedoch ohne besonderen Hintergrund, sondern sind <strong class=\"font-bold\">Teil der \u201eKonzeption Sichere Innenstadt\u201c.<\/strong>\n  <\/p>\n","protected":false},"excerpt":{"rendered":"Am Donnerstagnachmittag, 7. Mai, gegen 16.30 Uhr kontrolliert die Polizei Karlsruhe mit mehreren Mannschaftswagen am Marktplatz und am&hellip;\n","protected":false},"author":2,"featured_media":1001540,"comment_status":"","ping_status":"","sticky":false,"template":"","format":"standard","meta":{"footnotes":"","_share_on_mastodon":"0"},"categories":[1844],"tags":[7382,1634,3364,29,30,3786,8903,55094,121,14655,13667],"class_list":["post-1001539","post","type-post","status-publish","format-standard","has-post-thumbnail","category-karlsruhe","tag-marktplatz","tag-baden-wuerttemberg","tag-de","tag-deutschland","tag-germany","tag-grosseinsatz","tag-karlsruhe","tag-mannschaftswagen","tag-polizei","tag-schlossplatz","tag-waffenverbotszone"],"share_on_mastodon":{"url":"https:\/\/pubeurope.com\/@de\/116534198506663263","error":""},"_links":{"self":[{"href":"https:\/\/www.europesays.com\/de\/wp-json\/wp\/v2\/posts\/1001539","targetHints":{"allow":["GET"]}}],"collection":[{"href":"https:\/\/www.europesays.com\/de\/wp-json\/wp\/v2\/posts"}],"about":[{"href":"https:\/\/www.europesays.com\/de\/wp-json\/wp\/v2\/types\/post"}],"author":[{"embeddable":true,"href":"https:\/\/www.europesays.com\/de\/wp-json\/wp\/v2\/users\/2"}],"replies":[{"embeddable":true,"href":"https:\/\/www.europesays.com\/de\/wp-json\/wp\/v2\/comments?post=1001539"}],"version-history":[{"count":0,"href":"https:\/\/www.europesays.com\/de\/wp-json\/wp\/v2\/posts\/1001539\/revisions"}],"wp:featuredmedia":[{"embeddable":true,"href":"https:\/\/www.europesays.com\/de\/wp-json\/wp\/v2\/media\/1001540"}],"wp:attachment":[{"href":"https:\/\/www.europesays.com\/de\/wp-json\/wp\/v2\/media?parent=1001539"}],"wp:term":[{"taxonomy":"category","embeddable":true,"href":"https:\/\/www.europesays.com\/de\/wp-json\/wp\/v2\/categories?post=1001539"},{"taxonomy":"post_tag","embeddable":true,"href":"https:\/\/www.europesays.com\/de\/wp-json\/wp\/v2\/tags?post=1001539"}],"curies":[{"name":"wp","href":"https:\/\/api.w.org\/{rel}","templated":true}]}}