{"id":1004419,"date":"2026-05-08T19:58:36","date_gmt":"2026-05-08T19:58:36","guid":{"rendered":"https:\/\/www.europesays.com\/de\/1004419\/"},"modified":"2026-05-08T19:58:36","modified_gmt":"2026-05-08T19:58:36","slug":"im-liveticker-holstein-kiel-empfaengt-magdeburg","status":"publish","type":"post","link":"https:\/\/www.europesays.com\/de\/1004419\/","title":{"rendered":"Im Liveticker: Holstein Kiel empf\u00e4ngt Magdeburg"},"content":{"rendered":"<p class=\"\">\n                    F\u00fcr Holstein Kiel ist der Klassenerhalt geschafft: Im heimischen Holstein-Stadion sorgte das Team von Trainer Tim Walter f\u00fcr klare Verh\u00e4ltnisse &#8211; ein 2:0-Erfolg gegen Eintracht Braunschweig und alle potenziellen Abstiegssorgen wurden beseitigt.\n            <\/p>\n<p class=\"\">Lesen Sie auch: <a href=\"https:\/\/www.shz.de\/sport\/holstein-kiel\/artikel\/holstein-kiel-trainer-tim-walter-stuerzt-vpr-pressekonferenz-50592991\" class=\"link underline-blue\" title=\"\" target=\"_self\" rel=\"nofollow noopener\">Malheur vor dem Erras-Abschied: Trainer Walter kommt bei Holstein Kiel zu Fall<\/a><\/p>\n<p class=\"\">\n                    In der 2. Liga-Saison 2025\/2026 steht nun das letzte Spiel an der F\u00f6rde an. Dabei auch im Fokus: KSV-Verteidiger Patrick Erras. Nach f\u00fcnf Jahren im Holstein-Dress k\u00f6nnte es emotional werden, wenn es zur Verabschiedung des einstiegen Defensivstrategen kommt. Verfolgen Sie das Spiel im Liveticker auf shz.de. Los geht es am Samstag um 13 Uhr.\n            <\/p>\n<p class=\"\">\n                    Am vergangenen Spieltag zeigte Holstein Kiel beim 1:0-Erfolg gegen Hertha BSC vor allem Effizienz. Jene Effizienz, die Holstein \u00fcber weite Strecken der laufenden 2. Liga-Saison nach einem gro\u00dfen Umbruch hat vermissen lassen.\n            <\/p>\n<p class=\"\">Immer auf dem Laufenden bleiben mit unserem <a href=\"https:\/\/www.shz.de\/sport\/holstein-kiel\/artikel\/holstein-kiel-verpflichtet-u-nationalspieler-moritz-reimers-47582852\" class=\"link underline-blue\" title=\"\" target=\"_self\" rel=\"nofollow noopener\">Holstein-Kiel-Liveblog<\/a><\/p>\n<p>            Liveticker: Holstein Kiel gegen Magdeburg<\/p>\n","protected":false},"excerpt":{"rendered":"F\u00fcr Holstein Kiel ist der Klassenerhalt geschafft: Im heimischen Holstein-Stadion sorgte das Team von Trainer Tim Walter f\u00fcr&hellip;\n","protected":false},"author":2,"featured_media":1004420,"comment_status":"","ping_status":"","sticky":false,"template":"","format":"standard","meta":{"footnotes":"","_share_on_mastodon":"0"},"categories":[1852],"tags":[26995,6429,26994,3364,26996,29,8704,548,663,3934,30,13,3140,10243,4949,4063,14,15,26997,12,1971,5843],"class_list":["post-1004419","post","type-post","status-publish","format-standard","has-post-thumbnail","category-kiel","tag-1-fussball-bundesliga","tag-braunschweig","tag-data_entplusst","tag-de","tag-deutsche-meisterschaften","tag-deutschland","tag-eintracht-braunschweig","tag-eu","tag-europa","tag-europe","tag-germany","tag-headlines","tag-hertha-bsc-berlin","tag-holstein-kiel","tag-kiel","tag-magdeburg","tag-nachrichten","tag-news","tag-pokalwettbewerb","tag-schlagzeilen","tag-schleswig-holstein","tag-trainer"],"share_on_mastodon":{"url":"https:\/\/pubeurope.com\/@de\/116540729604855458","error":""},"_links":{"self":[{"href":"https:\/\/www.europesays.com\/de\/wp-json\/wp\/v2\/posts\/1004419","targetHints":{"allow":["GET"]}}],"collection":[{"href":"https:\/\/www.europesays.com\/de\/wp-json\/wp\/v2\/posts"}],"about":[{"href":"https:\/\/www.europesays.com\/de\/wp-json\/wp\/v2\/types\/post"}],"author":[{"embeddable":true,"href":"https:\/\/www.europesays.com\/de\/wp-json\/wp\/v2\/users\/2"}],"replies":[{"embeddable":true,"href":"https:\/\/www.europesays.com\/de\/wp-json\/wp\/v2\/comments?post=1004419"}],"version-history":[{"count":0,"href":"https:\/\/www.europesays.com\/de\/wp-json\/wp\/v2\/posts\/1004419\/revisions"}],"wp:featuredmedia":[{"embeddable":true,"href":"https:\/\/www.europesays.com\/de\/wp-json\/wp\/v2\/media\/1004420"}],"wp:attachment":[{"href":"https:\/\/www.europesays.com\/de\/wp-json\/wp\/v2\/media?parent=1004419"}],"wp:term":[{"taxonomy":"category","embeddable":true,"href":"https:\/\/www.europesays.com\/de\/wp-json\/wp\/v2\/categories?post=1004419"},{"taxonomy":"post_tag","embeddable":true,"href":"https:\/\/www.europesays.com\/de\/wp-json\/wp\/v2\/tags?post=1004419"}],"curies":[{"name":"wp","href":"https:\/\/api.w.org\/{rel}","templated":true}]}}