{"id":100510,"date":"2025-05-10T21:21:09","date_gmt":"2025-05-10T21:21:09","guid":{"rendered":"https:\/\/www.europesays.com\/de\/100510\/"},"modified":"2025-05-10T21:21:09","modified_gmt":"2025-05-10T21:21:09","slug":"gaza-eu-fraktionschefs-fordern-von-israel-ende-der-hilfsblockade","status":"publish","type":"post","link":"https:\/\/www.europesays.com\/de\/100510\/","title":{"rendered":"Gaza: EU-Fraktionschefs fordern von Israel Ende der Hilfsblockade"},"content":{"rendered":"<p class=\"metatextline\">Stand: 10.05.2025 14:25 Uhr<\/p>\n<p class=\"textabsatz columns twelve  m-ten  m-offset-one l-eight l-offset-two\">\n        <strong>Seit Wochen l\u00e4sst Israel keine Hilfsg\u00fcter mehr in den Gazastreifen. Im Europaparlament l\u00f6st das partei\u00fcbergreifend Emp\u00f6rung aus. Fraktionsvorsitzende von konservativ bis links fordern gemeinsam eine Aufhebung der Blockade.<\/strong>\n    <\/p>\n<p class=\"textabsatz m-ten m-offset-one l-eight l-offset-two columns twelve\">\n\u00dcber Parteigrenzen hinweg haben Fraktionsvorsitzende des Europ\u00e4ischen Parlaments Israel aufgefordert, sofort wieder Hilfsg\u00fcter in den Gazastreifen zu lassen. In einer gemeinsamen Erkl\u00e4rung hei\u00dft es, man verurteile &#8222;jeden Akt der Politisierung oder Militarisierung der humanit\u00e4ren Hilfe&#8220;. Die Unterzeichner fordern sofortige und wirksame Ma\u00dfnahmen zur Linderung der &#8222;unertr\u00e4glichen humanit\u00e4ren Krise im Gazastreifen vor dem Hintergrund der von der israelischen Regierung verh\u00e4ngten Blockade&#8220;.<\/p>\n<p class=\"textabsatz m-ten m-offset-one l-eight l-offset-two columns twelve\">\nDie Erkl\u00e4rung stammt von den Vorsitzenden der konservativen EVP (Manfred Weber), der sozialdemokratischen S&amp;D (Iratxe Garc\u00eda), der liberalen Renew (Val\u00e9rie Hayer), der Gr\u00fcnen (Terry Reintke und Bas Eickhout), und der Linken (Martin Schirdewan).<\/p>\n<p class=\"textabsatz m-ten m-offset-one l-eight l-offset-two columns twelve\">\n&#8222;Wir fordern die israelischen Beh\u00f6rden auf, in Zusammenarbeit mit den Vereinten Nationen und humanit\u00e4ren Organisationen, unverz\u00fcglich Ma\u00dfnahmen zu ergreifen, um der pal\u00e4stinensischen Bev\u00f6lkerung im Gazastreifen ungehinderten Zugang zu lebenswichtiger humanit\u00e4rer Hilfe sicherzustellen&#8220;, zitiert die Nachrichtenagentur dpa aus der Erkl\u00e4rung. Zuvor hatte der <a href=\"https:\/\/www.spiegel.de\/ausland\/gaza-eu-fraktionsvorsitzende-fordern-aufhebung-der-hilfsgueter-blockade-a-53931ebf-c4cd-48cd-a75b-3da6e2516594\" title=\"EU-Fraktionsvorsitzende fordern von Israel Aufhebung der Gazablockade\" class=\"textlink--extern js-link-dialog\" rel=\"noopener noreferrer\" target=\"_blank\" data-type=\"external\">Spiegel<\/a> dar\u00fcber berichtet.<\/p>\n<p>    Ruf nach dauerhaftem Waffenstillstand und Zweistaatenl\u00f6sung<\/p>\n<p class=\"textabsatz m-ten m-offset-one l-eight l-offset-two columns twelve\">\nDas israelische Milit\u00e4r l\u00e4sst seit mehr als zwei Monaten keine Hilfslieferungen mehr in den Gazastreifen. Das Land wirft der islamistischen Hamas vor, Hilfsg\u00fcter abzugreifen und gewinnbringend an die Zivilbev\u00f6lkerung zu verkaufen, um so ihren Kampf zu finanzieren. Die Lage der Menschen in der Region ist katastrophal. Es fehlt an Lebensmitteln, Trinkwasser, Medikamenten und Dingen des t\u00e4glichen Bedarfs. Internationale Hilfsorganisationen warnen eindringlich vor einer wachsender Hungersnot.<\/p>\n<p class=\"textabsatz m-ten m-offset-one l-eight l-offset-two columns twelve\">\nDie Fraktionsvorsitzenden des Europ\u00e4ischen Parlaments forderten in ihrer Erkl\u00e4rung zudem die EU-Kommission auf, mehr f\u00fcr einen dauerhaften Waffenstillstand und eine Zweistaatenl\u00f6sung zu tun. Es brauche proaktive diplomatische Bem\u00fchungen.<\/p>\n<p>    Wadephul fordert Versorgung der Menschen in Gaza<\/p>\n<p class=\"textabsatz m-ten m-offset-one l-eight l-offset-two columns twelve\">\nBei seinem Antrittsbesuch in Israel will sich auch der neue Bundesau\u00dfenminister Johann Wadephul f\u00fcr die pal\u00e4stinensische Bev\u00f6lkerung in Gaza einsetzen. Es brauche &#8222;einen Einstieg in ernsthafte Verhandlungen \u00fcber einen Waffenstillstand mit dem Ziel der Freilassung aller Geiseln und der Versorgung der Menschen in Gaza&#8220;, sagte Wadephul vor seinem Abflug nach Israel laut Mitteilung des Ministeriums. &#8222;Die humanit\u00e4re Situation im Gazastreifen ist mittlerweile unertr\u00e4glich geworden.&#8220;<\/p>\n<p class=\"textabsatz m-ten m-offset-one l-eight l-offset-two columns twelve\">\nDie Hamas und andere islamistische Milizen hatten am 7. Oktober 2023 mit ihrem Gro\u00dfangriff auf Israel den Krieg ausgel\u00f6st. Dabei wurden mehr als 1.200 Menschen get\u00f6tet und zahlreiche Geiseln in den Gazastreifen verschleppt. Etwa 60 sollen sich noch in der Gewalt der Hamas befinden, von denen 24 noch am Leben sein sollen.<\/p>\n","protected":false},"excerpt":{"rendered":"Stand: 10.05.2025 14:25 Uhr Seit Wochen l\u00e4sst Israel keine Hilfsg\u00fcter mehr in den Gazastreifen. Im Europaparlament l\u00f6st das&hellip;\n","protected":false},"author":2,"featured_media":100511,"comment_status":"","ping_status":"","sticky":false,"template":"","format":"standard","meta":{"footnotes":""},"categories":[3933],"tags":[331,332,548,663,158,3934,3935,739,13,411,14,15,12],"class_list":{"0":"post-100510","1":"post","2":"type-post","3":"status-publish","4":"format-standard","5":"has-post-thumbnail","7":"category-eu","8":"tag-aktuelle-nachrichten","9":"tag-aktuelle-news","10":"tag-eu","11":"tag-europa","12":"tag-europaeische-union","13":"tag-europe","14":"tag-european-union","15":"tag-gaza","16":"tag-headlines","17":"tag-israel","18":"tag-nachrichten","19":"tag-news","20":"tag-schlagzeilen"},"share_on_mastodon":{"url":"https:\/\/pubeurope.com\/@de\/114485636889059741","error":""},"_links":{"self":[{"href":"https:\/\/www.europesays.com\/de\/wp-json\/wp\/v2\/posts\/100510","targetHints":{"allow":["GET"]}}],"collection":[{"href":"https:\/\/www.europesays.com\/de\/wp-json\/wp\/v2\/posts"}],"about":[{"href":"https:\/\/www.europesays.com\/de\/wp-json\/wp\/v2\/types\/post"}],"author":[{"embeddable":true,"href":"https:\/\/www.europesays.com\/de\/wp-json\/wp\/v2\/users\/2"}],"replies":[{"embeddable":true,"href":"https:\/\/www.europesays.com\/de\/wp-json\/wp\/v2\/comments?post=100510"}],"version-history":[{"count":0,"href":"https:\/\/www.europesays.com\/de\/wp-json\/wp\/v2\/posts\/100510\/revisions"}],"wp:featuredmedia":[{"embeddable":true,"href":"https:\/\/www.europesays.com\/de\/wp-json\/wp\/v2\/media\/100511"}],"wp:attachment":[{"href":"https:\/\/www.europesays.com\/de\/wp-json\/wp\/v2\/media?parent=100510"}],"wp:term":[{"taxonomy":"category","embeddable":true,"href":"https:\/\/www.europesays.com\/de\/wp-json\/wp\/v2\/categories?post=100510"},{"taxonomy":"post_tag","embeddable":true,"href":"https:\/\/www.europesays.com\/de\/wp-json\/wp\/v2\/tags?post=100510"}],"curies":[{"name":"wp","href":"https:\/\/api.w.org\/{rel}","templated":true}]}}