{"id":1005584,"date":"2026-05-09T07:12:52","date_gmt":"2026-05-09T07:12:52","guid":{"rendered":"https:\/\/www.europesays.com\/de\/1005584\/"},"modified":"2026-05-09T07:12:52","modified_gmt":"2026-05-09T07:12:52","slug":"offene-pforte-drei-gaerten-laden-zu-einem-besuch-ein","status":"publish","type":"post","link":"https:\/\/www.europesays.com\/de\/1005584\/","title":{"rendered":"Offene Pforte: Drei G\u00e4rten laden zu einem Besuch ein"},"content":{"rendered":"<p>Verstecktes Idyll in Beiertheim<\/p>\n<p>Am Samstag, 9. Mai 2026, darf der Blockinnenhof in der Karolinenstra\u00dfe 10 besichtigt werden. Den etwa 150 Quadratmeter gro\u00dfen Garten pflegt ein Mieter, wodurch sich die anderen Hausbewohner an einem gr\u00fcnen und bl\u00fchenden Raum vor ihrem Zuhause erfreuen k\u00f6nnen. W\u00e4hrend der Besichtigungszeit von 10 bis 17 Uhr kann man direkt von der Haust\u00fcr bis zum Hof durchgehen. Neben einem Sitzplatz ist dort ein Auslauf f\u00fcr Schildkr\u00f6ten und ein Beet mit mehreren Bonsaipflanzen. Im Sommer werden einige Kr\u00e4uter, Stauden und Geh\u00f6lze sowie verschiedene Sommerblumen und Tomaten gepflanzt. Einen zweiten Teil des Hofes betreuen Mieter des Nachbarhauses.<\/p>\n<p>Mitmach-Garten in Rintheim<\/p>\n<p>Am Karlsruher Ostring 9 (Zugang \u00fcber Pfarrer-Junker-Weg) w\u00e4chst auf einer Fl\u00e4che von rund 5.700 Quadratmetern ein gemeinschaftliches Gartenprojekt, das ebenfalls am 9. Mai 2026 von 14 bis 18 Uhr seine Tore f\u00fcr Garteninteressierte \u00f6ffnet. Zum Gel\u00e4nde geh\u00f6ren Wiesen, ein Teich, einige Beete, Stauden, eine Sitzecke mit k\u00fcnstlichem Bachlauf, Hecken, Komposthaufen und mehr.\u00a0Das ehemals als Schaugarten eines Steinhandels gestaltete Gel\u00e4nde wird jetzt genutzt vom Verein Mitmach-Garten Ostring. Eine \u00f6kologische und nachhaltige Bewirtschaftung ist den Mitgliedern ebenso wichtig wie ein fr\u00f6hliches Miteinander.<\/p>\n<p>Anwesen mit Weitsicht zwischen Stupferich und Durlach<\/p>\n<p>Im Stupfericher Weg 13 l\u00e4dt auch in diesem Jahr wieder das am Scheitelpunkt zwischen Durlach und Stupferich gelegene 1.200 Quadratmeter gro\u00dfe Anwesen ein. Am Muttertag, 10. Mai 2026, darf es von 13 bis 17 Uhr besucht werden. Der hausnahe, mit einer Hainbuchenhecke eingefriedete Garten bietet viele Sitzgelegenheiten. Von der anschlie\u00dfenden Terrasse, die den Wohnbereich mit dem Garten verbindet, erh\u00e4lt man einen wunderbaren Ausblick auf die Landschaft. Zwischen Wohnhaus, Wirtschaftsgeb\u00e4ude und Weg befindet sich der Nutzgarten mit Obstb\u00e4umen und H\u00fchnergehege.<\/p>\n","protected":false},"excerpt":{"rendered":"Verstecktes Idyll in Beiertheim Am Samstag, 9. Mai 2026, darf der Blockinnenhof in der Karolinenstra\u00dfe 10 besichtigt werden.&hellip;\n","protected":false},"author":2,"featured_media":1005585,"comment_status":"","ping_status":"","sticky":false,"template":"","format":"standard","meta":{"footnotes":"","_share_on_mastodon":"0"},"categories":[1844],"tags":[242,1634,3364,29,20957,598,30,8903,8822],"class_list":["post-1005584","post","type-post","status-publish","format-standard","has-post-thumbnail","category-karlsruhe","tag-242","tag-baden-wuerttemberg","tag-de","tag-deutschland","tag-durlach","tag-garten","tag-germany","tag-karlsruhe","tag-offene-pforte"],"share_on_mastodon":{"url":"https:\/\/pubeurope.com\/@de\/116543384013100606","error":""},"_links":{"self":[{"href":"https:\/\/www.europesays.com\/de\/wp-json\/wp\/v2\/posts\/1005584","targetHints":{"allow":["GET"]}}],"collection":[{"href":"https:\/\/www.europesays.com\/de\/wp-json\/wp\/v2\/posts"}],"about":[{"href":"https:\/\/www.europesays.com\/de\/wp-json\/wp\/v2\/types\/post"}],"author":[{"embeddable":true,"href":"https:\/\/www.europesays.com\/de\/wp-json\/wp\/v2\/users\/2"}],"replies":[{"embeddable":true,"href":"https:\/\/www.europesays.com\/de\/wp-json\/wp\/v2\/comments?post=1005584"}],"version-history":[{"count":0,"href":"https:\/\/www.europesays.com\/de\/wp-json\/wp\/v2\/posts\/1005584\/revisions"}],"wp:featuredmedia":[{"embeddable":true,"href":"https:\/\/www.europesays.com\/de\/wp-json\/wp\/v2\/media\/1005585"}],"wp:attachment":[{"href":"https:\/\/www.europesays.com\/de\/wp-json\/wp\/v2\/media?parent=1005584"}],"wp:term":[{"taxonomy":"category","embeddable":true,"href":"https:\/\/www.europesays.com\/de\/wp-json\/wp\/v2\/categories?post=1005584"},{"taxonomy":"post_tag","embeddable":true,"href":"https:\/\/www.europesays.com\/de\/wp-json\/wp\/v2\/tags?post=1005584"}],"curies":[{"name":"wp","href":"https:\/\/api.w.org\/{rel}","templated":true}]}}