{"id":1006206,"date":"2026-05-09T13:11:15","date_gmt":"2026-05-09T13:11:15","guid":{"rendered":"https:\/\/www.europesays.com\/de\/1006206\/"},"modified":"2026-05-09T13:11:15","modified_gmt":"2026-05-09T13:11:15","slug":"john-neumeiers-ballett-endstation-sehnsucht-feiert-premiere-in-der-oper-duesseldorf","status":"publish","type":"post","link":"https:\/\/www.europesays.com\/de\/1006206\/","title":{"rendered":"John Neumeiers Ballett &#8222;Endstation Sehnsucht&#8220; feiert Premiere in der Oper D\u00fcsseldorf"},"content":{"rendered":"<p class=\"text_ohne_einzug richtext text-em-55 !leading-serif mx-6 desktop:mx-0\">So viel eindeutigen Sex gab es schon lange nicht mehr auf der Opernb\u00fchne. Dabei geht es in diesem <a href=\"https:\/\/rp-online.de\/thema\/ballett\/\" rel=\"nofollow noopener\" target=\"_blank\">Ballett<\/a> gar nicht um Bettgeschichten. Es geht um Macht, breitbeinige M\u00e4nnlichkeit, gezierte Verf\u00fchrung, um zerbrochene Tr\u00e4ume, verzweifelte Illusionen, um das Untergehen einer alten Welt. Alles ohne Worte. John Neumeiers Ballett-Meisterwerk \u201eEndstation Sehnsucht\u201c spielt vordergr\u00fcndig in den USA und verhandelt doch allgemein Menschliches, das mehr als 40 Jahre nach der Urauff\u00fchrung nichts von der Tragik eingeb\u00fc\u00dft hat.<\/p>\n","protected":false},"excerpt":{"rendered":"So viel eindeutigen Sex gab es schon lange nicht mehr auf der Opernb\u00fchne. Dabei geht es in diesem&hellip;\n","protected":false},"author":2,"featured_media":1006207,"comment_status":"","ping_status":"","sticky":false,"template":"","format":"standard","meta":{"footnotes":"","_share_on_mastodon":"0"},"categories":[1838],"tags":[3364,29,3715,30,7006,1209,16988],"class_list":["post-1006206","post","type-post","status-publish","format-standard","has-post-thumbnail","category-duisburg","tag-de","tag-deutschland","tag-duisburg","tag-germany","tag-janssen","tag-nordrhein-westfalen","tag-sabine"],"share_on_mastodon":{"url":"https:\/\/pubeurope.com\/@de\/116544791371915136","error":""},"_links":{"self":[{"href":"https:\/\/www.europesays.com\/de\/wp-json\/wp\/v2\/posts\/1006206","targetHints":{"allow":["GET"]}}],"collection":[{"href":"https:\/\/www.europesays.com\/de\/wp-json\/wp\/v2\/posts"}],"about":[{"href":"https:\/\/www.europesays.com\/de\/wp-json\/wp\/v2\/types\/post"}],"author":[{"embeddable":true,"href":"https:\/\/www.europesays.com\/de\/wp-json\/wp\/v2\/users\/2"}],"replies":[{"embeddable":true,"href":"https:\/\/www.europesays.com\/de\/wp-json\/wp\/v2\/comments?post=1006206"}],"version-history":[{"count":0,"href":"https:\/\/www.europesays.com\/de\/wp-json\/wp\/v2\/posts\/1006206\/revisions"}],"wp:featuredmedia":[{"embeddable":true,"href":"https:\/\/www.europesays.com\/de\/wp-json\/wp\/v2\/media\/1006207"}],"wp:attachment":[{"href":"https:\/\/www.europesays.com\/de\/wp-json\/wp\/v2\/media?parent=1006206"}],"wp:term":[{"taxonomy":"category","embeddable":true,"href":"https:\/\/www.europesays.com\/de\/wp-json\/wp\/v2\/categories?post=1006206"},{"taxonomy":"post_tag","embeddable":true,"href":"https:\/\/www.europesays.com\/de\/wp-json\/wp\/v2\/tags?post=1006206"}],"curies":[{"name":"wp","href":"https:\/\/api.w.org\/{rel}","templated":true}]}}