{"id":1006282,"date":"2026-05-09T13:59:17","date_gmt":"2026-05-09T13:59:17","guid":{"rendered":"https:\/\/www.europesays.com\/de\/1006282\/"},"modified":"2026-05-09T13:59:17","modified_gmt":"2026-05-09T13:59:17","slug":"gruene-und-cdu-in-baden-wuerttemberg-stimmen-fuer-koalitionsvertrag","status":"publish","type":"post","link":"https:\/\/www.europesays.com\/de\/1006282\/","title":{"rendered":"Gr\u00fcne und CDU in Baden-W\u00fcrttemberg stimmen f\u00fcr Koalitionsvertrag"},"content":{"rendered":"<p>            <img loading=\"lazy\" decoding=\"async\" class=\"ts-image\" src=\"https:\/\/www.europesays.com\/de\/wp-content\/uploads\/2026\/05\/oezdemir-292.jpg\" alt=\"Cem \u00d6zdemir spricht auf einer B\u00fchne\" title=\"Cem \u00d6zdemir spricht auf einer B\u00fchne | Christoph Schmidt\/dpa\"\/><\/p>\n<p class=\"metatextline\">Stand: 09.05.2026 \u2022 15:26 Uhr<\/p>\n<p class=\"article-head__shorttext\">\n        <strong>In Baden-W\u00fcrttemberg haben nach der CDU auch die Gr\u00fcnen den Weg f\u00fcr eine Neuauflage der gr\u00fcn-schwarzen Landesregierung freigemacht. Die Delegierten beider Parteien stimmten auf ihren Parteitagen dem Koalitionsvertrag zu.<\/strong>\n    <\/p>\n<p>Von Nicole Freyler, Katharina Fu\u00df\n                    <\/p>\n<p class=\"textabsatz m-ten m-offset-one l-eight l-offset-two columns twelve\">Nach der CDU haben auch die Gr\u00fcnen in Baden-W\u00fcrttemberg den ausgehandelten Koalitionsvertrag bei ihrem Parteitag in Stuttgart abgesegnet. Eine gro\u00dfe Mehrheit der Delegierten votierte am Samstagnachmittag per Handzettel daf\u00fcr, es gab nur vereinzelt Gegenstimmen und wenige Enthaltungen. Der designierte Ministerpr\u00e4sident Cem \u00d6zdemir hatte zuvor um Zustimmung geworben.<\/p>\n<p class=\"textabsatz m-ten m-offset-one l-eight l-offset-two columns twelve\">Bereits am Samstagmittag hatte die CDU Baden-W\u00fcrttemberg auf ihrem Parteitag in Korntal-M\u00fcnchingen dem Koalitionsvertrag zugestimmt. Parteichef Manuel Hagel (CDU) hatte dort den Vertrag und seine Ministerriege vorgestellt. Hagel wird wie erwartet Innenminister und Vize-Ministerpr\u00e4sident in der neuen gr\u00fcn-schwarzen Landesregierung.<\/p>\n<p>    Viel Applaus f\u00fcr neuen Kultusminister Andreas Jung<\/p>\n<p class=\"textabsatz m-ten m-offset-one l-eight l-offset-two columns twelve\">Die \u00dcberraschung und das bestimmende Gespr\u00e4chsthema auf dem Parteitag war die Besetzung des Kultusministeriums mit Andreas Jung. Der 50-j\u00e4hrige Bundestagsabgeordnete ist Experte f\u00fcr Klima und Umwelt.<\/p>\n<p class=\"textabsatz m-ten m-offset-one l-eight l-offset-two columns twelve\">F\u00fcr ihn gab es viel Applaus in der Korntaler Stadthalle. Die GEW-Vorsitzende Monika Stein war zum Parteitag gekommen und kommentierte: &#8222;Ich freue mich auf die Zusammenarbeit mit Jung, er ist S\u00fcdbadener und ein Liberaler&#8220;.<\/p>\n<p class=\"textabsatz m-ten m-offset-one l-eight l-offset-two columns twelve\">Nicole Hoffmeister-Kraut bleibt Wirtschaftsministerin. Neuer Justizminister wird Moritz Oppelt, Chef des CDU-Bezirks Nordbaden, werden. Der Heidelberger Jurist gilt als Vertrauter von Hagel. Die bisherige Justizministerin Marion Gentges \u00fcbernimmt das Agrar- und Heimatresort. Schon l\u00e4nger bekannt ist, dass Nicole Razavi vom Bau- ins Verkehrsministerium wechselt.<\/p>\n<p>    Hagel: Reformkoalition ohne Show und Hochglanz<\/p>\n<p class=\"textabsatz m-ten m-offset-one l-eight l-offset-two columns twelve\">Laut der Partei stimmten 359 Delegierte der CDU Baden-W\u00fcrttemberg dem Vertrag per Applaus zu. Es gab eine Enthaltung. In seiner Rede warb Hagel f\u00fcr den ausgehandelten gr\u00fcn-schwarzen Koalitionsvertrag. Man m\u00fcsse jetzt einfach liefern. &#8222;Wir haben hart gearbeitet, gerungen, auch mal gestritten, aber hinter verschlossenen T\u00fcren. Wir werden koalieren, aber nicht fusionieren.&#8220; Es sei kein Koalitionsvertrag mit Hochglanz-Ank\u00fcndigungen, man werde ehrliche Arbeit liefern.<\/p>\n<p>    Optimismus bei den CDU-Delegierten<\/p>\n<p class=\"textabsatz m-ten m-offset-one l-eight l-offset-two columns twelve\">Die Stimmung beim Parteitag war unter den Delegierten zuversichtlich. Es sei ein Koalitionsvertrag auf Augenh\u00f6he, meinen einige Landtagsabgeordnete. Der Vorsitzende der Jungen Union Florian Hummel sagte: &#8222;Dieser Koalitionsvertrag hat schon eine deutlich konservativere Handschrift als 2021&#8220;. Man hoffe, dass die neue gr\u00fcn-schwarze Landesregierung genauso vertrauensvoll zusammenarbeiten k\u00f6nne wie bisher.<\/p>\n<p>    \u00d6zdemir wirbt auf Gr\u00fcnen-Parteitag f\u00fcr seinen Kurs<\/p>\n<p class=\"textabsatz m-ten m-offset-one l-eight l-offset-two columns twelve\">Beim Parteitag der Gr\u00fcnen machte sich der designierte Ministerpr\u00e4sident Cem \u00d6zdemir f\u00fcr seinen Kurs der Mitte stark. \u00d6zdemir sagte in seiner Rede mit Blick zu den Bundes-Gr\u00fcnen in Berlin, es gebe Gr\u00fcnde daf\u00fcr, dass bei der Bundestagswahl 2025 nur 14 Prozent die Gr\u00fcnen gew\u00e4hlt h\u00e4tten, bei der Landtagswahl in Baden-W\u00fcrttemberg aber mehr als doppelt so viele. &#8222;Das wird vermutlich was mit dem politischen Kurs zu tun haben.&#8220; \u00d6zdemir hatte sich in seinem Wahlkampf konservativer gezeigt und von der Bundespartei abgegrenzt.<\/p>\n<p>    \u00d6zdemir: Auch ich werde keinen Fiat fahren, sondern Daimler<\/p>\n<p class=\"textabsatz m-ten m-offset-one l-eight l-offset-two columns twelve\">Schwerpunkte in \u00d6zdemirs Rede: Klimaschutz und Wirtschaft. Klimaschutz sei Leitaufgabe f\u00fcr die ganze Landesregierung. \u00d6zdemir wies nocheinmal auf die Vereinbarung im Koalitionsvertrag mit der CDU hin, an dem Ziel der Klimaneutralit\u00e4t bis 2040 festzuhalten. Wer heute in Klima und Naturschutz investiere, investiere in die Wirtschaft von morgen.<\/p>\n<p class=\"textabsatz m-ten m-offset-one l-eight l-offset-two columns twelve\">Baden-W\u00fcrttemberg solle Autoland bleiben. Allerdings mit dem Auto der Zukunft und der E-Mobilit\u00e4t. &#8222;Auch ich werde keinen Fiat fahren, sondern nat\u00fcrlich einen Daimler und wenn es passt, auch gerne mein Fahrrad mit Motor von Bosch&#8220;, so \u00d6zdemir.<\/p>\n<p>    \u00d6zdemir: &#8222;Verneige mich vor dem Lebenswerk von Winfried Kretschmann&#8220;<\/p>\n<p class=\"textabsatz m-ten m-offset-one l-eight l-offset-two columns twelve\">In seiner Rede bedankte sich Cem \u00d6zdemir auch bei dem scheidenden Ministerpr\u00e4sidenten Winfried Kretschmann. Schon bei seiner Ankunft auf dem Parteitag wurde Kretschmann mit Applaus begr\u00fc\u00dft. &#8222;Du hast als Ministerpr\u00e4sident f\u00fcr dieses Amt einen Goldstandard gesetzt&#8220;, betonte \u00d6zdemir. Er verneige sich vor Kretschmanns Lebenswerk und die Gr\u00fcnen seien stolz auf ihn. Danach gab es von den Delegierten und Parteimitgliedern Standing Ovations und langen Applaus. Kretschmann kam auf die B\u00fchne und lobte auch \u00d6zdemir f\u00fcr seinen Wahlkampf. &#8222;Das war ein gro\u00dfes Meisterst\u00fcck &#8211; es war dein Meisterst\u00fcck.&#8220; Vor dieser gro\u00dfen politischen Aufholjagd ziehe er seinen Hut.<\/p>\n<p>    &#8222;Rehaugen-Video&#8220;: Zoe Mayer zu Gast auf Parteitag der Gr\u00fcnen<\/p>\n<p class=\"textabsatz m-ten m-offset-one l-eight l-offset-two columns twelve\">Manche behaupten, dass diese Aufholjagd von \u00d6zdemir und den Gr\u00fcnen auch durch das sogenannte <a href=\"https:\/\/www.swr.de\/swraktuell\/baden-wuerttemberg\/hagel-video-landtagswahl-einfluss-100.html\" title=\"&quot;Rehaugen-Video&quot;\" class=\"textlink--extern\" target=\"_blank\" rel=\"noopener nofollow\">&#8222;Rehaugen-Video&#8220;<\/a> unterst\u00fctzt wurde. Das Video, in dem sich CDU-Landeschef Manuel Hagel zu den &#8222;Rehaugen&#8220; einer Sch\u00fclerin \u00e4u\u00dferte, hatte die Gr\u00fcnen-Bundestagsageordnete Zoe Mayer kommentiert und bei Social Media verbreitet. Mayer war am Samstag auch zu Gast in Stuttgart. Sie wolle sich nicht mehr zu dem Video und Manuel Hagel \u00e4u\u00dfern, sagte sie dem SWR. Allerdings stehe sie noch dazu. Die CDU hatte nach der Wahl von einer &#8222;Schmutzkampagne&#8220; und von &#8222;vergifteter Stimmung&#8220; zwischen Gr\u00fcnen und CDU wegen des Videos gesprochen. Ein kl\u00e4rendes Gespr\u00e4ch zwischen ihr und Manuel Hagel habe es nie gegeben, so Mayer.<\/p>\n<p class=\"textabsatz m-ten m-offset-one l-eight l-offset-two columns twelve\">Am Montag soll der Koalitionsvertrag von Gr\u00fcnen und CDU unterzeichnet werden. Am Dienstag ist die konstituierende Sitzung des Landtags, einen Tag sp\u00e4ter soll Cem \u00d6zdemir (Gr\u00fcne) zum neuen Ministerpr\u00e4sidenten gew\u00e4hlt werden.<\/p>\n<p class=\"textabsatz m-ten m-offset-one l-eight l-offset-two columns twelve\">Die Gr\u00fcnen gewannen die Landtagswahl am 8. M\u00e4rz mit knappem Vorsprung, beide Parteien haben im neuen Landtag je 56 Sitze.<\/p>\n<p>    Mehr zur neuen Landesregierung<\/p>\n<p>                                        <a class=\"backlink__link\" href=\"https:\/\/www.swr.de\/swraktuell\/baden-wuerttemberg\/cdu-gruene-parteitage-koalitionsvertrag-zustimmung-100.html\" rel=\"nofollow noopener\" target=\"_blank\"><\/p>\n<p>                                                <img decoding=\"async\" src=\"https:\/\/images.tagesschau.de\/image\/d14251d0-d158-4797-a47c-e97e1e58a56b\/AAABlap_vas\/AAABnR8VW9w\/original\/lra-swr-logo-100.svg\" alt=\"S\u00fcdwestrundfunk\"\/><\/p>\n<p>                                        <\/a><\/p>\n","protected":false},"excerpt":{"rendered":"Stand: 09.05.2026 \u2022 15:26 Uhr In Baden-W\u00fcrttemberg haben nach der CDU auch die Gr\u00fcnen den Weg f\u00fcr eine&hellip;\n","protected":false},"author":2,"featured_media":1006283,"comment_status":"","ping_status":"","sticky":false,"template":"","format":"standard","meta":{"footnotes":"","_share_on_mastodon":"0"},"categories":[2],"tags":[1634,31,29,30,13,1215,14,15,12,10,8,9,11],"class_list":["post-1006282","post","type-post","status-publish","format-standard","has-post-thumbnail","category-deutschland","tag-baden-wuerttemberg","tag-cdu","tag-deutschland","tag-germany","tag-headlines","tag-koalitionsvertrag","tag-nachrichten","tag-news","tag-schlagzeilen","tag-top-news","tag-top-meldungen","tag-topmeldungen","tag-topnews"],"share_on_mastodon":{"url":"","error":""},"_links":{"self":[{"href":"https:\/\/www.europesays.com\/de\/wp-json\/wp\/v2\/posts\/1006282","targetHints":{"allow":["GET"]}}],"collection":[{"href":"https:\/\/www.europesays.com\/de\/wp-json\/wp\/v2\/posts"}],"about":[{"href":"https:\/\/www.europesays.com\/de\/wp-json\/wp\/v2\/types\/post"}],"author":[{"embeddable":true,"href":"https:\/\/www.europesays.com\/de\/wp-json\/wp\/v2\/users\/2"}],"replies":[{"embeddable":true,"href":"https:\/\/www.europesays.com\/de\/wp-json\/wp\/v2\/comments?post=1006282"}],"version-history":[{"count":0,"href":"https:\/\/www.europesays.com\/de\/wp-json\/wp\/v2\/posts\/1006282\/revisions"}],"wp:featuredmedia":[{"embeddable":true,"href":"https:\/\/www.europesays.com\/de\/wp-json\/wp\/v2\/media\/1006283"}],"wp:attachment":[{"href":"https:\/\/www.europesays.com\/de\/wp-json\/wp\/v2\/media?parent=1006282"}],"wp:term":[{"taxonomy":"category","embeddable":true,"href":"https:\/\/www.europesays.com\/de\/wp-json\/wp\/v2\/categories?post=1006282"},{"taxonomy":"post_tag","embeddable":true,"href":"https:\/\/www.europesays.com\/de\/wp-json\/wp\/v2\/tags?post=1006282"}],"curies":[{"name":"wp","href":"https:\/\/api.w.org\/{rel}","templated":true}]}}