{"id":1006567,"date":"2026-05-09T16:47:22","date_gmt":"2026-05-09T16:47:22","guid":{"rendered":"https:\/\/www.europesays.com\/de\/1006567\/"},"modified":"2026-05-09T16:47:22","modified_gmt":"2026-05-09T16:47:22","slug":"baden-wuerttemberg-gruene-und-cdu-in-baden-wuerttemberg-stimmen-koalitionsvertrag-zu","status":"publish","type":"post","link":"https:\/\/www.europesays.com\/de\/1006567\/","title":{"rendered":"Baden-W\u00fcrttemberg: Gr\u00fcne und CDU in Baden-W\u00fcrttemberg stimmen Koalitionsvertrag zu"},"content":{"rendered":"<p class=\"paragraph article__item\">Gr\u00fcne und <a class=\"rtr-entity\" href=\"https:\/\/www.zeit.de\/thema\/cdu\" rel=\"nofollow noopener\" target=\"_blank\">CDU<\/a> haben den Weg f\u00fcr eine<br \/>\nNeuauflage der gr\u00fcn-schwarzen Landesregierung in Baden-W\u00fcrttemberg frei gemacht. Die Gr\u00fcnen stimmten auf einem Parteitag in Stuttgart, die CDU-Delegierten auf einem Parteitag in Korntal-M\u00fcnchingen dem Koalitionsvertrag mehrheitlich zu. Kritik kam von der Gr\u00fcnen Jugend: Sie kritisierte den Koalitionsvertrag als zu ambitionslos.\n<\/p>\n<p class=\"paragraph article__item\">CDU-Landeschef Manuel Hagel hatte zuvor bei<br \/>\nseiner Partei f\u00fcr das Vertragswerk und die Zusammenarbeit mit den Gr\u00fcnen<br \/>\n geworben. Man habe hart gerungen mit den Gr\u00fcnen, auch mal gestritten, sagte<br \/>\n er. \u00bbWir werden koalieren, aber nicht fusionieren.\u00ab Gr\u00fcne und CDU<br \/>\nblickten auf die gleichen Fragen mit unterschiedlichen Perspektiven. Aus<br \/>\n Unterschieden k\u00f6nne etwas Neues, Gemeinsames geschaffen werden, sagte<br \/>\nHagel. Hagel sprach von einer Koalition auf Augenh\u00f6he. Es gehe nicht um<br \/>\nGr\u00fcne oder Schwarze, sondern zuerst um <a class=\"rtr-entity\" href=\"https:\/\/www.zeit.de\/thema\/baden-wuerttemberg\" rel=\"nofollow noopener\" target=\"_blank\">Baden-W\u00fcrttemberg<\/a>. <\/p>\n<p class=\"paragraph article__item\">Die beiden Parteien hatten sich in wochenlangen<br \/>\n und teils z\u00e4hen Verhandlungen auf ein <a href=\"https:\/\/www.zeit.de\/politik\/deutschland\/2026-04\/gruene-cdu-baden-wuerttemberg-cem-oezdemir-manuel-hagel\" target=\"_blank\" rel=\"nofollow noopener\">gemeinsames Regierungsprogramm<br \/>\nf\u00fcr die kommenden f\u00fcnf Jahre geeinigt<\/a>. Das Vertragswerk ist mehr als 160<br \/>\n Seiten dick und beinhaltet unter anderem ein kostenloses und<br \/>\nverpflichtendes letztes Kindergartenjahr und einen Abbau von B\u00fcrokratie<br \/>\nf\u00fcr Unternehmen. Viel davon habe die CDU im Wahlkampf versprochen, sagte<br \/>\n <a class=\"rtr-entity\" href=\"https:\/\/www.zeit.de\/thema\/manuel-hagel\" rel=\"nofollow noopener\" target=\"_blank\">Hagel<\/a> \u2013 und nun eingehalten.\n<\/p>\n<p>        Am Mittwoch soll \u00d6zdemir gew\u00e4hlt werden        <\/p>\n<p class=\"paragraph article__item\">Der neue Landtag kommt am Dienstag zu<br \/>\nseiner konstituierenden Sitzung<br \/>\nzusammen, am Mittwoch soll dann \u00d6zdemir zum neuen Ministerpr\u00e4sidenten<br \/>\ngew\u00e4hlt werden. Er tritt damit die Nachfolge von Winfried Kretschmann<br \/>\n(Gr\u00fcne) an, der aus Altersgr\u00fcnden nicht mehr zur Wahl antrat.\n<\/p>\n<p class=\"paragraph article__item\"><a class=\"rtr-entity\" href=\"https:\/\/www.zeit.de\/thema\/buendnis-90-die-gruenen\" rel=\"nofollow noopener\" target=\"_blank\">Die Gr\u00fcnen<\/a> hatten die Landtagswahl vom 8. M\u00e4rz knapp vor der CDU gewonnen. Bei den<br \/>\nLandtagsmandaten gibt es jedoch eine Pattsituation, Gr\u00fcne und CDU kommen<br \/>\n auf jeweils 56 Sitze. Die AfD hat 35 Sitze, die SPD zehn.\n<\/p>\n<p>Mehr zum Thema<\/p>\n<p>            Baden-W\u00fcrttemberg        <\/p>\n<p>                <a href=\"https:\/\/www.zeit.de\/politik\/deutschland\/2026-04\/winfried-kretschmann-abschied-baden-wuerttemberg-philosophie\" data-ct-label=\"Winfried Kretschmann: Den Umverteilungs-Gr\u00fcnen fehlt nun ihr liebster Widersacher\" data-uuid=\"e82eaf8e-786e-4f7c-b826-42a8ae2bb2f9\" rel=\"nofollow noopener\" target=\"_blank\"><\/p>\n<p>        Z+ (abopflichtiger Inhalt);<\/p>\n<p>    Winfried Kretschmann:<br \/>\n                        Den Umverteilungs-Gr\u00fcnen fehlt nun ihr liebster Widersacher<\/p>\n<p>                <\/a><\/p>\n<p>                <a href=\"https:\/\/www.zeit.de\/feuilleton\/2026-03\/cem-oezdemir-landtagswahl-baden-wuerttemberg-erfolg\" data-ct-label=\"Cem \u00d6zdemir: Sie rufen, sie klatschen: Cem, Cem, Cem\" data-uuid=\"3c425c7d-85a9-4289-aba7-8acb570755da\" rel=\"nofollow noopener\" target=\"_blank\"><\/p>\n<p>        Z+ (abopflichtiger Inhalt);<\/p>\n<p>    Cem \u00d6zdemir:<br \/>\n                        Sie rufen, sie klatschen: Cem, Cem, Cem<\/p>\n<p>                <\/a><\/p>\n","protected":false},"excerpt":{"rendered":"Gr\u00fcne und CDU haben den Weg f\u00fcr eine Neuauflage der gr\u00fcn-schwarzen Landesregierung in Baden-W\u00fcrttemberg frei gemacht. Die Gr\u00fcnen&hellip;\n","protected":false},"author":2,"featured_media":1006568,"comment_status":"","ping_status":"","sticky":false,"template":"","format":"standard","meta":{"footnotes":"","_share_on_mastodon":"0"},"categories":[2],"tags":[1634,21,31,51,29,30,13,1215,33099,14,15,16,12,10,8,9,11],"class_list":["post-1006567","post","type-post","status-publish","format-standard","has-post-thumbnail","category-deutschland","tag-baden-wuerttemberg","tag-buendnis-90-die-gruenen","tag-cdu","tag-cem-oezdemir","tag-deutschland","tag-germany","tag-headlines","tag-koalitionsvertrag","tag-manuel-hagel","tag-nachrichten","tag-news","tag-politik","tag-schlagzeilen","tag-top-news","tag-top-meldungen","tag-topmeldungen","tag-topnews"],"share_on_mastodon":{"url":"https:\/\/pubeurope.com\/@de\/116545640803871261","error":""},"_links":{"self":[{"href":"https:\/\/www.europesays.com\/de\/wp-json\/wp\/v2\/posts\/1006567","targetHints":{"allow":["GET"]}}],"collection":[{"href":"https:\/\/www.europesays.com\/de\/wp-json\/wp\/v2\/posts"}],"about":[{"href":"https:\/\/www.europesays.com\/de\/wp-json\/wp\/v2\/types\/post"}],"author":[{"embeddable":true,"href":"https:\/\/www.europesays.com\/de\/wp-json\/wp\/v2\/users\/2"}],"replies":[{"embeddable":true,"href":"https:\/\/www.europesays.com\/de\/wp-json\/wp\/v2\/comments?post=1006567"}],"version-history":[{"count":0,"href":"https:\/\/www.europesays.com\/de\/wp-json\/wp\/v2\/posts\/1006567\/revisions"}],"wp:featuredmedia":[{"embeddable":true,"href":"https:\/\/www.europesays.com\/de\/wp-json\/wp\/v2\/media\/1006568"}],"wp:attachment":[{"href":"https:\/\/www.europesays.com\/de\/wp-json\/wp\/v2\/media?parent=1006567"}],"wp:term":[{"taxonomy":"category","embeddable":true,"href":"https:\/\/www.europesays.com\/de\/wp-json\/wp\/v2\/categories?post=1006567"},{"taxonomy":"post_tag","embeddable":true,"href":"https:\/\/www.europesays.com\/de\/wp-json\/wp\/v2\/tags?post=1006567"}],"curies":[{"name":"wp","href":"https:\/\/api.w.org\/{rel}","templated":true}]}}