{"id":1006833,"date":"2026-05-09T19:18:19","date_gmt":"2026-05-09T19:18:19","guid":{"rendered":"https:\/\/www.europesays.com\/de\/1006833\/"},"modified":"2026-05-09T19:18:19","modified_gmt":"2026-05-09T19:18:19","slug":"frist-endete-zu-wenig-unterschriften-fuer-volksbegehren-berlin-autofrei-2","status":"publish","type":"post","link":"https:\/\/www.europesays.com\/de\/1006833\/","title":{"rendered":"Frist endete: Zu wenig Unterschriften f\u00fcr Volksbegehren \u00abBerlin autofrei\u00bb"},"content":{"rendered":"<p class=\"paragraph article__item\">Das Volksbegehren \u00ab<a class=\"rtr-entity\" href=\"https:\/\/www.zeit.de\/thema\/berlin\" rel=\"nofollow noopener\" target=\"_blank\">Berlin<\/a> autofrei\u00bb f\u00fcr ein weitgehendes Autoverbot in der Innenstadt hat die n\u00f6tigen Unterschriften nach Angaben der Initiatoren nicht erreicht. Es seien rund 140.000 Unterschriften zusammen gekommen, einige k\u00e4men noch aus Bezirks\u00e4mtern hinzu, teilte die Initiative mit. Um einen Volksentscheid \u00fcber das Anliegen anzusto\u00dfen, w\u00e4ren jedoch Unterschriften von mindestens sieben Prozent der Berliner Wahlberechtigten n\u00f6tig, also rund 175.000.\u00a0\n<\/p>\n<p>Aktuelles<\/p>\n<p>                <a href=\"https:\/\/www.zeit.de\/politik\/deutschland\/2026-05\/berlin-volksbegehren-autofrei-werbefrei-gescheitert\" data-ct-label=\"Berlin: Volksbegehren \u00bbBerlin autofrei\u00ab gescheitert\" data-uuid=\"76975d83-d591-4859-9aad-29d2d58702fa\" rel=\"nofollow noopener\" target=\"_blank\"><\/p>\n<p>                        Berlin:<br \/>\n                        Volksbegehren \u00bbBerlin autofrei\u00ab gescheitert<\/p>\n<p>                <\/a><\/p>\n<p>                <a href=\"https:\/\/www.zeit.de\/feuilleton\/2026-04\/stefan-evers-cdu-finanzsenator-kultursenator-berlin\" data-ct-label=\"Stefan Evers: Jetzt \u00fcbernimmt der Sparer\" data-uuid=\"c61aa5a4-2d5a-4f4f-9dfe-00333883ce50\" rel=\"nofollow noopener\" target=\"_blank\"><\/p>\n<p>                        Stefan Evers:<br \/>\n                        Jetzt \u00fcbernimmt der Sparer<\/p>\n<p>                <\/a><\/p>\n<p>                <a href=\"https:\/\/www.zeit.de\/gesellschaft\/zeitgeschehen\/2026-04\/ostsee-insel-poel-wal-privater-rettungsversuch-gxe\" data-ct-label=\"Ostseeinsel Poel: Helfer setzen Rettungsversuch f\u00fcr gestrandeten Wal fort\" data-uuid=\"651fe297-7dc3-4c1c-8867-377886a45a4f\" rel=\"nofollow noopener\" target=\"_blank\"><\/p>\n<p>                        Ostseeinsel Poel:<br \/>\n                        Helfer setzen Rettungsversuch f\u00fcr gestrandeten Wal fort<\/p>\n<p>                <\/a><\/p>\n<p class=\"paragraph article__item\">\u00abDie Initiative nimmt dieses Ergebnis mit Entt\u00e4uschung zur Kenntnis und zieht gleichzeitig eine ausdr\u00fccklich positive Bilanz ihres bisherigen Weges\u00bb, hie\u00df es in einer Mitteilung. Die endg\u00fcltige Unterschriften-Zahl wird nach Angaben der Initiatoren am 22. Mai vom Landeswahlamt verk\u00fcndet. Die Initiative startete im Januar und endete nach einer viermonatigen Sammelfrist am Freitag um 23.59 Uhr.\u00a0\n<\/p>\n<p>        Schmerzt, \u00abdass es letztendlich nicht gereicht hat\u00bb        <\/p>\n<p class=\"paragraph article__item\">\u00abWir haben alles gegeben, bei Minusgraden im Januar und bis tief in die Nacht des letzten Tages. Was viele nicht sehen: Ein <a class=\"rtr-entity\" href=\"https:\/\/www.zeit.de\/thema\/volksbegehren\" rel=\"nofollow noopener\" target=\"_blank\">Volksbegehren<\/a> dieser Gr\u00f6\u00dfe zu organisieren bedeutet, tagt\u00e4glich Hunderte ehrenamtliche Menschen zu koordinieren, zu motivieren und bei der Stange zu halten\u00bb, sagte eine Sprecherin der Initiative, Marie Wagner, laut Mitteilung. Das sei ein enormer Kraftakt.\u00a0\n<\/p>\n<p class=\"paragraph article__item\">\u00abDie etwa 140.000 Unterschriften, die wir gesammelt haben, sprechen f\u00fcr sich.\u00a0Nat\u00fcrlich schmerzt es, dass es letztendlich nicht gereicht hat.\u00bb F\u00fcr sie stehe jedoch fest, dass die Verkehrswende in Berlin kommen werde und eine Debatte angesto\u00dfen worden sei, die nicht verstummen werde.\n<\/p>\n<p class=\"paragraph article__item\">Der Gesetzentwurf des B\u00fcndnisses sah vor, nach einer \u00dcbergangszeit von vier Jahren fast alle Stra\u00dfen innerhalb des Berliner S-Bahn-Rings mit Ausnahme der Bundesstra\u00dfen zu \u00abautoreduzierten Stra\u00dfen\u00bb zu erkl\u00e4ren. Private Autofahrten h\u00e4tten demnach pro Person nur an zw\u00f6lf Tagen im Jahr m\u00f6glich sein sollen. Ausnahmen sollte es unter anderem f\u00fcr Menschen mit Behinderung, Polizei, Rettungsdienste, M\u00fcllabfuhr, Wirtschafts- und Lieferverkehr geben.\n<\/p>\n<p>        Wegner: Klares Zeichen        <\/p>\n<p class=\"paragraph article__item\">Der Regierende B\u00fcrgermeister Kai Wegner (CDU) schrieb auf X, dass die Berlinerinnen und Berliner ein klares Zeichen gesetzt h\u00e4tten &#8211; f\u00fcr Pragmatismus, Augenma\u00df und eine Verkehrspolitik, die die Lebensrealit\u00e4t der Menschen ernst nehme. \u00abBerlin braucht moderne Mobilit\u00e4t und starke Angebote \u2013 aber keine ideologischen Verbote oder k\u00fcnstlichen Mangel.\u00bb\n<\/p>\n<p class=\"paragraph article__item\">Die verkehrspolitischen Herausforderungen blieben bestehen und lie\u00dfen sich nicht durch pauschale Verbotsforderungen l\u00f6sen, sagte Karsten Schulze, Vorstand f\u00fcr Verkehr und Technik beim ADAC Berlin-Brandenburg. \u00abEntscheidend ist jetzt eine langfristige und verl\u00e4ssliche Verkehrsplanung\u00bb, sagte er. Infrastrukturprojekte m\u00fcssten konsequent geplant, finanziert und umgesetzt werden. Zudem brauche es eine bessere Koordination zwischen Berlin und Brandenburg, da Mobilit\u00e4t nicht an der Landesgrenze ende.\n<\/p>\n<p class=\"paragraph article__item\">\u00a9 dpa-infocom, dpa:260509-930-57238\/2<\/p>\n","protected":false},"excerpt":{"rendered":"Das Volksbegehren \u00abBerlin autofrei\u00bb f\u00fcr ein weitgehendes Autoverbot in der Innenstadt hat die n\u00f6tigen Unterschriften nach Angaben der&hellip;\n","protected":false},"author":2,"featured_media":1006834,"comment_status":"","ping_status":"","sticky":false,"template":"","format":"standard","meta":{"footnotes":"","_share_on_mastodon":"0"},"categories":[1825],"tags":[1966,296,29,216955,30,15,25687,1968],"class_list":["post-1006833","post","type-post","status-publish","format-standard","has-post-thumbnail","category-berlin","tag-autoverbot","tag-berlin","tag-deutschland","tag-frist-endete","tag-germany","tag-news","tag-volksbegehren","tag-volksentscheid"],"share_on_mastodon":{"url":"https:\/\/pubeurope.com\/@de\/116546234406116479","error":""},"_links":{"self":[{"href":"https:\/\/www.europesays.com\/de\/wp-json\/wp\/v2\/posts\/1006833","targetHints":{"allow":["GET"]}}],"collection":[{"href":"https:\/\/www.europesays.com\/de\/wp-json\/wp\/v2\/posts"}],"about":[{"href":"https:\/\/www.europesays.com\/de\/wp-json\/wp\/v2\/types\/post"}],"author":[{"embeddable":true,"href":"https:\/\/www.europesays.com\/de\/wp-json\/wp\/v2\/users\/2"}],"replies":[{"embeddable":true,"href":"https:\/\/www.europesays.com\/de\/wp-json\/wp\/v2\/comments?post=1006833"}],"version-history":[{"count":0,"href":"https:\/\/www.europesays.com\/de\/wp-json\/wp\/v2\/posts\/1006833\/revisions"}],"wp:featuredmedia":[{"embeddable":true,"href":"https:\/\/www.europesays.com\/de\/wp-json\/wp\/v2\/media\/1006834"}],"wp:attachment":[{"href":"https:\/\/www.europesays.com\/de\/wp-json\/wp\/v2\/media?parent=1006833"}],"wp:term":[{"taxonomy":"category","embeddable":true,"href":"https:\/\/www.europesays.com\/de\/wp-json\/wp\/v2\/categories?post=1006833"},{"taxonomy":"post_tag","embeddable":true,"href":"https:\/\/www.europesays.com\/de\/wp-json\/wp\/v2\/tags?post=1006833"}],"curies":[{"name":"wp","href":"https:\/\/api.w.org\/{rel}","templated":true}]}}