{"id":100692,"date":"2025-05-10T23:06:15","date_gmt":"2025-05-10T23:06:15","guid":{"rendered":"https:\/\/www.europesays.com\/de\/100692\/"},"modified":"2025-05-10T23:06:15","modified_gmt":"2025-05-10T23:06:15","slug":"brand-in-filderstadt-vier-menschen-bei-feuer-in-mehrfamilienhaus-verletzt-kreis","status":"publish","type":"post","link":"https:\/\/www.europesays.com\/de\/100692\/","title":{"rendered":"Brand in Filderstadt: Vier Menschen bei Feuer in Mehrfamilienhaus verletzt &#8211; Kreis"},"content":{"rendered":"<p>\t\t\t\t\t\t\t\t\t\t\t\t\t\t\t\t\t\t\t\t\t\t\t\t\t\t\t\t\t\t\t\t\t\t\t\t   \t\t\t\t\t \t\t\t\t   \t      \t\t\t\t   <img decoding=\"async\" id=\"article-image\" fetchpriority=\"high\" alt=\"Brand in Filderstadt: Vier Menschen bei Feuer in Mehrfamilienhaus verletzt\" title=\"Brand in Filderstadt: Vier Menschen bei Feuer in Mehrfamilienhaus verletzt\" src=\"https:\/\/www.europesays.com\/de\/wp-content\/uploads\/2025\/05\/media.media.58648a47-33e7-4881-9b75-d8e64ee4613e.original700.jpg\" data-linkto=\"https:\/\/www.esslinger-zeitung.de\/javascript:void(0);\"\/>\t\t\t\t\t\t\t\t\t\t\t\t\t\t\t\t\t\t\t\t\t\t\t\tWas das Feuer verursacht hatte, war zun\u00e4chst unklar. (Symbolbild)\u00a0Foto: dpa\/Philipp von Ditfurth\t\t\t<\/p>\n<p>Zwei M\u00e4nner h\u00f6ren den Alarm eines Rauchmelders. Es brennt in einem Mehrfamilienhaus in Filderstadt. Geistesgegenw\u00e4rtig kommen sie ihrem 90 Jahre alten Nachbarn zu Hilfe \u2013 und retten ihn.<\/p>\n<p>Vier Menschen sind durch ein Feuer in einer Wohnung eines Mehrfamilienhauses in der Unterdorfstra\u00dfe in Bonlanden (Kreis <a href=\"https:\/\/www.esslinger-zeitung.de\/thema\/Esslingen\" title=\"Esslingen\" class=\"art_thema\" target=\"_blank\" rel=\"noopener\">Esslingen<\/a>) verletzt worden. Zwei Nachbarn hatten das Feuer in der Dachgeschosswohnung gegen 21.45 Uhr durch den Alarm eines Rauchmelders bemerkt, wie die Feuerwehr mitteilte. Die beiden h\u00e4tten daraufhin den 90 Jahre alten Bewohner der Wohnung, in der es brannte, gerettet und ins Freie gebracht. Eine 82 Jahre alte Frau habe das Haus selbstst\u00e4ndig verlassen.<\/p>\n<p><a href=\"https:\/\/www.esslinger-zeitung.de\/thema\/Polizei\" title=\"Polizei\" class=\"art_thema\" target=\"_blank\" rel=\"noopener\">Polizei<\/a>angaben zufolge hatten die vier dabei teilweise Rauch eingeatmet oder sich bei der Flucht verletzt. Der 90-J\u00e4hrige, die 82-J\u00e4hrige sowie der 58- und der 18-J\u00e4hrige seien in Krankenh\u00e4user gekommen. Was das Feuer verursacht hatte, war zun\u00e4chst unklar. Das Haus ist vorerst nicht mehr bewohnbar. Der Schaden wird auf etwa 100.000 Euro gesch\u00e4tzt. <\/p>\n","protected":false},"excerpt":{"rendered":"Was das Feuer verursacht hatte, war zun\u00e4chst unklar. (Symbolbild)\u00a0Foto: dpa\/Philipp von Ditfurth Zwei M\u00e4nner h\u00f6ren den Alarm eines&hellip;\n","protected":false},"author":2,"featured_media":100693,"comment_status":"","ping_status":"","sticky":false,"template":"","format":"standard","meta":{"footnotes":""},"categories":[1830],"tags":[1634,40212,2919,3364,29,3439,10050,30,15254,3438,121,3440,1441],"class_list":{"0":"post-100692","1":"post","2":"type-post","3":"status-publish","4":"format-standard","5":"has-post-thumbnail","7":"category-stuttgart","8":"tag-baden-wuerttemberg","9":"tag-bonlanden","10":"tag-brand","11":"tag-de","12":"tag-deutschland","13":"tag-esslingen","14":"tag-filderstadt","15":"tag-germany","16":"tag-kreis-esslingen","17":"tag-landkreis-esslingen","18":"tag-polizei","19":"tag-polizeibericht-region-stuttgart","20":"tag-stuttgart"},"share_on_mastodon":{"url":"https:\/\/pubeurope.com\/@de\/114486050001274285","error":""},"_links":{"self":[{"href":"https:\/\/www.europesays.com\/de\/wp-json\/wp\/v2\/posts\/100692","targetHints":{"allow":["GET"]}}],"collection":[{"href":"https:\/\/www.europesays.com\/de\/wp-json\/wp\/v2\/posts"}],"about":[{"href":"https:\/\/www.europesays.com\/de\/wp-json\/wp\/v2\/types\/post"}],"author":[{"embeddable":true,"href":"https:\/\/www.europesays.com\/de\/wp-json\/wp\/v2\/users\/2"}],"replies":[{"embeddable":true,"href":"https:\/\/www.europesays.com\/de\/wp-json\/wp\/v2\/comments?post=100692"}],"version-history":[{"count":0,"href":"https:\/\/www.europesays.com\/de\/wp-json\/wp\/v2\/posts\/100692\/revisions"}],"wp:featuredmedia":[{"embeddable":true,"href":"https:\/\/www.europesays.com\/de\/wp-json\/wp\/v2\/media\/100693"}],"wp:attachment":[{"href":"https:\/\/www.europesays.com\/de\/wp-json\/wp\/v2\/media?parent=100692"}],"wp:term":[{"taxonomy":"category","embeddable":true,"href":"https:\/\/www.europesays.com\/de\/wp-json\/wp\/v2\/categories?post=100692"},{"taxonomy":"post_tag","embeddable":true,"href":"https:\/\/www.europesays.com\/de\/wp-json\/wp\/v2\/tags?post=100692"}],"curies":[{"name":"wp","href":"https:\/\/api.w.org\/{rel}","templated":true}]}}