{"id":1007318,"date":"2026-05-10T00:12:56","date_gmt":"2026-05-10T00:12:56","guid":{"rendered":"https:\/\/www.europesays.com\/de\/1007318\/"},"modified":"2026-05-10T00:12:56","modified_gmt":"2026-05-10T00:12:56","slug":"2-bundesliga-bielefeld-verpasst-big-points-auch-paderborn-stolpert","status":"publish","type":"post","link":"https:\/\/www.europesays.com\/de\/1007318\/","title":{"rendered":"2. Bundesliga: Bielefeld verpasst Big Points \u2013 auch Paderborn stolpert"},"content":{"rendered":"<p class=\"text-18 leading-17 user-text-lg:text-22 user-text-xl:text-24\">Paderborn legte gegen die Karlsruher, die die Saison im Tabellenmittelfeld beenden werden, energisch los. Bilbija staubte zur F\u00fchrung ab, nachdem G\u00e4ste-Torh\u00fcter Hans Christian Bernat den Ball nach einem Schuss nicht hatte festhalten k\u00f6nnen. Mika Baur (37.) traf zudem den Pfosten. Auch Karlsruhe war in Halbzeit eins einem Treffer nah.<\/p>\n<p class=\"text-18 leading-17 user-text-lg:text-22 user-text-xl:text-24\">Dieser folgte nach dem Seitenwechsel. Paderborn vergab mehrere Chancen auf das 2:0, dann stachen Schleusener und Fukuda zu. Der SCP reagierte w\u00fctend. Klaas glich schnell aus, der Siegtreffer gelang aber nicht mehr.<\/p>\n","protected":false},"excerpt":{"rendered":"Paderborn legte gegen die Karlsruher, die die Saison im Tabellenmittelfeld beenden werden, energisch los. Bilbija staubte zur F\u00fchrung&hellip;\n","protected":false},"author":2,"featured_media":1007319,"comment_status":"","ping_status":"","sticky":false,"template":"","format":"standard","meta":{"footnotes":"","_share_on_mastodon":"0"},"categories":[1841],"tags":[7974,2368,8397,1605,299,19143,3364,29,17147,48885,30,75218,15352,8903,3850,28705,113969,2373,1209,3144,727,3135],"class_list":["post-1007318","post","type-post","status-publish","format-standard","has-post-thumbnail","category-bielefeld","tag-1-fc-kaiserslautern","tag-arminia-bielefeld","tag-aufstiegsrennen","tag-bielefeld","tag-bundesliga","tag-daniel-hanslik","tag-de","tag-deutschland","tag-filip-bilbija","tag-fritz-walter-stadion","tag-germany","tag-jannik-rochelt","tag-kaiserslautern","tag-karlsruhe","tag-karlsruher-sc","tag-klassenverbleib","tag-marlon-ritter","tag-mitch-kniat","tag-nordrhein-westfalen","tag-ostwestfalen","tag-paderborn","tag-sc-paderborn"],"share_on_mastodon":{"url":"https:\/\/pubeurope.com\/@de\/116547394350813582","error":""},"_links":{"self":[{"href":"https:\/\/www.europesays.com\/de\/wp-json\/wp\/v2\/posts\/1007318","targetHints":{"allow":["GET"]}}],"collection":[{"href":"https:\/\/www.europesays.com\/de\/wp-json\/wp\/v2\/posts"}],"about":[{"href":"https:\/\/www.europesays.com\/de\/wp-json\/wp\/v2\/types\/post"}],"author":[{"embeddable":true,"href":"https:\/\/www.europesays.com\/de\/wp-json\/wp\/v2\/users\/2"}],"replies":[{"embeddable":true,"href":"https:\/\/www.europesays.com\/de\/wp-json\/wp\/v2\/comments?post=1007318"}],"version-history":[{"count":0,"href":"https:\/\/www.europesays.com\/de\/wp-json\/wp\/v2\/posts\/1007318\/revisions"}],"wp:featuredmedia":[{"embeddable":true,"href":"https:\/\/www.europesays.com\/de\/wp-json\/wp\/v2\/media\/1007319"}],"wp:attachment":[{"href":"https:\/\/www.europesays.com\/de\/wp-json\/wp\/v2\/media?parent=1007318"}],"wp:term":[{"taxonomy":"category","embeddable":true,"href":"https:\/\/www.europesays.com\/de\/wp-json\/wp\/v2\/categories?post=1007318"},{"taxonomy":"post_tag","embeddable":true,"href":"https:\/\/www.europesays.com\/de\/wp-json\/wp\/v2\/tags?post=1007318"}],"curies":[{"name":"wp","href":"https:\/\/api.w.org\/{rel}","templated":true}]}}