{"id":1007358,"date":"2026-05-10T00:41:04","date_gmt":"2026-05-10T00:41:04","guid":{"rendered":"https:\/\/www.europesays.com\/de\/1007358\/"},"modified":"2026-05-10T00:41:04","modified_gmt":"2026-05-10T00:41:04","slug":"trachenfest-laedt-am-9-mai-auf-die-hufewiesen-ein","status":"publish","type":"post","link":"https:\/\/www.europesays.com\/de\/1007358\/","title":{"rendered":"Trachenfest l\u00e4dt am 9. Mai auf die Hufewiesen ein"},"content":{"rendered":"\n<p>In Alttrachau wird gefeiert: Am Samstag, 9. Mai 2026, steigt auf den Hufewiesen bereits zum 15. Mal das Trachenfest. Von 12 bis 18 Uhr erwartet Besucher ein buntes Programm f\u00fcr die ganze Familie \u2013 mit Musik, Flohmarktst\u00e4nden, Mitmachaktionen, Sport- und Spielangeboten sowie hausgemachten Speisen aus Trachau. <img fetchpriority=\"high\" decoding=\"async\" src=\"https:\/\/www.europesays.com\/de\/wp-content\/uploads\/2026\/05\/Trachenfest-2019-Wiese.jpg\" alt=\"Trachenfest 2019 - Foto: Archiv Winfried Schenk\" width=\"2000\" height=\"1026\" class=\"size-full wp-image-37581\"  \/>Trachenfest 2019 \u2013 Foto: Archiv Winfried Schenk <\/p>\n<p>Auch gef\u00fchrte Rundg\u00e4nge stehen auf dem Programm: Kunsthistorikerin Katrin Bielmeier nimmt Interessierte mit auf Tour zum geplanten Theodor-Rosenhauer-Parcours. Au\u00dferdem begleitet der NABU einen Rundgang \u00fcber die Hufewiesen. <\/p>\n<p>Auf der B\u00fchne sorgen unter anderem The Kringels, Sara &amp; The Backbeatengineers, Neue Fassaden und die Pieschener Stadtkapelle f\u00fcr Stimmung. Ein H\u00f6hepunkt d\u00fcrfte die Trachenparade mit der Fiatelle Blaskapelle werden. Zum Abschluss startet um 18 Uhr die traditionelle Heuschlacht.<\/p>\n<p>Anzeige<\/p>\n<p><a class=\"gofollow\" data-track=\"OTAsNyw2MA==\" href=\"https:\/\/www.tud-campus-festival.de\/\" target=\"_blank\" rel=\"noopener nofollow\"><img loading=\"lazy\" decoding=\"async\" src=\"https:\/\/www.europesays.com\/de\/wp-content\/uploads\/2026\/04\/Unbenannt-1.png\" width=\"300\" height=\"250\" alt=\"TUD CAMPUS FESTIVAL\"\/><\/a> <\/p>\n<p>Weitere Infos: <a href=\"https:\/\/www.hufewiesen.de\/2026\/04\/16\/trachenfest-2026-am-9-5-2026\/\" rel=\"nofollow noopener\" target=\"_blank\">hufewiesden.de<\/a> <\/p>\n","protected":false},"excerpt":{"rendered":"In Alttrachau wird gefeiert: Am Samstag, 9. Mai 2026, steigt auf den Hufewiesen bereits zum 15. Mal das&hellip;\n","protected":false},"author":2,"featured_media":1007359,"comment_status":"","ping_status":"","sticky":false,"template":"","format":"standard","meta":{"footnotes":"","_share_on_mastodon":"0"},"categories":[1835],"tags":[3364,29,2386,30,217026,859,204484,217027],"class_list":["post-1007358","post","type-post","status-publish","format-standard","has-post-thumbnail","category-dresden","tag-de","tag-deutschland","tag-dresden","tag-germany","tag-hufewiesen","tag-sachsen","tag-trachau","tag-trachenfest"],"share_on_mastodon":{"url":"https:\/\/pubeurope.com\/@de\/116547505686460792","error":""},"_links":{"self":[{"href":"https:\/\/www.europesays.com\/de\/wp-json\/wp\/v2\/posts\/1007358","targetHints":{"allow":["GET"]}}],"collection":[{"href":"https:\/\/www.europesays.com\/de\/wp-json\/wp\/v2\/posts"}],"about":[{"href":"https:\/\/www.europesays.com\/de\/wp-json\/wp\/v2\/types\/post"}],"author":[{"embeddable":true,"href":"https:\/\/www.europesays.com\/de\/wp-json\/wp\/v2\/users\/2"}],"replies":[{"embeddable":true,"href":"https:\/\/www.europesays.com\/de\/wp-json\/wp\/v2\/comments?post=1007358"}],"version-history":[{"count":0,"href":"https:\/\/www.europesays.com\/de\/wp-json\/wp\/v2\/posts\/1007358\/revisions"}],"wp:featuredmedia":[{"embeddable":true,"href":"https:\/\/www.europesays.com\/de\/wp-json\/wp\/v2\/media\/1007359"}],"wp:attachment":[{"href":"https:\/\/www.europesays.com\/de\/wp-json\/wp\/v2\/media?parent=1007358"}],"wp:term":[{"taxonomy":"category","embeddable":true,"href":"https:\/\/www.europesays.com\/de\/wp-json\/wp\/v2\/categories?post=1007358"},{"taxonomy":"post_tag","embeddable":true,"href":"https:\/\/www.europesays.com\/de\/wp-json\/wp\/v2\/tags?post=1007358"}],"curies":[{"name":"wp","href":"https:\/\/api.w.org\/{rel}","templated":true}]}}