{"id":1008125,"date":"2026-05-10T08:46:18","date_gmt":"2026-05-10T08:46:18","guid":{"rendered":"https:\/\/www.europesays.com\/de\/1008125\/"},"modified":"2026-05-10T08:46:18","modified_gmt":"2026-05-10T08:46:18","slug":"switch-2-wird-teurer-nintendo-erklaert-warum-preiserhoehung-noch-drastischer-haette-ausfallen-koennen","status":"publish","type":"post","link":"https:\/\/www.europesays.com\/de\/1008125\/","title":{"rendered":"Switch 2 wird teurer: Nintendo erkl\u00e4rt, warum Preiserh\u00f6hung noch drastischer h\u00e4tte ausfallen k\u00f6nnen &#8211;"},"content":{"rendered":"<p class=\"intro-text\">In dieser Woche k\u00fcndigte Nintendo eine Preiserh\u00f6hung f\u00fcr die Switch 2 an. In einem erg\u00e4nzenden Statement verriet Firmenpr\u00e4sident Shuntaro Furukawa, warum diese noch drastischer h\u00e4tte ausfallen k\u00f6nnen.<\/p>\n<p>Nachdem Sony und Microsoft die Preise der <strong><a href=\"https:\/\/www.play3.de\/tag\/ps5\/\" rel=\"nofollow noopener\" target=\"_blank\">PS5<\/a><\/strong> beziehungsweise der <a href=\"https:\/\/www.play3.de\/tag\/xbox-series-x-s\/\" rel=\"nofollow noopener\" target=\"_blank\"><strong>Xbox Series X\/S<\/strong><\/a> in den vergangenen Jahren gleich mehrfach erh\u00f6hten, <a href=\"https:\/\/www.play3.de\/2026\/05\/08\/nintendo-switch-2-preiserhoehung-offiziell-bestaetigt-so-viel-kostet-die-konsole-kuenftig\/\" rel=\"nofollow noopener\" target=\"_blank\"><strong>zog Nintendo in dieser Woche nach<\/strong><\/a>.<\/p>\n<p>\u00dcberraschend kam das Ganze sicherlich nicht, da Analysten und Experten in der Vergangenheit mehrfach darauf hinwiesen, dass die steigenden Kosten f\u00fcr Speicherkomponenten auch Nintendo zu schaffen machen. Wie das japanische Unternehmen best\u00e4tigte, steigt der Preis der <a href=\"https:\/\/www.play3.de\/tag\/nintendo-switch-2\/\" rel=\"nofollow noopener\" target=\"_blank\"><strong>Switch 2<\/strong><\/a> in Japan bereits am 25. Mai 2026.<\/p>\n<p>Im Westen hebt Nintendo den Preis am 1. September 2026 um 30 Euro beziehungsweise 50 US-Dollar an. In einem offiziellen Statement ging Nintendos Pr\u00e4sident Shuntaro Furukawa auf die Preiserh\u00f6hung ein und verriet, warum diese noch drastischer h\u00e4tte ausfallen k\u00f6nnen.<\/p>\n<p>Steigende Kosten zwingen Nintendo zum Handeln<\/p>\n<p>Obwohl es Nintendo darum ging, die installierte Hardwarebasis der Switch 2 so schnell wie m\u00f6glich auszubauen, entwickelten sich die steigenden Kosten f\u00fcr das Unternehmen zu einer langfristigen Herausforderung, die im Endeffekt keine andere L\u00f6sung als eine Preiserh\u00f6hung der Switch-Konsolen zulie\u00df.<\/p>\n<p>Wie Furukawa anmerkte, h\u00e4tte die Preiserh\u00f6hung durchaus noch h\u00f6her ausfallen k\u00f6nnen, da sie zum aktuellen Zeitpunkt nicht alle zus\u00e4tzlichen Kosten deckt, mit denen sich Nintendo aufgrund der steigenden Speicherpreise und der aktuell wirtschaftlich herausfordernden Zeiten konfrontiert sieht.<\/p>\n<p>                    <a href=\"https:\/\/www.play3.de\/2026\/05\/08\/switch-2-nintendo-steuert-auf-20-millionen-verkaeufe-zu-zahlen-zu-hardware-und-spielen\/\" title=\"Switch 2: Nintendo steuert auf 20 Millionen Verk\u00e4ufe zu \u2013 Zahlen zu Hardware und Spielen\" rel=\"nofollow noopener\" target=\"_blank\"><\/p>\n<p>                <img decoding=\"async\" src=\"data:image\/svg+xml,%3Csvg%20xmlns=\" http:=\"\" class=\"img-fluid media-image\" alt=\"Switch 2: Nintendo steuert auf 20 Millionen Verk\u00e4ufe zu \u2013 Zahlen zu Hardware und Spielen\" data-lazy-src=\"https:\/\/www.europesays.com\/de\/wp-content\/uploads\/2026\/05\/Nintendo-Switch-2-300x169.jpg\"\/><\/p>\n<p>        <\/a><\/p>\n<p>\u201eWir entschuldigen uns aufrichtig bei unseren Kunden f\u00fcr die erheblichen Unannehmlichkeiten, die dies verursachen wird. Obwohl wir eine breite Akzeptanz priorisieren wollten, war es schwierig, die steigenden Kosten \u00fcber einen langen Zeitraum hinweg zu tragen. Die neue Preisgestaltung tr\u00e4gt den Kostensteigerungen nicht in vollem Umfang Rechnung\u201c, <a href=\"https:\/\/bsky.app\/profile\/ninpatentswatch.bsky.social\/post\/3mlewl3kwm224\" target=\"_blank\" rel=\"noreferrer noopener nofollow\"><strong>sagte Furukawa<\/strong><\/a>.<\/p>\n<p>Weiter geht Nintendos Pr\u00e4sident davon aus, dass sich die gestiegenen Preise nur bedingt auf die Nachfrage nach der Switch 2 auswirken. \u201eAufgrund der Bem\u00fchungen zur St\u00e4rkung unserer Lieferkette [\u2026] erreichten die Verk\u00e4ufe im ersten Jahr ein beispielloses Niveau\u201c, so Furukawa.<\/p>\n<p>\u201eDie Nachfrage im zweiten Jahr ist stabil, und wir glauben, dass die Einf\u00fchrung der Switch 2 reibungslos voranschreitet.\u201c<\/p>\n<p>Nintendo verspricht langfristig mehr Gegenwert<\/p>\n<p>Bei der Entschuldigung f\u00fcr die Preiserh\u00f6hung belie\u00df es Furukawa nicht. Direkt an die Kunden gerichtet versprach er, dass Nintendo den Eigentumswert der Switch 2 erh\u00f6hen m\u00f6chte, indem das Unternehmen in den kommenden Jahren ein \u201eumfassendes Software-Angebot\u201c zur Verf\u00fcgung stellen wird, das die Preiserh\u00f6hung kompensieren soll.<\/p>\n<p>Wie das Ganze in der Praxis aussieht und wann die Spieler mit entsprechenden Ank\u00fcndigungen rechnen d\u00fcrfen, verriet Furukawa aber noch nicht. <\/p>\n<p>                    <a href=\"https:\/\/www.play3.de\/2026\/05\/08\/switch-2-rekordfahrt-mit-vollbremsung-warum-nintendo-trotz-erfolg-die-erwartungen-drosselt\/\" title=\"Switch 2: Rekordfahrt mit Vollbremsung \u2013 Warum Nintendo trotz Erfolg die Erwartungen drosselt\" rel=\"nofollow noopener\" target=\"_blank\"><\/p>\n<p>                <img decoding=\"async\" src=\"data:image\/svg+xml,%3Csvg%20xmlns=\" http:=\"\" class=\"img-fluid media-image\" alt=\"Switch 2: Rekordfahrt mit Vollbremsung \u2013 Warum Nintendo trotz Erfolg die Erwartungen drosselt\" data-lazy-src=\"https:\/\/www.europesays.com\/de\/wp-content\/uploads\/2026\/05\/Switch-2-plus-TV-300x169.jpg\"\/><\/p>\n<p>        <\/a><\/p>\n<p>Durch die Preiserh\u00f6hung steigt der Preis der Switch 2 hierzulande am 1. September 2026 von 469,99 Euro auf 499,99 Euro. In den USA werden k\u00fcnftig 499,99 statt der bisherigen 449,99 US-Dollar f\u00e4llig.<\/p>\n<p>Wer Interesse an Nintendos aktueller Konsole hat, kann sich diese bei Bedarf also noch ein paar Monate zum alten Preis sichern.<\/p>\n<p><img decoding=\"async\" class=\"wp-worthy-pixel-img skip-lazy \" src=\"https:\/\/www.europesays.com\/de\/wp-content\/uploads\/2026\/05\/7b533a9f72b9439b9d0577350bd61090.gif\" loading=\"eager\" data-no-lazy=\"1\" data-skip-lazy=\"1\" alt=\"\"\/>                                <\/p>\n<p>                    <a href=\"https:\/\/www.play3.de\" class=\"home\" rel=\"nofollow noopener\" target=\"_blank\">Startseite<\/a><br \/>\n                    <a href=\"https:\/\/www.play3.de\/forum\/\" class=\"forum\" rel=\"nofollow noopener\" target=\"_blank\">Im Forum diskutieren<\/a><\/p>\n<p> Bei Links zu Amazon, Media Markt, Saturn und einigen anderen H\u00e4ndlern handelt es sich in der Regel um Affiliate-Links. Bei einem Einkauf erhalten wir eine kleine Provision, mit der wir die kostenlos nutzbare Seite finanzieren k\u00f6nnen. Ihr habt dabei keine Nachteile.<\/p>\n","protected":false},"excerpt":{"rendered":"In dieser Woche k\u00fcndigte Nintendo eine Preiserh\u00f6hung f\u00fcr die Switch 2 an. In einem erg\u00e4nzenden Statement verriet Firmenpr\u00e4sident&hellip;\n","protected":false},"author":2,"featured_media":1008126,"comment_status":"","ping_status":"","sticky":false,"template":"","format":"standard","meta":{"footnotes":"","_share_on_mastodon":"0"},"categories":[135],"tags":[29,30,207,190,189,194,191,193,192],"class_list":["post-1008125","post","type-post","status-publish","format-standard","has-post-thumbnail","category-wissenschaft-technik","tag-deutschland","tag-germany","tag-nintendo-switch-2","tag-science","tag-science-technology","tag-technik","tag-technology","tag-wissenschaft","tag-wissenschaft-technik"],"share_on_mastodon":{"url":"https:\/\/pubeurope.com\/@de\/116549412856909052","error":""},"_links":{"self":[{"href":"https:\/\/www.europesays.com\/de\/wp-json\/wp\/v2\/posts\/1008125","targetHints":{"allow":["GET"]}}],"collection":[{"href":"https:\/\/www.europesays.com\/de\/wp-json\/wp\/v2\/posts"}],"about":[{"href":"https:\/\/www.europesays.com\/de\/wp-json\/wp\/v2\/types\/post"}],"author":[{"embeddable":true,"href":"https:\/\/www.europesays.com\/de\/wp-json\/wp\/v2\/users\/2"}],"replies":[{"embeddable":true,"href":"https:\/\/www.europesays.com\/de\/wp-json\/wp\/v2\/comments?post=1008125"}],"version-history":[{"count":0,"href":"https:\/\/www.europesays.com\/de\/wp-json\/wp\/v2\/posts\/1008125\/revisions"}],"wp:featuredmedia":[{"embeddable":true,"href":"https:\/\/www.europesays.com\/de\/wp-json\/wp\/v2\/media\/1008126"}],"wp:attachment":[{"href":"https:\/\/www.europesays.com\/de\/wp-json\/wp\/v2\/media?parent=1008125"}],"wp:term":[{"taxonomy":"category","embeddable":true,"href":"https:\/\/www.europesays.com\/de\/wp-json\/wp\/v2\/categories?post=1008125"},{"taxonomy":"post_tag","embeddable":true,"href":"https:\/\/www.europesays.com\/de\/wp-json\/wp\/v2\/tags?post=1008125"}],"curies":[{"name":"wp","href":"https:\/\/api.w.org\/{rel}","templated":true}]}}