{"id":1008340,"date":"2026-05-10T10:53:36","date_gmt":"2026-05-10T10:53:36","guid":{"rendered":"https:\/\/www.europesays.com\/de\/1008340\/"},"modified":"2026-05-10T10:53:36","modified_gmt":"2026-05-10T10:53:36","slug":"fanfreundschaft-im-max-morlock-stadion-schalke-nuernberg-feiern","status":"publish","type":"post","link":"https:\/\/www.europesays.com\/de\/1008340\/","title":{"rendered":"Fanfreundschaft im Max-Morlock-Stadion: Schalke &#038; N\u00fcrnberg feiern"},"content":{"rendered":"<p>\t\tGemeinsam statt gegeneinander<br \/>\n\t\t\t\t\tEin Abend f\u00fcr die Fankultur<\/p>\n<p>\t\t<img alt=\"\" src=\"https:\/\/www.europesays.com\/de\/wp-content\/uploads\/2025\/05\/630_0036_1213814_.jpg\"  class=\"avatar avatar-36 photo avatar-default\" height=\"36\" width=\"36\" loading=\"eager\" decoding=\"async\"\/>\t\t<a class=\"article-author__name\" href=\"https:\/\/www.ruhrnachrichten.de\/author\/rene-preuss\/\" rel=\"author nofollow noopener\" target=\"_blank\">Rene Preu\u00df<\/a><br \/>\n\t\tSport-Redakteur<\/p>\n<p>    <a href=\"https:\/\/www.ruhrnachrichten.de\/wp-content\/uploads\/2026\/05\/09\/23\/630_0900_6183097_-1648x824.jpg\" rel=\"nofollow noopener\" target=\"_blank\"><\/p>\n<p>            <img loading=\"lazy\" decoding=\"async\" src=\"https:\/\/www.europesays.com\/de\/wp-content\/uploads\/2026\/05\/630_0900_6183094_-640x428.jpg\" width=\"640\" height=\"428\"  alt=\"Am Samstag wurde ein gro\u00dfes Fanfest in N\u00fcrnberg gefeiert.\"\/><\/p>\n<p>    <\/a><br \/>\n    Am Samstag wurde ein gro\u00dfes Fanfest in N\u00fcrnberg gefeiert. \u00a9 KROEGER\/RHR-FOTO<\/p>\n<p class=\"article__teaser-text\">Fanfreundschaft statt Rivalit\u00e4t: Schalke und N\u00fcrnberg feiern gemeinsam ein stimmungsvolles Fu\u00dfballfest \u2013 G\u00e4nsehaut-Choreo inklusive.<\/p>\n<p>2 Min Lesezeit<\/p>\n","protected":false},"excerpt":{"rendered":"Gemeinsam statt gegeneinander Ein Abend f\u00fcr die Fankultur Rene Preu\u00df Sport-Redakteur Am Samstag wurde ein gro\u00dfes Fanfest in&hellip;\n","protected":false},"author":2,"featured_media":1008341,"comment_status":"","ping_status":"","sticky":false,"template":"","format":"standard","meta":{"footnotes":"","_share_on_mastodon":"0"},"categories":[1837],"tags":[772,3364,29,26501,30,3783,23396],"class_list":["post-1008340","post","type-post","status-publish","format-standard","has-post-thumbnail","category-nuernberg","tag-bayern","tag-de","tag-deutschland","tag-fanfest","tag-germany","tag-nuernberg","tag-schalke"],"share_on_mastodon":{"url":"https:\/\/pubeurope.com\/@de\/116549911210395237","error":""},"_links":{"self":[{"href":"https:\/\/www.europesays.com\/de\/wp-json\/wp\/v2\/posts\/1008340","targetHints":{"allow":["GET"]}}],"collection":[{"href":"https:\/\/www.europesays.com\/de\/wp-json\/wp\/v2\/posts"}],"about":[{"href":"https:\/\/www.europesays.com\/de\/wp-json\/wp\/v2\/types\/post"}],"author":[{"embeddable":true,"href":"https:\/\/www.europesays.com\/de\/wp-json\/wp\/v2\/users\/2"}],"replies":[{"embeddable":true,"href":"https:\/\/www.europesays.com\/de\/wp-json\/wp\/v2\/comments?post=1008340"}],"version-history":[{"count":0,"href":"https:\/\/www.europesays.com\/de\/wp-json\/wp\/v2\/posts\/1008340\/revisions"}],"wp:featuredmedia":[{"embeddable":true,"href":"https:\/\/www.europesays.com\/de\/wp-json\/wp\/v2\/media\/1008341"}],"wp:attachment":[{"href":"https:\/\/www.europesays.com\/de\/wp-json\/wp\/v2\/media?parent=1008340"}],"wp:term":[{"taxonomy":"category","embeddable":true,"href":"https:\/\/www.europesays.com\/de\/wp-json\/wp\/v2\/categories?post=1008340"},{"taxonomy":"post_tag","embeddable":true,"href":"https:\/\/www.europesays.com\/de\/wp-json\/wp\/v2\/tags?post=1008340"}],"curies":[{"name":"wp","href":"https:\/\/api.w.org\/{rel}","templated":true}]}}