{"id":1008627,"date":"2026-05-10T13:49:16","date_gmt":"2026-05-10T13:49:16","guid":{"rendered":"https:\/\/www.europesays.com\/de\/1008627\/"},"modified":"2026-05-10T13:49:16","modified_gmt":"2026-05-10T13:49:16","slug":"fangesaenge-in-der-kirche-1-000-clubfans-feiern-gottesdienst","status":"publish","type":"post","link":"https:\/\/www.europesays.com\/de\/1008627\/","title":{"rendered":"Fanges\u00e4nge in der Kirche: 1.000 Clubfans feiern Gottesdienst"},"content":{"rendered":"<p>So voll ist die altehrw\u00fcrdige Kirche St. Sebald mitten in der N\u00fcrnberger Altstadt wohl nur selten. Und auch nur selten stehen ein evangelischer Pfarrer, ein katholischer Priester, ein Rabbiner und ein Imam vor dem Altar: Mehr als 1.000 <a href=\"https:\/\/www.br.de\/nachrichten\/sport\/1-fc-nuernberg-wie-die-clubfans-ihren-fcn-feiern-leidensfaehig-und-treu-ergeben,UkQ6fpP\" rel=\"nofollow noopener\" target=\"_blank\">Fans des 1. FC N\u00fcrnberg<\/a> und von Schalke 04 haben in der N\u00fcrnberger Sebalduskirche einen gemeinsamen Gottesdienst gefeiert.<\/p>\n<p>Nach der Premiere im vergangenen Jahr sei es inzwischen schon Tradition, rund um den Geburtstag des Clubs Anfang Mai einen gro\u00dfen Fangottesdienst zu feiern, sagte Pfarrer Martin Brons gleich zu Beginn.<\/p>\n<p>Fanfreundschaft liefert das Motto des Gottesdiensts<\/p>\n<p>Nach dem <a href=\"https:\/\/www.br.de\/nachrichten\/sport\/bundesliga-1-fc-nuernberg-fc-schalke-04-fcn-gewinnt-umkaempften-freundschaftsgipfel,VJ9Qc3o\" rel=\"nofollow noopener\" target=\"_blank\">Ligaspiel zwischen dem 1. FCN und Schalke<\/a> am vergangenen Samstag (09.05.26) sei auch das Motto des Gottesdienstes klar gewesen, so Pfarrer Brons: Es ging um Freundschaft. Schlie\u00dflich ist die Fanfreundschaft zwischen den Clubberern und den Gelsenkirchenern eine der innigsten in der Fu\u00dfball-Welt. <\/p>\n<p>Fanges\u00e4nge und Jubel im Gotteshaus<\/p>\n<p>Und so begann auch das Kirchenfest emotional: Alte und junge Fu\u00dfballfans zogen am Sonntag mit gro\u00dfen und kleinen Flaggen, Fanshirts und Fu\u00dfballtrikots, singend zu den Kl\u00e4ngen der Clubhymne &#8222;Die Legende lebt&#8220;, in die Sebalduskirche ein. Fans beider Clubs berichteten von der anf\u00e4nglichen Rivalit\u00e4t der Traditionsvereine um Meisterschaft und Pokal bis zu den Mythen, die sich um die Entstehung der legend\u00e4ren Freundschaft der Anh\u00e4nger von 1. FCN und Schalke 04 ranken.<\/p>\n<p>Freundschaft im Kleinen, Frieden im Gro\u00dfen<\/p>\n<p>&#8222;G\u00e4nsehaut pur&#8220; h\u00e4tten sie gehabt, sagten viele Fans direkt nach dem Gottesdienst. Und auch die Botschaft sei bei ihnen angekommen: Es gehe nicht nur im Fu\u00dfball, sondern auch im Alltag, in der Nachbarschaft wie zwischen verschiedenen Nationen, um Freundschaft und ein friedliches Miteinander.<\/p>\n","protected":false},"excerpt":{"rendered":"So voll ist die altehrw\u00fcrdige Kirche St. Sebald mitten in der N\u00fcrnberger Altstadt wohl nur selten. Und auch&hellip;\n","protected":false},"author":2,"featured_media":1008628,"comment_status":"","ping_status":"","sticky":false,"template":"","format":"standard","meta":{"footnotes":"","_share_on_mastodon":"0"},"categories":[1837],"tags":[783,71299,621,772,3364,29,156671,3158,3911,347,30,19789,4156,3783,19284],"class_list":["post-1008627","post","type-post","status-publish","format-standard","has-post-thumbnail","category-nuernberg","tag-1-fc-nuernberg","tag-1-fcn","tag-2-bundesliga","tag-bayern","tag-de","tag-deutschland","tag-fanfreundschaft","tag-fc-schalke-04","tag-freundschaft","tag-fussball","tag-germany","tag-gottesdienst","tag-mittelfranken","tag-nuernberg","tag-st-sebald"],"share_on_mastodon":{"url":"https:\/\/pubeurope.com\/@de\/116550603076843746","error":""},"_links":{"self":[{"href":"https:\/\/www.europesays.com\/de\/wp-json\/wp\/v2\/posts\/1008627","targetHints":{"allow":["GET"]}}],"collection":[{"href":"https:\/\/www.europesays.com\/de\/wp-json\/wp\/v2\/posts"}],"about":[{"href":"https:\/\/www.europesays.com\/de\/wp-json\/wp\/v2\/types\/post"}],"author":[{"embeddable":true,"href":"https:\/\/www.europesays.com\/de\/wp-json\/wp\/v2\/users\/2"}],"replies":[{"embeddable":true,"href":"https:\/\/www.europesays.com\/de\/wp-json\/wp\/v2\/comments?post=1008627"}],"version-history":[{"count":0,"href":"https:\/\/www.europesays.com\/de\/wp-json\/wp\/v2\/posts\/1008627\/revisions"}],"wp:featuredmedia":[{"embeddable":true,"href":"https:\/\/www.europesays.com\/de\/wp-json\/wp\/v2\/media\/1008628"}],"wp:attachment":[{"href":"https:\/\/www.europesays.com\/de\/wp-json\/wp\/v2\/media?parent=1008627"}],"wp:term":[{"taxonomy":"category","embeddable":true,"href":"https:\/\/www.europesays.com\/de\/wp-json\/wp\/v2\/categories?post=1008627"},{"taxonomy":"post_tag","embeddable":true,"href":"https:\/\/www.europesays.com\/de\/wp-json\/wp\/v2\/tags?post=1008627"}],"curies":[{"name":"wp","href":"https:\/\/api.w.org\/{rel}","templated":true}]}}