{"id":1008760,"date":"2026-05-10T15:09:15","date_gmt":"2026-05-10T15:09:15","guid":{"rendered":"https:\/\/www.europesays.com\/de\/1008760\/"},"modified":"2026-05-10T15:09:15","modified_gmt":"2026-05-10T15:09:15","slug":"alkohol-aerzteverband-will-verkauf-von-schnaps-in-lizenzierten-geschaeften","status":"publish","type":"post","link":"https:\/\/www.europesays.com\/de\/1008760\/","title":{"rendered":"Alkohol: \u00c4rzteverband will Verkauf von Schnaps in lizenzierten Gesch\u00e4ften"},"content":{"rendered":"<p class=\"paragraph article__item\">Der \u00c4rzteverband Marburger Bund hat strengere Regeln beim Zugang zu <a class=\"rtr-entity\" href=\"https:\/\/www.zeit.de\/thema\/alkohol\" rel=\"nofollow noopener\" target=\"_blank\">Alkohol<\/a> gefordert. \u00bbDer Verkauf hochprozentiger alkoholischer Getr\u00e4nke soll ausschlie\u00dflich in lizenzierten, spezialisierten Verkaufsstellen (\u00bbAlkoholshops\u00ab) erfolgen\u00ab, teilte der Verband auf seiner Hauptversammlung in Hannover mit. Superm\u00e4rkte, Tankstellen und Kioske sollten demnach keinen hochprozentigen Alkohol mehr anbieten d\u00fcrfen.\n<\/p>\n<p class=\"paragraph article__item\">Als Grund nannte der \u00c4rzteverband, dass <a href=\"https:\/\/www.zeit.de\/gesundheit\/2026-02\/krankenhausbehandlungen-alkoholkonsums-statistische-bundesamt-gxe\" target=\"_blank\" rel=\"nofollow noopener\">Alkoholkonsum zu den gr\u00f6\u00dften vermeidbaren Gesundheitsrisiken<\/a> in Deutschland geh\u00f6re. Besonders junge Menschen m\u00fcssten besser gesch\u00fctzt werden. Laut dem Marburger Bund erh\u00f6hen fr\u00fch etablierte Konsumg\u00fcter nachweislich das Risiko f\u00fcr sp\u00e4tere Abh\u00e4ngigkeitserkrankungen sowie gesundheitliche und soziale Folgesch\u00e4den.\n<\/p>\n<p>        Marburger Bund fordert Pr\u00e4ventionsstrategie        <\/p>\n<p class=\"paragraph article__item\">Der \u00c4rzteverband unterst\u00fctzt auch die Gesetzespl\u00e4ne des Bundesfamilienministeriums, das sogenannte begleitete Trinken f\u00fcr Jugendliche ab 14 Jahren abzuschaffen. Damit soll eine Ausnahmeregelung gestrichen werden, die den <a href=\"https:\/\/www.zeit.de\/politik\/deutschland\/2026-04\/haushalt-zuckerabgabe-tabak-alkohol-steuer-bundesregierung\" target=\"_blank\" rel=\"nofollow noopener\">Kauf und Konsum von Bier, Wein und Sekt<\/a> in Begleitung einer sorgeberechtigten Person auch mit 14 oder 15 Jahren erlaubt.\u00a0Laut dem \u00c4rzteverband zeigen internationale Studien, dass h\u00f6here Altersgrenzen und strengere Verkaufsregeln den Alkoholkonsum signifikant senken. Insbesondere Jugendliche w\u00fcrden dadurch besser gesch\u00fctzt.\n<\/p>\n<p class=\"paragraph article__item\">Zudem spricht sich der Marburger Bund f\u00fcr eine bundesweite Pr\u00e4ventionsstrategie aus \u2013 mit folgenden Elementen: Aufkl\u00e4rungskampagnen, die St\u00e4rkung der Suchtpr\u00e4vention in Schulen, den Ausbau niedrigschwelliger Beratungsangebote und die F\u00f6rderung wissenschaftlicher Forschung.\n<\/p>\n<p>Mehr zum Thema <\/p>\n<p>            Alkoholsucht        <\/p>\n<p>                <a href=\"https:\/\/www.zeit.de\/wissen\/2025-12\/alkoholkonsum-trinkgewohnheiten-menge-abhaengigkeit-alkoholismus\" data-ct-label=\"Alkoholkonsum: Ist das schon ein Alkoholproblem?\" data-uuid=\"a15dbefb-c950-4b87-b203-bfa78270752a\" rel=\"nofollow noopener\" target=\"_blank\"><\/p>\n<p>        Z+ (abopflichtiger Inhalt);<\/p>\n<p>    Alkoholkonsum:<br \/>\n                        Ist das schon ein Alkoholproblem?<\/p>\n<p>                <\/a><\/p>\n<p>                <a href=\"https:\/\/www.zeit.de\/familie\/2026-01\/alkoholismus-sucht-familie-eltern-kinder-verhaltensmuster\" data-ct-label=\"Alkoholismus: Es war ein Foto, das Papa vor dem Alkohol rettete\" data-uuid=\"87e597a7-c5c4-413a-b48b-80e2d79ed9c3\" rel=\"nofollow noopener\" target=\"_blank\"><\/p>\n<p>        Z+ (abopflichtiger Inhalt);<\/p>\n<p>    Alkoholismus:<br \/>\n                        Es war ein Foto, das Papa vor dem Alkohol rettete<\/p>\n<p>                <\/a><\/p>\n<p>                <a href=\"https:\/\/www.zeit.de\/gesundheit\/2026-03\/alkoholkonsum-deutschland-dge-empfehlung-schaedlichkeit\" data-ct-label=\"Alkoholkonsum in Deutschland: Am besten gar keinen Alkohol mehr? Sorry, bin nicht \u00fcberzeugt\" data-uuid=\"b14229c3-9bbd-434b-9c9d-867cfe70f761\" rel=\"nofollow noopener\" target=\"_blank\"><\/p>\n<p>        Z+ (abopflichtiger Inhalt);<\/p>\n<p>    Alkoholkonsum in Deutschland:<br \/>\n                        Am besten gar keinen Alkohol mehr? Sorry, bin nicht \u00fcberzeugt<\/p>\n<p>                <\/a><\/p>\n","protected":false},"excerpt":{"rendered":"Der \u00c4rzteverband Marburger Bund hat strengere Regeln beim Zugang zu Alkohol gefordert. \u00bbDer Verkauf hochprozentiger alkoholischer Getr\u00e4nke soll&hellip;\n","protected":false},"author":2,"featured_media":1008761,"comment_status":"","ping_status":"","sticky":false,"template":"","format":"standard","meta":{"footnotes":"","_share_on_mastodon":"0"},"categories":[5],"tags":[331,332,6789,33352,16886,1187,3364,29,30,141,19801,13,16468,14,15,12],"class_list":["post-1008760","post","type-post","status-publish","format-standard","has-post-thumbnail","category-nachrichten","tag-aktuelle-nachrichten","tag-aktuelle-news","tag-alkohol","tag-alkoholkonsum","tag-alkoholsucht","tag-arzt","tag-de","tag-deutschland","tag-germany","tag-gesundheit","tag-getraenk","tag-headlines","tag-jugendschutz","tag-nachrichten","tag-news","tag-schlagzeilen"],"share_on_mastodon":{"url":"https:\/\/pubeurope.com\/@de\/116550917795345107","error":""},"_links":{"self":[{"href":"https:\/\/www.europesays.com\/de\/wp-json\/wp\/v2\/posts\/1008760","targetHints":{"allow":["GET"]}}],"collection":[{"href":"https:\/\/www.europesays.com\/de\/wp-json\/wp\/v2\/posts"}],"about":[{"href":"https:\/\/www.europesays.com\/de\/wp-json\/wp\/v2\/types\/post"}],"author":[{"embeddable":true,"href":"https:\/\/www.europesays.com\/de\/wp-json\/wp\/v2\/users\/2"}],"replies":[{"embeddable":true,"href":"https:\/\/www.europesays.com\/de\/wp-json\/wp\/v2\/comments?post=1008760"}],"version-history":[{"count":0,"href":"https:\/\/www.europesays.com\/de\/wp-json\/wp\/v2\/posts\/1008760\/revisions"}],"wp:featuredmedia":[{"embeddable":true,"href":"https:\/\/www.europesays.com\/de\/wp-json\/wp\/v2\/media\/1008761"}],"wp:attachment":[{"href":"https:\/\/www.europesays.com\/de\/wp-json\/wp\/v2\/media?parent=1008760"}],"wp:term":[{"taxonomy":"category","embeddable":true,"href":"https:\/\/www.europesays.com\/de\/wp-json\/wp\/v2\/categories?post=1008760"},{"taxonomy":"post_tag","embeddable":true,"href":"https:\/\/www.europesays.com\/de\/wp-json\/wp\/v2\/tags?post=1008760"}],"curies":[{"name":"wp","href":"https:\/\/api.w.org\/{rel}","templated":true}]}}