{"id":1010002,"date":"2026-05-11T03:56:35","date_gmt":"2026-05-11T03:56:35","guid":{"rendered":"https:\/\/www.europesays.com\/de\/1010002\/"},"modified":"2026-05-11T03:56:35","modified_gmt":"2026-05-11T03:56:35","slug":"flohmarkt-am-wildpark-karlsruhe-termin-fuer-birkenparkplatz-steht-fest","status":"publish","type":"post","link":"https:\/\/www.europesays.com\/de\/1010002\/","title":{"rendered":"Flohmarkt am Wildpark Karlsruhe: Termin f\u00fcr Birkenparkplatz steht fest"},"content":{"rendered":"<p class=\"mb-6 text-xs md:text-m lg:text-l font-serif group-[.font-sans]:font-sans \">\n    Gute Nachrichten f\u00fcr Tr\u00f6dler und Schn\u00e4ppchenj\u00e4ger in <a href=\"https:\/\/www.ka-news.de\/promis\/karlsruhe-kulturlandschaft-technologieregion-und-residenz-des-rechts-die-faecherstadt-im-ueberblick-art-2783253\" target=\"_self\" class=\"underline \" rel=\"nofollow noopener\">Karlsruhe<\/a>: Ab dem <strong class=\"font-bold\">21. Mai<\/strong> kehrt der beliebte <a href=\"https:\/\/www.ka-news.de\/karlsruhe\/freizeit-und-veranstaltungen\/wildparkstadion-karlsruhe-kommt-der-kult-flohmarkt-am-birkenparkplatz-zurueck-113213206\" target=\"_self\" class=\"underline \" rel=\"nofollow noopener\">Flohmarkt auf dem Birkenparkplatz<\/a> zur\u00fcck. Ab dann soll der Flohmarkt <strong class=\"font-bold\">jeden Donnerstag<\/strong> bei gutem Wetter stattfinden.\n  <\/p>\n<p>    <img decoding=\"async\" src=\"https:\/\/images.mgpd.de\/img\/114013058\/crop\/c16_9-w100\/584931498\/754365344\/img9010.jpg\" alt=\"Flohmarkt. (Symbolbild)\" title=\"Flohmarkt. (Symbolbild)\" loading=\"lazy\" class=\"h-full w-full object-cover\"\/><\/p>\n<p>      Icon vergr\u00f6\u00dfern<\/p>\n<p>    Flohmarkt. (Symbolbild)<br \/>\n    Foto: Thomas Riedel<\/p>\n<p>        Schlie\u00dfen <\/p>\n<p>      Icon Schlie\u00dfen<\/p>\n<p>        Icon vergr\u00f6\u00dfern<\/p>\n<p>        Icon verkleinern<\/p>\n<p>      Icon Pfeil bewegen<\/p>\n<p>    Flohmarkt. (Symbolbild)<br \/>\n    Foto: Thomas Riedel<\/p>\n<p class=\"mb-6 text-xs md:text-m lg:text-l font-serif group-[.font-sans]:font-sans \">\n    <strong class=\"font-bold\">Die diesj\u00e4hrige Saison ist bis Oktober geplant, im kommenden Jahr soll der Markt dann wieder im Mai starten.<\/strong>\n  <\/p>\n<p>            Neuer Betreiber \u00fcbernimmt Flohmarkt am Wildpark<\/p>\n<p class=\"mb-6 text-xs md:text-m lg:text-l font-serif group-[.font-sans]:font-sans \">\n    Nach l\u00e4ngerer Pause hat die Stadt nun einen neuen Betreiber gefunden. Wie der st\u00e4dtische Eigenbetrieb Fu\u00dfballstadion im Wildpark (EiBS) mitteilt, wird die Veranstaltungsagentur Timke k\u00fcnftig den Markt organisieren.\n  <\/p>\n<p>    <img decoding=\"async\" src=\"https:\/\/images.mgpd.de\/img\/114013054\/crop\/c16_9-w100\/2048484190\/1496406976\/img8928.jpg\" alt=\"Flohmarkt. (Symbolbild)\" title=\"Flohmarkt. (Symbolbild)\" loading=\"lazy\" class=\"h-full w-full object-cover\"\/><\/p>\n<p>      Icon vergr\u00f6\u00dfern<\/p>\n<p>    Flohmarkt. (Symbolbild)<br \/>\n    Foto: Thomas Riedel<\/p>\n<p>        Schlie\u00dfen <\/p>\n<p>      Icon Schlie\u00dfen<\/p>\n<p>        Icon vergr\u00f6\u00dfern<\/p>\n<p>        Icon verkleinern<\/p>\n<p>      Icon Pfeil bewegen<\/p>\n<p>    Flohmarkt. (Symbolbild)<br \/>\n    Foto: Thomas Riedel<\/p>\n<p>            Flohmarkt wurde nach \u00fcber 20 Jahren eingestellt<\/p>\n<p class=\"mb-6 text-xs md:text-m lg:text-l font-serif group-[.font-sans]:font-sans \">\n    Der traditionsreiche Markt wurde <strong class=\"font-bold\">2022 nach mehr als zwei Jahrzehnten \u00fcberraschend eingestellt.<\/strong> Hintergrund war eine deutliche Erh\u00f6hung der Platzmiete nach der Sanierung des Areals, \u00fcber deren H\u00f6he sich die Stadt und damalige Betreiber nicht einigen konnten.\n  <\/p>\n<p>    <img decoding=\"async\" src=\"https:\/\/images.mgpd.de\/img\/114013051\/crop\/c16_9-w100\/271421340\/30643471\/img8960.jpg\" alt=\"Flohmarkt. (Symbolbild)\" title=\"Flohmarkt. (Symbolbild)\" loading=\"lazy\" class=\"h-full w-full object-cover\"\/><\/p>\n<p>      Icon vergr\u00f6\u00dfern<\/p>\n<p>    Flohmarkt. (Symbolbild)<br \/>\n    Foto: Thomas Riedel<\/p>\n<p>        Schlie\u00dfen <\/p>\n<p>      Icon Schlie\u00dfen<\/p>\n<p>        Icon vergr\u00f6\u00dfern<\/p>\n<p>        Icon verkleinern<\/p>\n<p>      Icon Pfeil bewegen<\/p>\n<p>    Flohmarkt. (Symbolbild)<br \/>\n    Foto: Thomas Riedel<\/p>\n<p class=\"mb-6 text-xs md:text-m lg:text-l font-serif group-[.font-sans]:font-sans \">\n    Zwar gab es <strong class=\"font-bold\">2023 einen zwischenzeitlichen Neustart mit neuem Veranstalter<\/strong> und ge\u00e4ndertem Wochentag, zuletzt blieb der Birkenparkplatz jedoch erneut ohne regelm\u00e4\u00dfigen Flohmarkt. Mit der neuen Vergabe soll nun wieder dauerhaft Leben auf der Fl\u00e4che zur\u00fcckkehren.\n  <\/p>\n","protected":false},"excerpt":{"rendered":"Gute Nachrichten f\u00fcr Tr\u00f6dler und Schn\u00e4ppchenj\u00e4ger in Karlsruhe: Ab dem 21. Mai kehrt der beliebte Flohmarkt auf dem&hellip;\n","protected":false},"author":2,"featured_media":1010003,"comment_status":"","ping_status":"","sticky":false,"template":"","format":"standard","meta":{"footnotes":"","_share_on_mastodon":"0"},"categories":[1844],"tags":[1634,168649,3364,29,8513,30,8903,117345,33603,35652],"class_list":["post-1010002","post","type-post","status-publish","format-standard","has-post-thumbnail","category-karlsruhe","tag-baden-wuerttemberg","tag-birkenparkplatz","tag-de","tag-deutschland","tag-flohmarkt","tag-germany","tag-karlsruhe","tag-schnaeppchenjaeger","tag-treffpunkt","tag-wildpark"],"share_on_mastodon":{"url":"https:\/\/pubeurope.com\/@de\/116553933851632730","error":""},"_links":{"self":[{"href":"https:\/\/www.europesays.com\/de\/wp-json\/wp\/v2\/posts\/1010002","targetHints":{"allow":["GET"]}}],"collection":[{"href":"https:\/\/www.europesays.com\/de\/wp-json\/wp\/v2\/posts"}],"about":[{"href":"https:\/\/www.europesays.com\/de\/wp-json\/wp\/v2\/types\/post"}],"author":[{"embeddable":true,"href":"https:\/\/www.europesays.com\/de\/wp-json\/wp\/v2\/users\/2"}],"replies":[{"embeddable":true,"href":"https:\/\/www.europesays.com\/de\/wp-json\/wp\/v2\/comments?post=1010002"}],"version-history":[{"count":0,"href":"https:\/\/www.europesays.com\/de\/wp-json\/wp\/v2\/posts\/1010002\/revisions"}],"wp:featuredmedia":[{"embeddable":true,"href":"https:\/\/www.europesays.com\/de\/wp-json\/wp\/v2\/media\/1010003"}],"wp:attachment":[{"href":"https:\/\/www.europesays.com\/de\/wp-json\/wp\/v2\/media?parent=1010002"}],"wp:term":[{"taxonomy":"category","embeddable":true,"href":"https:\/\/www.europesays.com\/de\/wp-json\/wp\/v2\/categories?post=1010002"},{"taxonomy":"post_tag","embeddable":true,"href":"https:\/\/www.europesays.com\/de\/wp-json\/wp\/v2\/tags?post=1010002"}],"curies":[{"name":"wp","href":"https:\/\/api.w.org\/{rel}","templated":true}]}}