{"id":101010,"date":"2025-05-11T02:01:11","date_gmt":"2025-05-11T02:01:11","guid":{"rendered":"https:\/\/www.europesays.com\/de\/101010\/"},"modified":"2025-05-11T02:01:11","modified_gmt":"2025-05-11T02:01:11","slug":"autofahrer-faehrt-e-scooter-fahrer-an-berlin-de","status":"publish","type":"post","link":"https:\/\/www.europesays.com\/de\/101010\/","title":{"rendered":"Autofahrer f\u00e4hrt E-Scooter-Fahrer an &#8211; Berlin.de"},"content":{"rendered":"<p>\n    <strong>Nr. 1143<\/strong><br \/>Gestern Mittag wurde ein E-Scooter-Fahrer bei einem Verkehrsunfall in Rudow verletzt. Gegen 12:40 Uhr war ein 30-j\u00e4hriger Autofahrer auf der Gro\u00df-Ziethener Chaussee in Fahrtrichtung B\u00e4ckerstra\u00dfe unterwegs, als der 18-J\u00e4hrige aus der Wa\u00dfmannsdorfer Chaussee gefahren kam. An der Einm\u00fcndung Gro\u00df-Ziethener Chaussee Ecke Wa\u00dfmannsdorfer Chaussee fuhr der Autofahrer den 18-J\u00e4hrigen an. Dieser st\u00fcrzte und erlitt eine Kopfverletzung. Alarmierte Rettungskr\u00e4fte brachten ihn zur station\u00e4ren Behandlung in ein Krankenhaus. Das Fachkommissariat f\u00fcr Verkehrsdelikte der Polizeidirektion 4 (S\u00fcd) \u00fcbernahm die weiteren Ermittlungen.\n  <\/p>\n","protected":false},"excerpt":{"rendered":"Nr. 1143Gestern Mittag wurde ein E-Scooter-Fahrer bei einem Verkehrsunfall in Rudow verletzt. Gegen 12:40 Uhr war ein 30-j\u00e4hriger&hellip;\n","protected":false},"author":2,"featured_media":2288,"comment_status":"","ping_status":"","sticky":false,"template":"","format":"standard","meta":{"footnotes":""},"categories":[1825],"tags":[296,29,30,40263,39981,2331,2332,601],"class_list":{"0":"post-101010","1":"post","2":"type-post","3":"status-publish","4":"format-standard","5":"has-post-thumbnail","7":"category-berlin","8":"tag-berlin","9":"tag-deutschland","10":"tag-germany","11":"tag-ii1558187","12":"tag-meldung-polizei-berlin-vom-10-05-2025","13":"tag-polizeimeldung","14":"tag-transport","15":"tag-verkehr"},"share_on_mastodon":{"url":"https:\/\/pubeurope.com\/@de\/114486737857035843","error":""},"_links":{"self":[{"href":"https:\/\/www.europesays.com\/de\/wp-json\/wp\/v2\/posts\/101010","targetHints":{"allow":["GET"]}}],"collection":[{"href":"https:\/\/www.europesays.com\/de\/wp-json\/wp\/v2\/posts"}],"about":[{"href":"https:\/\/www.europesays.com\/de\/wp-json\/wp\/v2\/types\/post"}],"author":[{"embeddable":true,"href":"https:\/\/www.europesays.com\/de\/wp-json\/wp\/v2\/users\/2"}],"replies":[{"embeddable":true,"href":"https:\/\/www.europesays.com\/de\/wp-json\/wp\/v2\/comments?post=101010"}],"version-history":[{"count":0,"href":"https:\/\/www.europesays.com\/de\/wp-json\/wp\/v2\/posts\/101010\/revisions"}],"wp:featuredmedia":[{"embeddable":true,"href":"https:\/\/www.europesays.com\/de\/wp-json\/wp\/v2\/media\/2288"}],"wp:attachment":[{"href":"https:\/\/www.europesays.com\/de\/wp-json\/wp\/v2\/media?parent=101010"}],"wp:term":[{"taxonomy":"category","embeddable":true,"href":"https:\/\/www.europesays.com\/de\/wp-json\/wp\/v2\/categories?post=101010"},{"taxonomy":"post_tag","embeddable":true,"href":"https:\/\/www.europesays.com\/de\/wp-json\/wp\/v2\/tags?post=101010"}],"curies":[{"name":"wp","href":"https:\/\/api.w.org\/{rel}","templated":true}]}}