{"id":1010222,"date":"2026-05-11T06:14:15","date_gmt":"2026-05-11T06:14:15","guid":{"rendered":"https:\/\/www.europesays.com\/de\/1010222\/"},"modified":"2026-05-11T06:14:15","modified_gmt":"2026-05-11T06:14:15","slug":"urauffuehrung-in-muenchen-of-one-blood-jubel-fuer-neue-oper","status":"publish","type":"post","link":"https:\/\/www.europesays.com\/de\/1010222\/","title":{"rendered":"Urauff\u00fchrung in M\u00fcnchen: \u00abOf One Blood\u00bb &#8211; Jubel f\u00fcr neue Oper"},"content":{"rendered":"<p class=\"paragraph article__item\">Zwei Frauen, ein Machtkampf, eine Hinrichtung: Die Bayerische Staatsoper hat die viel beschriebene Geschichte um die englische K\u00f6nigin Elizabeth I. und ihre schottische Rivalin Mary Stuart neu auf die B\u00fchne gebracht. Dort wurde die <a class=\"rtr-entity\" href=\"https:\/\/www.zeit.de\/thema\/oper\" rel=\"nofollow noopener\" target=\"_blank\">Oper<\/a> \u00bbOf One Blood\u00ab uraufgef\u00fchrt &#8211; mit viel Applaus und Jubel f\u00fcr den australischen Komponisten Brett Dean und Librettistin Heather Betts.\u00a0\n<\/p>\n<p>Aktuelles<\/p>\n<p>                <a href=\"https:\/\/www.zeit.de\/feuilleton\/2026-04\/gedenken-kz-befreiung-buchenwald-wolfram-weimer-hape-kerkeling\" data-ct-label=\"Gedenken an KZ-Befreiung: Ein Mann mit W\u00fcrde\" data-uuid=\"e5b7b1d8-d8f9-4e8d-92f4-983a8735cc15\" rel=\"nofollow noopener\" target=\"_blank\"><\/p>\n<p>        Z+ (abopflichtiger Inhalt);<\/p>\n<p>    Gedenken an KZ-Befreiung:<br \/>\n                        Ein Mann mit W\u00fcrde<\/p>\n<p>                <\/a><\/p>\n<p>                <a href=\"https:\/\/www.zeit.de\/politik\/ausland\/2026-04\/koenig-charles-staatsbesuch-ankunft-trump\" data-ct-label=\"Staatsbesuch: K\u00f6nig Charles und Camilla am Wei\u00dfen Haus eingetroffen\" data-uuid=\"15a238d2-651a-49e5-80df-bb3ed67dbe05\" rel=\"nofollow noopener\" target=\"_blank\"><\/p>\n<p>                        Staatsbesuch:<br \/>\n                        K\u00f6nig Charles und Camilla am Wei\u00dfen Haus eingetroffen<\/p>\n<p>                <\/a><\/p>\n<p>                <a href=\"https:\/\/www.zeit.de\/hamburg\/2026-04\/tobias-kratzer-hamburgische-staatsoper-intendant-kunst\" data-ct-label=\"Tobias Kratzer: &quot;Es gibt Kunstwerke, die waren damals nix und die sind heute nix&quot;\" data-uuid=\"e8774180-8c49-49c6-b003-04010fe84fee\" rel=\"nofollow noopener\" target=\"_blank\"><\/p>\n<p>        Z+ (abopflichtiger Inhalt);<\/p>\n<p>    Tobias Kratzer:<br \/>\n                        &#8222;Es gibt Kunstwerke, die waren damals nix und die sind heute nix&#8220;<\/p>\n<p>                <\/a><\/p>\n<p class=\"paragraph article__item\">Das Ehepaar, das stets zusammenarbeitet bei neuen Opern, f\u00fcgt der bekannten, schon von Friedrich Schiller dramatisierten Historie keine gro\u00dfen \u00dcberraschungen zu.\u00a0\n<\/p>\n<p>                Spirale aus Macht und Gewalt        <\/p>\n<p class=\"paragraph article__item\">Grundlage des Librettos sind historische Briefe und Gedichte. Sie zeigen, was in den beiden Herrscherinnen vorgeht, die sich eigentlich &#8211; schlie\u00dflich sind sie blutsverwandt, eben \u00bbof one blood\u00ab &#8211; verbunden f\u00fchlen. Ihre Verbindung kann aber schlussendlich nichts ausrichten gegen eine (von M\u00e4nnern gedrehte) Macht- und Gewaltspirale.\n<\/p>\n<p class=\"paragraph article__item\">Unterst\u00fctzt wird das Ganze von einer zweigeteilten Inszenierung (Regisseur Claus Guth), die eine dicke, schwarze Linie zwischen den Welten der beiden K\u00f6niginnen zieht. Ihre Geschichte zeigt sie als historische Sezierung, in der die Westminster Abbey, in der sich die S\u00e4rge der beiden K\u00f6niginnen befinden, zum Forschungslabor wird.\u00a0\n<\/p>\n<p>                \u00bbTatsache, dass beide K\u00f6niginnen Opfer waren\u00ab        <\/p>\n<p class=\"paragraph article__item\">\u00bbDas M\u00e4rchen, dies sei die Geschichte einer guten und einer b\u00f6sen K\u00f6nigin, war offensichtlich unwahr\u00ab, sagt Librettistin Betts, deren Tochter Lotte Betts-Dean eine Zofe singt und das St\u00fcck so endg\u00fcltig zum Familienprojekt macht, der Deutschen Presse-Agentur. \u00bbWas f\u00fcr mich auf herzzerrei\u00dfende Weise deutlich wird, ist die Tatsache, dass beide K\u00f6niginnen Opfer waren \u2013 wirkliche Menschen, wirkliche Frauen, gefangen in einer Epoche politischer Erwartungen.\u00ab\n<\/p>\n<p class=\"paragraph article__item\">F\u00fcr sie sei \u00bbder faszinierendste und \u00fcberzeugendste Aspekt ihres Konflikts tats\u00e4chlich psychologischer Natur\u00ab gewesen: \u00bbdie Tatsache, dass sie sich nie pers\u00f6nlich begegneten und doch jede von der Gegenwart der anderen unabl\u00e4ssig und schmerzhaft gequ\u00e4lt wurde\u00ab.\n<\/p>\n<p class=\"paragraph article__item\">Hinrei\u00dfend gequ\u00e4lt gibt sich am Urauff\u00fchrungsabend Vera-Lotte Boecker als Mary Stuart, die mit ihrer Leistung selbst die \u00fcberm\u00e4chtige England-K\u00f6nigin, gesungen von Johanni van Oostrum, in den Schatten stellt. Sie bekommt den meisten Applaus des Abends &#8211; zusammen mit Dirigent Vladimir Jurowski und nur \u00fcbertroffen von dem f\u00fcr die Sch\u00f6pfer dieser neuen Oper.\n<\/p>\n<p class=\"paragraph article__item\">\u00a9 dpa-infocom, dpa:260511-930-63250\/1<\/p>\n","protected":false},"excerpt":{"rendered":"Zwei Frauen, ein Machtkampf, eine Hinrichtung: Die Bayerische Staatsoper hat die viel beschriebene Geschichte um die englische K\u00f6nigin&hellip;\n","protected":false},"author":2,"featured_media":1010223,"comment_status":"","ping_status":"","sticky":false,"template":"","format":"standard","meta":{"footnotes":"","_share_on_mastodon":"0"},"categories":[1827],"tags":[772,217041,29,217045,30,217043,217044,1268,15,97,217540,217539],"class_list":["post-1010222","post","type-post","status-publish","format-standard","has-post-thumbnail","category-muenchen","tag-bayern","tag-brett-dean","tag-deutschland","tag-elizabeth-i","tag-germany","tag-heather-betts","tag-mary-stuart","tag-muenchen","tag-news","tag-oper","tag-rivalin-mary-stuart","tag-urauffuehrung-in-muenchen"],"share_on_mastodon":{"url":"https:\/\/pubeurope.com\/@de\/116554476324406296","error":""},"_links":{"self":[{"href":"https:\/\/www.europesays.com\/de\/wp-json\/wp\/v2\/posts\/1010222","targetHints":{"allow":["GET"]}}],"collection":[{"href":"https:\/\/www.europesays.com\/de\/wp-json\/wp\/v2\/posts"}],"about":[{"href":"https:\/\/www.europesays.com\/de\/wp-json\/wp\/v2\/types\/post"}],"author":[{"embeddable":true,"href":"https:\/\/www.europesays.com\/de\/wp-json\/wp\/v2\/users\/2"}],"replies":[{"embeddable":true,"href":"https:\/\/www.europesays.com\/de\/wp-json\/wp\/v2\/comments?post=1010222"}],"version-history":[{"count":0,"href":"https:\/\/www.europesays.com\/de\/wp-json\/wp\/v2\/posts\/1010222\/revisions"}],"wp:featuredmedia":[{"embeddable":true,"href":"https:\/\/www.europesays.com\/de\/wp-json\/wp\/v2\/media\/1010223"}],"wp:attachment":[{"href":"https:\/\/www.europesays.com\/de\/wp-json\/wp\/v2\/media?parent=1010222"}],"wp:term":[{"taxonomy":"category","embeddable":true,"href":"https:\/\/www.europesays.com\/de\/wp-json\/wp\/v2\/categories?post=1010222"},{"taxonomy":"post_tag","embeddable":true,"href":"https:\/\/www.europesays.com\/de\/wp-json\/wp\/v2\/tags?post=1010222"}],"curies":[{"name":"wp","href":"https:\/\/api.w.org\/{rel}","templated":true}]}}