{"id":1010240,"date":"2026-05-11T06:23:16","date_gmt":"2026-05-11T06:23:16","guid":{"rendered":"https:\/\/www.europesays.com\/de\/1010240\/"},"modified":"2026-05-11T06:23:16","modified_gmt":"2026-05-11T06:23:16","slug":"miriam-neureuther-mit-emotionaler-botschaft-hat-uns-immer-begleitet","status":"publish","type":"post","link":"https:\/\/www.europesays.com\/de\/1010240\/","title":{"rendered":"Miriam Neureuther mit emotionaler Botschaft: &#8222;Hat uns immer begleitet&#8220;"},"content":{"rendered":"<p>Mit vier Kindern d\u00fcrfte der Alltag von Felix und Miriam Neureuther ziemlich ausgelastet sein. Die ehemaligen Ski-Stars haben ihre sportlichen Karrieren f\u00fcr ihre Familie auf Eis gelegt und genie\u00dfen in Garmisch-Partenkirchen ein zur\u00fcckgezogenes Leben. Jetzt hat die Neureuther-Ehefrau einen privaten Einblick gew\u00e4hrt.<\/p>\n<p>Miriam Neureuther in inniger Umarmung mit ihren Kindern<\/p>\n<p>Vor wenigen Tagen ver\u00f6ffentlichte Miriam Neureuther ein Foto, das sie in inniger Umarmung mit Tochter Matilda und Sohn Leo zeigt. Zu dem Schnappschuss schreibt sie, dass diese kleinen Momente mit ihrem Nachwuchs f\u00fcr sie &#8222;das Allersch\u00f6nste&#8220; seien. Zum Schutz ihrer Kinder werden die Gesichter allerdings nicht offen gezeigt.<\/p>\n<p>Seit sie Mutter geworden ist, hat sich Miriam Neureuther vermehrt aus der \u00d6ffentlichkeit zur\u00fcckgezogen. Mit Ehemann Felix hat sie vier Kinder. Ihr j\u00fcngster Sohn Mats kam im Fr\u00fchjahr 2025 auf die Welt, womit die ehemalige Biathletin f\u00fcr eine absolute \u00dcberraschung sorgte. <a href=\"https:\/\/www.abendzeitung-muenchen.de\/promis\/geheime-schwangerschaft-von-miriam-neureuther-pr-profi-spricht-von-meisterleistung-art-1043236\" title=\"Geheime Schwangerschaft von Miriam Neureuther: PR-Profi spricht von &quot;Meisterleistung&quot;\" rel=\"nofollow noopener\" target=\"_blank\">Bis zur Geburt war die Schwangerschaft geheim geblieben<\/a>.<\/p>\n<p>    <img decoding=\"async\" loading=\"lazy\" src=\"https:\/\/www.europesays.com\/de\/wp-content\/uploads\/2026\/05\/1689135_miriam-neureuther_artikelbild-50proz_1G08EQ_A8OFbL.jpg\" alt=\"Miriam Neureuther zeigt sich ganz innig mit ihren Kindern.\" title=\"Miriam Neureuther zeigt sich ganz innig mit ihren Kindern.\" width=\"406\" height=\"574\"\/><\/p>\n<p>      Miriam Neureuther zeigt sich ganz innig mit ihren Kindern.<br \/>\n      \u00a9 Instagram\/miriamneureuther<\/p>\n<p>    Miriam Neureuther zeigt sich ganz innig mit ihren Kindern.<\/p>\n<p>von Instagram\/miriamneureuther <\/p>\n<p>&#8222;}&#8220;&gt; <\/p>\n<p>Liebevolle Botschaft zum Muttertag: &#8222;Sie hat viel Liebe und Zeit investiert&#8220;<\/p>\n<p>Dass Miriam Neureuther in ihrer Elternrolle so aufgeht, kommt nicht von ungef\u00e4hr. Zum Muttertag (10. Mai) richtete sie eine liebevolle Nachricht an ihre eigene Mutter. &#8222;Sie hat immer uns Kinder priorisiert und sich selbst hinten angestellt, damit wir es gut hatten. Sie hat uns immer auf alle Skirennen, Langlaufrennen und sonst wohin begleitet. Sie hat sich wahnsinnig viel M\u00fche gegeben und sehr viel Liebe und Zeit in uns Kinder investiert&#8220;, sagte sie zur &#8222;<a href=\"https:\/\/www.augsburger-allgemeine.de\/panorama\/muttertag-2026-promis-verraten-was-ihre-mama-so-besonders-macht-114162008\" rel=\"noopener nofollow\" target=\"_blank\" title=\"https:\/\/www.augsburger-allgemeine.de\/panorama\/muttertag-2026-promis-verraten-was-ihre-mama-so-besonders-macht-114162008\" class=\"ext_links\">Augsburger Allgemeinen<\/a>&#8222;.<\/p>\n<p>Die 35-J\u00e4hrige wisse die Leistungen und Entbehrungen ihrer Mutter zu sch\u00e4tzen, seit sie selbst Kinder habe, betonte sie. &#8222;Ich hoffe, dass unsere Kinder auch einmal dastehen und sagen: Das war cool, dass sich unsere Eltern immer so viel Zeit genommen haben.&#8220; Von Tochter Matilda, Sohn Leo, Tochter Lotta und Sohn Mats l\u00e4sst sich Miriam Neureuther sicherlich auch geb\u00fchrend zum Muttertag feiern.<\/p>\n","protected":false},"excerpt":{"rendered":"Mit vier Kindern d\u00fcrfte der Alltag von Felix und Miriam Neureuther ziemlich ausgelastet sein. Die ehemaligen Ski-Stars haben&hellip;\n","protected":false},"author":2,"featured_media":1010241,"comment_status":"","ping_status":"","sticky":false,"template":"","format":"standard","meta":{"footnotes":"","_share_on_mastodon":"0"},"categories":[1776],"tags":[1801,29,214,553,46017,30,1114,217580,38453,1802,2045,215],"class_list":["post-1010240","post","type-post","status-publish","format-standard","has-post-thumbnail","category-prominente","tag-celebrities","tag-deutschland","tag-entertainment","tag-familie","tag-felix-neureuther","tag-germany","tag-kinder","tag-miriam-neureuther","tag-muttertag","tag-prominente","tag-promis","tag-unterhaltung"],"share_on_mastodon":{"url":"https:\/\/pubeurope.com\/@de\/116554511550057819","error":""},"_links":{"self":[{"href":"https:\/\/www.europesays.com\/de\/wp-json\/wp\/v2\/posts\/1010240","targetHints":{"allow":["GET"]}}],"collection":[{"href":"https:\/\/www.europesays.com\/de\/wp-json\/wp\/v2\/posts"}],"about":[{"href":"https:\/\/www.europesays.com\/de\/wp-json\/wp\/v2\/types\/post"}],"author":[{"embeddable":true,"href":"https:\/\/www.europesays.com\/de\/wp-json\/wp\/v2\/users\/2"}],"replies":[{"embeddable":true,"href":"https:\/\/www.europesays.com\/de\/wp-json\/wp\/v2\/comments?post=1010240"}],"version-history":[{"count":0,"href":"https:\/\/www.europesays.com\/de\/wp-json\/wp\/v2\/posts\/1010240\/revisions"}],"wp:featuredmedia":[{"embeddable":true,"href":"https:\/\/www.europesays.com\/de\/wp-json\/wp\/v2\/media\/1010241"}],"wp:attachment":[{"href":"https:\/\/www.europesays.com\/de\/wp-json\/wp\/v2\/media?parent=1010240"}],"wp:term":[{"taxonomy":"category","embeddable":true,"href":"https:\/\/www.europesays.com\/de\/wp-json\/wp\/v2\/categories?post=1010240"},{"taxonomy":"post_tag","embeddable":true,"href":"https:\/\/www.europesays.com\/de\/wp-json\/wp\/v2\/tags?post=1010240"}],"curies":[{"name":"wp","href":"https:\/\/api.w.org\/{rel}","templated":true}]}}