{"id":1011566,"date":"2026-05-11T19:08:18","date_gmt":"2026-05-11T19:08:18","guid":{"rendered":"https:\/\/www.europesays.com\/de\/1011566\/"},"modified":"2026-05-11T19:08:18","modified_gmt":"2026-05-11T19:08:18","slug":"wm-2026-trainer-ruecktritt-nach-spielerrevolte-bei-unserem-wm-gegner-sport","status":"publish","type":"post","link":"https:\/\/www.europesays.com\/de\/1011566\/","title":{"rendered":"WM 2026: Trainer-R\u00fccktritt nach Spielerrevolte bei unserem WM-Gegner! | Sport"},"content":{"rendered":"<p><a class=\"skip-content skip-content--link\" href=\"#in-content-skip-link-target-v-0-0\">TTS-Player \u00fcberspringen\u21b5<\/a><a id=\"in-content-skip-link-target-v-0-0\" class=\"skip-content--target-link-hidden skip-content skip-content--target-link\" href=\"#in-content-skip-link-target-v-0-0\">Artikel weiterlesen<\/a><\/p>\n<p><b>Chaos beim deutschen WM-Gegner Cura\u00e7ao! Nur wenige Tage nach dem klaren Bekenntnis zu Nationaltrainer Fred Rutten (63) gibt es beim <\/b><a href=\"https:\/\/www.bild.de\/sport\/fussball\/fifa-wm-2026-QNToDBgFYEJ5vy2KN6mE\" class=\"text-link\" rel=\"nofollow noopener\" target=\"_blank\"><b>WM<\/b><\/a><b>-Neuling die Wende. Nach anhaltendem Druck von Spielern und Sponsoren trat der 63-J\u00e4hrige am Montagabend mit sofortiger Wirkung zur\u00fcck \u2013 nach nur zwei Spielen. Offiziell spricht der Verband von einer einvernehmlichen Trennung, doch hinter den Kulissen brodelte es gewaltig.<\/b><\/p>\n<p>Rutten selbst deutet die Spannungen in der offiziellen Verbandsmitteilung an: \u201eEs darf kein Klima entstehen, das gesunde professionelle Beziehungen innerhalb der Mannschaft und des Trainerteams untergr\u00e4bt. Daher ist es ratsam, zur\u00fcckzutreten.\u201c<\/p>\n<p>Der Grund f\u00fcr das Chaos: Die Mannschaft wollte ihren Erfolgstrainer Dick Advocaat (78) unbedingt zur\u00fcck! Unter dem erfahrenen Holl\u00e4nder hatte sich Cura\u00e7ao sensationell erstmals f\u00fcr eine Weltmeisterschaft qualifiziert. Nach seinem R\u00fccktritt wegen einer Erkrankung seiner Tochter war die Hoffnung auf eine R\u00fcckkehr nie ganz verschwunden.<\/p>\n<p><img decoding=\"async\" width=\"992\" height=\"558\" alt=\"Cura\u00e7ao-Erfolgstrainer Dick Advocaat (78) soll an die Sietenlinie zur\u00fcckkehren\" src=\"https:\/\/www.europesays.com\/de\/wp-content\/uploads\/2026\/05\/94ee79e5c426c3181d6c3c5127ed0382,fb061c14.jpeg\"   class=\"landscape\" loading=\"lazy\"\/><\/p>\n<p class=\"fig__caption__text\">Cura\u00e7ao-Erfolgstrainer Dick Advocaat (78) soll an die Seitenlinie zur\u00fcckkehren<\/p>\n<p>Foto: Getty Images<\/p>\n<p>Auch Sponsoren sollen sich hinter den Wunsch der Spieler gestellt haben. Am Samstag wurde bekannt, dass die t\u00fcrkische Fluggesellschaft Corendon ihr Engagement nach der WM beenden wird. Wie der holl\u00e4ndische Sender \u201eNOS\u201c berichtet, soll Airline-Chef Atilay Uslu (58) gro\u00dfer Fan Advocaats und unzufrieden mit der Entscheidung zugunsten von Rutten sein.<\/p>\n<p>Der Druck auf den Verband wuchs t\u00e4glich. Noch vor wenigen Tagen hatte Verbandspr\u00e4sident Gilbert Martina \u00f6ffentlich betont, dass Rutten das Team bei der WM betreuen werde. Diese Aussage ist nun hinf\u00e4llig. Alles deutet jetzt auf ein spektakul\u00e4res Comeback hin: F\u00fcr Dienstag hat der Verband eine Pressekonferenz angek\u00fcndigt. Holl\u00e4ndische Medien sind sich sicher \u2013 dort wird Advocaat als neuer, alter Nationaltrainer vorgestellt. Eine offizielle Best\u00e4tigung steht jedoch noch aus.<\/p>\n<p>F\u00fcr Advocaat w\u00e4re es ein historischer Auftritt. Mit 78 Jahren w\u00fcrde er zum \u00e4ltesten Trainer der WM-Geschichte werden und Otto Rehhagel (87\/trainierte 2010 mit 72 Jahren Griechenland) abl\u00f6sen. Schon jetzt hat er Geschichte geschrieben, indem er den krassen Au\u00dfenseiter \u00fcberhaupt erst zur Endrunde gef\u00fchrt hat.<\/p>\n<p>F\u00fcr Deutschland bedeutet das: Der erste Gegner bei der WM ist pl\u00f6tzlich wieder anders einzusch\u00e4tzen. Am 14. Juni trifft das DFB-Team auf Cura\u00e7ao \u2013 dann wom\u00f6glich wieder mit dem Architekten des Erfolgs an der Seitenlinie.<\/p>\n","protected":false},"excerpt":{"rendered":"TTS-Player \u00fcberspringen\u21b5Artikel weiterlesen Chaos beim deutschen WM-Gegner Cura\u00e7ao! Nur wenige Tage nach dem klaren Bekenntnis zu Nationaltrainer Fred&hellip;\n","protected":false},"author":2,"featured_media":1011567,"comment_status":"","ping_status":"","sticky":false,"template":"","format":"standard","meta":{"footnotes":"","_share_on_mastodon":"0"},"categories":[136],"tags":[1263,33895,29,123214,347,38029,30,217856,265],"class_list":["post-1011566","post","type-post","status-publish","format-standard","has-post-thumbnail","category-sport","tag-aufmacher-bereich","tag-curacao","tag-deutschland","tag-dick-advocaat","tag-fussball","tag-fussball-wm-2026","tag-germany","tag-rutten-fred","tag-sport"],"share_on_mastodon":{"url":"https:\/\/pubeurope.com\/@de\/116557521074844210","error":""},"_links":{"self":[{"href":"https:\/\/www.europesays.com\/de\/wp-json\/wp\/v2\/posts\/1011566","targetHints":{"allow":["GET"]}}],"collection":[{"href":"https:\/\/www.europesays.com\/de\/wp-json\/wp\/v2\/posts"}],"about":[{"href":"https:\/\/www.europesays.com\/de\/wp-json\/wp\/v2\/types\/post"}],"author":[{"embeddable":true,"href":"https:\/\/www.europesays.com\/de\/wp-json\/wp\/v2\/users\/2"}],"replies":[{"embeddable":true,"href":"https:\/\/www.europesays.com\/de\/wp-json\/wp\/v2\/comments?post=1011566"}],"version-history":[{"count":0,"href":"https:\/\/www.europesays.com\/de\/wp-json\/wp\/v2\/posts\/1011566\/revisions"}],"wp:featuredmedia":[{"embeddable":true,"href":"https:\/\/www.europesays.com\/de\/wp-json\/wp\/v2\/media\/1011567"}],"wp:attachment":[{"href":"https:\/\/www.europesays.com\/de\/wp-json\/wp\/v2\/media?parent=1011566"}],"wp:term":[{"taxonomy":"category","embeddable":true,"href":"https:\/\/www.europesays.com\/de\/wp-json\/wp\/v2\/categories?post=1011566"},{"taxonomy":"post_tag","embeddable":true,"href":"https:\/\/www.europesays.com\/de\/wp-json\/wp\/v2\/tags?post=1011566"}],"curies":[{"name":"wp","href":"https:\/\/api.w.org\/{rel}","templated":true}]}}